{"id":21716,"date":"2025-12-19T16:56:35","date_gmt":"2025-12-19T16:56:35","guid":{"rendered":"https:\/\/diariotiempo.com.uy\/noticias\/?p=21716"},"modified":"2025-12-19T16:56:36","modified_gmt":"2025-12-19T16:56:36","slug":"liga-de-fomento-de-atlantida-realizo-brindis-de-fin-de-ano-sumando-nuevos-socios","status":"publish","type":"post","link":"https:\/\/diariotiempo.com.uy\/noticias\/2025\/12\/19\/liga-de-fomento-de-atlantida-realizo-brindis-de-fin-de-ano-sumando-nuevos-socios\/","title":{"rendered":"Liga de Fomento de Atl\u00e1ntida realiz\u00f3 brindis de fin de a\u00f1o, sumando nuevos socios"},"content":{"rendered":"\n<figure class=\"wp-block-gallery has-nested-images columns-default is-cropped wp-block-gallery-1 is-layout-flex wp-block-gallery-is-layout-flex\">\n<figure class=\"wp-block-image size-large\"><img loading=\"lazy\" decoding=\"async\" width=\"641\" height=\"394\" data-id=\"21717\" src=\"https:\/\/diariotiempo.com.uy\/noticias\/wp-content\/uploads\/2025\/12\/lifa-socios.jpg\" alt=\"\" class=\"wp-image-21717\" srcset=\"https:\/\/diariotiempo.com.uy\/noticias\/wp-content\/uploads\/2025\/12\/lifa-socios.jpg 641w, https:\/\/diariotiempo.com.uy\/noticias\/wp-content\/uploads\/2025\/12\/lifa-socios-300x184.jpg 300w\" sizes=\"auto, (max-width: 641px) 100vw, 641px\" \/><\/figure>\n<\/figure>\n\n\n\n<p>El pasado viernes 12 de diciembre la Liga de Fomento de Atl\u00e1ntida realiz\u00f3 el tradicional brindis de fin de a\u00f1o en el Rinc\u00f3n Criollo.Sus integrantes la describen como \u00a0una instancia que permiti\u00f3 \u00ab&#8230;reencontrarnos, compartir lo realizado a lo largo del a\u00f1o y reafirmar los objetivos que, sin dudas, podremos seguir alcanzando unidos&#8230;\u00bb, el brindis estuvo a cargo de Milton Franco.El presidente, Daniel Cervini, dijo se trat\u00f3 de un a\u00f1o de mucho trabajo y muchas realizaciones, defini\u00f3 al 2025 como un a\u00f1o de paz y tranquilidad, en un octavo a\u00f1o de gesti\u00f3n, donde la Sede est\u00e1 pr\u00e1cticamente toda terminada. Los grandes temas hoy la LIFA, dijo \u00a0no est\u00e1n relacionados a la sede sino al progreso de la ciudad y bienestar de sus habitantes, el saneamiento, puerto, movilidad (ruta 11, interbalnearia), falta de fuentes de trabajo.En cuanto al saneamiento explic\u00f3 que se har\u00e1 de un s\u00e9ptimo u octavo de Atl\u00e1ntida.Queda el puerto, que se est\u00e1 trabajando, las mediciones est\u00e1n hechas, hay proyectos de privados, falta la decisi\u00f3n pol\u00edtica que esperan se d\u00e9, se tratar\u00eda de un puerto deportivo, de pesca, para reparar barcos, y no casino y hotel 5 estrellas, es de necesidad y justicia que Canelones tenga un puerto constru\u00eddo por el Estado, siendo optimistas para llegar a concretarlo.<\/p>\n\n\n\n<p>La movilidad tambi\u00e9n es un tema que preocupa, la ruta 11 urge que sea doble v\u00eda y parece est\u00e1 aprobado de la 8 hasta Atl\u00e1ntida, en cuanto a la Interbalnearia se necesitan mas cruces como el de Parque del Plata. \u00a0Destac\u00f3 el crecimiento de la poblaci\u00f3n, dijo que no hay industrias, y que el turismo ya no es un rubro de trabajo tan relevante como antes debiendo generase fuentes de trabajo para todas las personas que se est\u00e1n afincando.La Liga de Fomento va por el lado de fomentar el progreso de la zona y las mejores condiciones de vida para sus habitantes.<\/p>\n\n\n\n<p>Danilo Diaz el m\u00e1s antiguo presidente de LIFA con nuestro Director Daniel Mesa, el reencuentro permiti\u00f3 a ambos sobre el directorio de COPSA, los amigos del directorio de COPSA y del taller de COPSA de Pando, as\u00ed como de la actividad de a\u00f1os pasados de la LIFA<\/p>\n\n\n\n<figure class=\"wp-block-image aligncenter size-large\"><img loading=\"lazy\" decoding=\"async\" width=\"576\" height=\"1024\" src=\"https:\/\/diariotiempo.com.uy\/noticias\/wp-content\/uploads\/2025\/12\/lifa-daniel-576x1024.jpg\" alt=\"\" class=\"wp-image-21718\" srcset=\"https:\/\/diariotiempo.com.uy\/noticias\/wp-content\/uploads\/2025\/12\/lifa-daniel-576x1024.jpg 576w, https:\/\/diariotiempo.com.uy\/noticias\/wp-content\/uploads\/2025\/12\/lifa-daniel-169x300.jpg 169w, https:\/\/diariotiempo.com.uy\/noticias\/wp-content\/uploads\/2025\/12\/lifa-daniel.jpg 700w\" sizes=\"auto, (max-width: 576px) 100vw, 576px\" \/><\/figure>\n","protected":false},"excerpt":{"rendered":"<p>El pasado viernes 12 de diciembre la Liga de Fomento de Atl\u00e1ntida realiz\u00f3 el tradicional&#8230;<\/p>\n","protected":false},"author":1,"featured_media":21717,"comment_status":"closed","ping_status":"closed","sticky":false,"template":"","format":"standard","meta":{"_monsterinsights_skip_tracking":false,"_monsterinsights_sitenote_active":false,"_monsterinsights_sitenote_note":"","_monsterinsights_sitenote_category":0,"footnotes":""},"categories":[11],"tags":[],"class_list":["post-21716","post","type-post","status-publish","format-standard","has-post-thumbnail","hentry","category-noticia-destacada"],"featured_image_urls":{"full":["https:\/\/diariotiempo.com.uy\/noticias\/wp-content\/uploads\/2025\/12\/lifa-socios.jpg",641,394,false],"thumbnail":["https:\/\/diariotiempo.com.uy\/noticias\/wp-content\/uploads\/2025\/12\/lifa-socios-150x150.jpg",150,150,true],"medium":["https:\/\/diariotiempo.com.uy\/noticias\/wp-content\/uploads\/2025\/12\/lifa-socios-300x184.jpg",300,184,true],"medium_large":["https:\/\/diariotiempo.com.uy\/noticias\/wp-content\/uploads\/2025\/12\/lifa-socios.jpg",640,393,false],"large":["https:\/\/diariotiempo.com.uy\/noticias\/wp-content\/uploads\/2025\/12\/lifa-socios.jpg",640,393,false],"rpg_gallery_admin_thumb":["https:\/\/diariotiempo.com.uy\/noticias\/wp-content\/uploads\/2025\/12\/lifa-socios-150x150.jpg",150,150,true],"rpg_gallery_thumb":["https:\/\/diariotiempo.com.uy\/noticias\/wp-content\/uploads\/2025\/12\/lifa-socios-150x150.jpg",150,150,true],"1536x1536":["https:\/\/diariotiempo.com.uy\/noticias\/wp-content\/uploads\/2025\/12\/lifa-socios.jpg",641,394,false],"2048x2048":["https:\/\/diariotiempo.com.uy\/noticias\/wp-content\/uploads\/2025\/12\/lifa-socios.jpg",641,394,false],"covernews-slider-full":["https:\/\/diariotiempo.com.uy\/noticias\/wp-content\/uploads\/2025\/12\/lifa-socios.jpg",641,394,false],"covernews-slider-center":["https:\/\/diariotiempo.com.uy\/noticias\/wp-content\/uploads\/2025\/12\/lifa-socios.jpg",641,394,false],"covernews-featured":["https:\/\/diariotiempo.com.uy\/noticias\/wp-content\/uploads\/2025\/12\/lifa-socios.jpg",641,394,false],"covernews-medium":["https:\/\/diariotiempo.com.uy\/noticias\/wp-content\/uploads\/2025\/12\/lifa-socios-540x340.jpg",540,340,true],"covernews-medium-square":["https:\/\/diariotiempo.com.uy\/noticias\/wp-content\/uploads\/2025\/12\/lifa-socios-400x250.jpg",400,250,true]},"author_info":{"display_name":"diario","author_link":"https:\/\/diariotiempo.com.uy\/noticias\/author\/diario\/"},"category_info":"<a href=\"https:\/\/diariotiempo.com.uy\/noticias\/category\/noticia-destacada\/\" rel=\"category tag\">NOTICIA DESTACADA<\/a>","tag_info":"NOTICIA DESTACADA","comment_count":"0","_links":{"self":[{"href":"https:\/\/diariotiempo.com.uy\/noticias\/wp-json\/wp\/v2\/posts\/21716","targetHints":{"allow":["GET"]}}],"collection":[{"href":"https:\/\/diariotiempo.com.uy\/noticias\/wp-json\/wp\/v2\/posts"}],"about":[{"href":"https:\/\/diariotiempo.com.uy\/noticias\/wp-json\/wp\/v2\/types\/post"}],"author":[{"embeddable":true,"href":"https:\/\/diariotiempo.com.uy\/noticias\/wp-json\/wp\/v2\/users\/1"}],"replies":[{"embeddable":true,"href":"https:\/\/diariotiempo.com.uy\/noticias\/wp-json\/wp\/v2\/comments?post=21716"}],"version-history":[{"count":1,"href":"https:\/\/diariotiempo.com.uy\/noticias\/wp-json\/wp\/v2\/posts\/21716\/revisions"}],"predecessor-version":[{"id":21719,"href":"https:\/\/diariotiempo.com.uy\/noticias\/wp-json\/wp\/v2\/posts\/21716\/revisions\/21719"}],"wp:featuredmedia":[{"embeddable":true,"href":"https:\/\/diariotiempo.com.uy\/noticias\/wp-json\/wp\/v2\/media\/21717"}],"wp:attachment":[{"href":"https:\/\/diariotiempo.com.uy\/noticias\/wp-json\/wp\/v2\/media?parent=21716"}],"wp:term":[{"taxonomy":"category","embeddable":true,"href":"https:\/\/diariotiempo.com.uy\/noticias\/wp-json\/wp\/v2\/categories?post=21716"},{"taxonomy":"post_tag","embeddable":true,"href":"https:\/\/diariotiempo.com.uy\/noticias\/wp-json\/wp\/v2\/tags?post=21716"}],"curies":[{"name":"wp","href":"https:\/\/api.w.org\/{rel}","templated":true}]}}