{"id":21735,"date":"2025-12-19T17:11:02","date_gmt":"2025-12-19T17:11:02","guid":{"rendered":"https:\/\/diariotiempo.com.uy\/noticias\/?p=21735"},"modified":"2025-12-19T17:11:04","modified_gmt":"2025-12-19T17:11:04","slug":"comienza-el-verano-y-junto-a-el-el-programa-mar-al-alcance","status":"publish","type":"post","link":"https:\/\/diariotiempo.com.uy\/noticias\/2025\/12\/19\/comienza-el-verano-y-junto-a-el-el-programa-mar-al-alcance\/","title":{"rendered":"Comienza el verano y junto a \u00e9l, el programa Mar al Alcance"},"content":{"rendered":"\n<figure class=\"wp-block-image size-full\"><img loading=\"lazy\" decoding=\"async\" width=\"900\" height=\"600\" src=\"https:\/\/diariotiempo.com.uy\/noticias\/wp-content\/uploads\/2025\/12\/mar.jpg\" alt=\"\" class=\"wp-image-21736\" srcset=\"https:\/\/diariotiempo.com.uy\/noticias\/wp-content\/uploads\/2025\/12\/mar.jpg 900w, https:\/\/diariotiempo.com.uy\/noticias\/wp-content\/uploads\/2025\/12\/mar-300x200.jpg 300w, https:\/\/diariotiempo.com.uy\/noticias\/wp-content\/uploads\/2025\/12\/mar-768x512.jpg 768w\" sizes=\"auto, (max-width: 900px) 100vw, 900px\" \/><\/figure>\n\n\n\n<p>Este martes 23 de diciembre comienza a funcionar el programa de verano Mar al Alcance, que tiene como objetivo asegurar el disfrute del mar para todas las personas con discapacidad y adultos mayores, a trav\u00e9s de sillas anfibias y personal capacitado que asiste a las personas para ingresar al agua y realizar actividades recreativas ydeportivas.<\/p>\n\n\n\n<p>El programa, impulsado desde el \u00c1rea de Discapacidad \u2014a cargo de Mart\u00edn Nieves\u2014 y la Direcci\u00f3n General de Deportes, funcionar\u00e1 en la Bajada 25 de Solymar, la Bajada \u00c1rbol de Jud\u00eda en Atl\u00e1ntida y la Bajada Accesible frente al Hotel Vista en La Floresta. Seg\u00fan el director del \u00c1rea Deportiva del gobierno departamental, Fernando Trujillo, las bajadas contar\u00e1n con promotores deportivos y profesores de educaci\u00f3n f\u00edsica, que asistir\u00e1n a las personas mayores o con discapacidad. Atl\u00e1ntida y Solymar tendr\u00e1n cuatro promotores, mientras que La Floresta contar\u00e1 con dos.<\/p>\n\n\n\n<p>D\u00edas y horarios de funcionamiento del programa Bajada 25, Solymar &#8211; Mi\u00e9rcoles y viernes de 8:00 a 12:00 horas. \u00c1rbol de Judea, Atl\u00e1ntida &#8211; Martes y jueves de de 8:00 a 12:00 horas. Bajada Accesible, La Floresta &#8211; Mi\u00e9rcoles y viernes de 8:30 a 11:30 horas. Fuera de los horarios en los que se encuentren los promotores, las sillas anfibias estar\u00e1n disponibles para el uso de las personas que lo necesiten. En Solymar quedar\u00e1 en el parador La Dorada; en Atl\u00e1ntida, en el parador de la Bajada \u00c1rbol de Judea; y en La Floresta, quedar\u00e1 en el Hotel Vista. Para todos los casos, solo se necesita solicitar en el lugar el uso de la silla.\u00a0<\/p>\n\n\n\n<p><\/p>\n","protected":false},"excerpt":{"rendered":"<p>Este martes 23 de diciembre comienza a funcionar el programa de verano Mar al Alcance,&#8230;<\/p>\n","protected":false},"author":1,"featured_media":21736,"comment_status":"closed","ping_status":"closed","sticky":false,"template":"","format":"standard","meta":{"_monsterinsights_skip_tracking":false,"_monsterinsights_sitenote_active":false,"_monsterinsights_sitenote_note":"","_monsterinsights_sitenote_category":0,"footnotes":""},"categories":[20],"tags":[],"class_list":["post-21735","post","type-post","status-publish","format-standard","has-post-thumbnail","hentry","category-costa-de-oro"],"featured_image_urls":{"full":["https:\/\/diariotiempo.com.uy\/noticias\/wp-content\/uploads\/2025\/12\/mar.jpg",900,600,false],"thumbnail":["https:\/\/diariotiempo.com.uy\/noticias\/wp-content\/uploads\/2025\/12\/mar-150x150.jpg",150,150,true],"medium":["https:\/\/diariotiempo.com.uy\/noticias\/wp-content\/uploads\/2025\/12\/mar-300x200.jpg",300,200,true],"medium_large":["https:\/\/diariotiempo.com.uy\/noticias\/wp-content\/uploads\/2025\/12\/mar-768x512.jpg",640,427,true],"large":["https:\/\/diariotiempo.com.uy\/noticias\/wp-content\/uploads\/2025\/12\/mar.jpg",640,427,false],"rpg_gallery_admin_thumb":["https:\/\/diariotiempo.com.uy\/noticias\/wp-content\/uploads\/2025\/12\/mar-150x150.jpg",150,150,true],"rpg_gallery_thumb":["https:\/\/diariotiempo.com.uy\/noticias\/wp-content\/uploads\/2025\/12\/mar-150x150.jpg",150,150,true],"1536x1536":["https:\/\/diariotiempo.com.uy\/noticias\/wp-content\/uploads\/2025\/12\/mar.jpg",900,600,false],"2048x2048":["https:\/\/diariotiempo.com.uy\/noticias\/wp-content\/uploads\/2025\/12\/mar.jpg",900,600,false],"covernews-slider-full":["https:\/\/diariotiempo.com.uy\/noticias\/wp-content\/uploads\/2025\/12\/mar.jpg",900,600,false],"covernews-slider-center":["https:\/\/diariotiempo.com.uy\/noticias\/wp-content\/uploads\/2025\/12\/mar-800x500.jpg",800,500,true],"covernews-featured":["https:\/\/diariotiempo.com.uy\/noticias\/wp-content\/uploads\/2025\/12\/mar.jpg",900,600,false],"covernews-medium":["https:\/\/diariotiempo.com.uy\/noticias\/wp-content\/uploads\/2025\/12\/mar-540x340.jpg",540,340,true],"covernews-medium-square":["https:\/\/diariotiempo.com.uy\/noticias\/wp-content\/uploads\/2025\/12\/mar-400x250.jpg",400,250,true]},"author_info":{"display_name":"diario","author_link":"https:\/\/diariotiempo.com.uy\/noticias\/author\/diario\/"},"category_info":"<a href=\"https:\/\/diariotiempo.com.uy\/noticias\/category\/departamental\/costa-de-oro\/\" rel=\"category tag\">Costa de Oro<\/a>","tag_info":"Costa de Oro","comment_count":"0","_links":{"self":[{"href":"https:\/\/diariotiempo.com.uy\/noticias\/wp-json\/wp\/v2\/posts\/21735","targetHints":{"allow":["GET"]}}],"collection":[{"href":"https:\/\/diariotiempo.com.uy\/noticias\/wp-json\/wp\/v2\/posts"}],"about":[{"href":"https:\/\/diariotiempo.com.uy\/noticias\/wp-json\/wp\/v2\/types\/post"}],"author":[{"embeddable":true,"href":"https:\/\/diariotiempo.com.uy\/noticias\/wp-json\/wp\/v2\/users\/1"}],"replies":[{"embeddable":true,"href":"https:\/\/diariotiempo.com.uy\/noticias\/wp-json\/wp\/v2\/comments?post=21735"}],"version-history":[{"count":1,"href":"https:\/\/diariotiempo.com.uy\/noticias\/wp-json\/wp\/v2\/posts\/21735\/revisions"}],"predecessor-version":[{"id":21737,"href":"https:\/\/diariotiempo.com.uy\/noticias\/wp-json\/wp\/v2\/posts\/21735\/revisions\/21737"}],"wp:featuredmedia":[{"embeddable":true,"href":"https:\/\/diariotiempo.com.uy\/noticias\/wp-json\/wp\/v2\/media\/21736"}],"wp:attachment":[{"href":"https:\/\/diariotiempo.com.uy\/noticias\/wp-json\/wp\/v2\/media?parent=21735"}],"wp:term":[{"taxonomy":"category","embeddable":true,"href":"https:\/\/diariotiempo.com.uy\/noticias\/wp-json\/wp\/v2\/categories?post=21735"},{"taxonomy":"post_tag","embeddable":true,"href":"https:\/\/diariotiempo.com.uy\/noticias\/wp-json\/wp\/v2\/tags?post=21735"}],"curies":[{"name":"wp","href":"https:\/\/api.w.org\/{rel}","templated":true}]}}