{"id":21738,"date":"2025-12-19T17:12:54","date_gmt":"2025-12-19T17:12:54","guid":{"rendered":"https:\/\/diariotiempo.com.uy\/noticias\/?p=21738"},"modified":"2025-12-19T17:12:56","modified_gmt":"2025-12-19T17:12:56","slug":"intendente-anuncio-obras-para-2026-y-prorroga-para-regularizar-contribucion","status":"publish","type":"post","link":"https:\/\/diariotiempo.com.uy\/noticias\/2025\/12\/19\/intendente-anuncio-obras-para-2026-y-prorroga-para-regularizar-contribucion\/","title":{"rendered":"Intendente anunci\u00f3 obras para 2026 y pr\u00f3rroga para regularizar contribuci\u00f3n"},"content":{"rendered":"\n<figure class=\"wp-block-gallery has-nested-images columns-default is-cropped wp-block-gallery-1 is-layout-flex wp-block-gallery-is-layout-flex\">\n<figure class=\"wp-block-image size-large\"><img loading=\"lazy\" decoding=\"async\" width=\"700\" height=\"467\" data-id=\"21739\" src=\"https:\/\/diariotiempo.com.uy\/noticias\/wp-content\/uploads\/2025\/12\/1-1.jpg\" alt=\"\" class=\"wp-image-21739\" srcset=\"https:\/\/diariotiempo.com.uy\/noticias\/wp-content\/uploads\/2025\/12\/1-1.jpg 700w, https:\/\/diariotiempo.com.uy\/noticias\/wp-content\/uploads\/2025\/12\/1-1-300x200.jpg 300w\" sizes=\"auto, (max-width: 700px) 100vw, 700px\" \/><\/figure>\n\n\n\n<figure class=\"wp-block-image size-large\"><img loading=\"lazy\" decoding=\"async\" width=\"700\" height=\"467\" data-id=\"21740\" src=\"https:\/\/diariotiempo.com.uy\/noticias\/wp-content\/uploads\/2025\/12\/2.jpg\" alt=\"\" class=\"wp-image-21740\" srcset=\"https:\/\/diariotiempo.com.uy\/noticias\/wp-content\/uploads\/2025\/12\/2.jpg 700w, https:\/\/diariotiempo.com.uy\/noticias\/wp-content\/uploads\/2025\/12\/2-300x200.jpg 300w\" sizes=\"auto, (max-width: 700px) 100vw, 700px\" \/><\/figure>\n<\/figure>\n\n\n\n<p>En un encuentro realizado en el Aeropuerto Internacional de Carrasco bajo la organizaci\u00f3n de Somos Uruguay, el intendente de Canelones, Francisco Legnani, expuso los principales ejes de la gesti\u00f3n departamental, anunci\u00f3 nuevas medidas vinculadas a la innovaci\u00f3n, adelant\u00f3 la ampliaci\u00f3n de la Agencia de Promoci\u00f3n a la Inversi\u00f3n, la incorporaci\u00f3n de infraestructura tecnol\u00f3gica en el territorio y confirm\u00f3 el inicio de obras en los diferentes municipios a partir del primer trimestre de 2026. Adem\u00e1s, adelant\u00f3 que el plan de regularizaci\u00f3n de deuda de contribuci\u00f3n inmobiliaria ser\u00e1 extendido por seis meses m\u00e1s.La convocatoria se llev\u00f3 a cabo en la ma\u00f1ana del martes 16 de diciembre y reuni\u00f3 a referentes del \u00e1mbito empresarial, representantes de instituciones p\u00fablicas y privadas, as\u00ed como integrantes del equipo del gobierno departamental. Tras su exposici\u00f3n, el jerarca respondi\u00f3 preguntas formuladas por los presentes, que manifestaron especial inter\u00e9s por los anuncios realizados y por distintos aspectos vinculados a la gesti\u00f3n, la inversi\u00f3n y los principales desaf\u00edos.Durante su presentaci\u00f3n, Legnani realiz\u00f3 un repaso general de las caracter\u00edsticas del departamento y del proceso de crecimiento registrado en los \u00faltimos a\u00f1os y puso el acento en el aporte que Canelones puede realizar al desarrollo econ\u00f3mico del pa\u00eds. En ese sentido, afirm\u00f3 que \u201cla gente ha elegido Canelones para venir a vivir, para venir a invertir y para venir a trabajar\u201d, y vincul\u00f3 ese proceso al crecimiento del empleo formal y a la llegada de nuevas inversiones.Destac\u00f3 que, en el \u00faltimo quinquenio, el departamento canario fue el que m\u00e1s nuevos cotizantes aport\u00f3 al BPS en Uruguay, con 26.300 incorporaciones, y remarc\u00f3 que ese crecimiento plantea nuevos desaf\u00edos para la planificaci\u00f3n de obras, servicios y movilidad.<\/p>\n\n\n\n<p><strong>Inversi\u00f3n y promoci\u00f3n<\/strong><\/p>\n\n\n\n<p>Uno de los ejes centrales de la exposici\u00f3n estuvo vinculado a la inversi\u00f3n privada y a la promoci\u00f3n del desarrollo productivo. Al referirse a la Agencia de Promoci\u00f3n a la Inversi\u00f3n, Legnani explic\u00f3 que fue creada para ordenar y agilizar el ingreso de proyectos, funcionando como una ventanilla \u00fanica dentro de la administraci\u00f3n departamental. Seg\u00fan indic\u00f3, desde su creaci\u00f3n se captaron m\u00e1s de U$S 6.000.000.000 de inversi\u00f3n privada en el departamento.En ese marco, vincul\u00f3 esos datos con los objetivos de crecimiento nacional. Afirm\u00f3 que \u201ccuando el ministro de Econom\u00eda habla de que Uruguay necesita U$S 16.000.000.000 para crecer en este quinquenio, vaya si Canelones tendr\u00e1 la potencialidad como para aportar gran parte de esa suma\u201d. Como parte de ese proceso, anunci\u00f3 la ampliaci\u00f3n de la Agencia de Promoci\u00f3n a la Inversi\u00f3n con la apertura de una segunda oficina en el eje de Ruta 5, orientada a acompa\u00f1ar el desarrollo de una de las zonas de mayor dinamismo econ\u00f3mico.En relaci\u00f3n a la infraestructura, el Intendente repas\u00f3 que en el per\u00edodo anterior se ejecutaron 300 obras y se pavimentaron 400 kil\u00f3metros de calles, al tiempo que adelant\u00f3 que las obras financiadas a trav\u00e9s del fideicomiso recientemente aprobado por la Junta Departamental comenzar\u00e1n a desplegarse a partir del primer trimestre de 2026 en los distintos municipios del departamento.Record\u00f3 que el monto a ejecutar mediante ese instrumento financiero asciende a U$S 95.000.000, de los que se destinar\u00e1n U$S 50.000.000 al saneamiento de Atl\u00e1ntida, U$S 35.000.000 a obras viales en los restantes municipios y U$S 10.000.000 a la compra de maquinaria para la operativa de la Direcci\u00f3n General de Obras. Al referirse al saneamiento del principal balneario, sostuvo que \u201cAtl\u00e1ntida hoy no banca la poblaci\u00f3n que tiene con el saneamiento que tiene, mucho menos en los veranos\u201d, y explic\u00f3 que esa situaci\u00f3n hab\u00eda limitado la aprobaci\u00f3n de proyectos de inversi\u00f3n en la zona.Legnani se\u00f1al\u00f3 que el crecimiento del departamento requiere no solo inversi\u00f3n y obras, sino tambi\u00e9n innovaci\u00f3n en la gesti\u00f3n. <\/p>\n\n\n\n<p>En tal sentido, reconoci\u00f3 que uno de los desaf\u00edos centrales de este nuevo per\u00edodo de Gobierno Departamental es reducir los tiempos de los tr\u00e1mites administrativos. All\u00ed se detuvo para mencionar los importantes avances alcanzados con los tr\u00e1mites en l\u00ednea, as\u00ed como la incorporaci\u00f3n de herramientas tecnol\u00f3gicas para agilizar procesos, especialmente en \u00e1reas vinculadas a permisos de construcci\u00f3n.En el territorio, anunci\u00f3 la incorporaci\u00f3n de infraestructura tecnol\u00f3gica. Inform\u00f3 que se ha presentado una licitaci\u00f3n para la construcci\u00f3n de 400 refugios peatonales inteligentes, antivand\u00e1licos, con bot\u00f3n de p\u00e1nico y c\u00e1maras conectadas al centro de monitoreo, as\u00ed como la ampliaci\u00f3n del sistema de videovigilancia, que prev\u00e9 la incorporaci\u00f3n de 1.200 c\u00e1maras adicionales, a solicitud del Ministerio del Interior.Durante el intercambio con los asistentes, el Intendente adelant\u00f3 que el plan de regularizaci\u00f3n de deuda de contribuci\u00f3n inmobiliaria, que permite convenios de pago de hasta 60 cuotas sin multas ni recargos, ser\u00e1 prorrogado por seis meses, durante el primer semestre de 2026. Seg\u00fan indic\u00f3, la morosidad se ubica actualmente en 32,95 %, con mayor incidencia en los padrones de menor aforo, por lo que asegur\u00f3 que esta medida apunta a facilitar la regularizaci\u00f3n para reducir ese guarismo.<\/p>\n","protected":false},"excerpt":{"rendered":"<p>En un encuentro realizado en el Aeropuerto Internacional de Carrasco bajo la organizaci\u00f3n de Somos&#8230;<\/p>\n","protected":false},"author":1,"featured_media":21740,"comment_status":"closed","ping_status":"closed","sticky":false,"template":"","format":"standard","meta":{"_monsterinsights_skip_tracking":false,"_monsterinsights_sitenote_active":false,"_monsterinsights_sitenote_note":"","_monsterinsights_sitenote_category":0,"footnotes":""},"categories":[4],"tags":[],"class_list":["post-21738","post","type-post","status-publish","format-standard","has-post-thumbnail","hentry","category-departamental"],"featured_image_urls":{"full":["https:\/\/diariotiempo.com.uy\/noticias\/wp-content\/uploads\/2025\/12\/2.jpg",700,467,false],"thumbnail":["https:\/\/diariotiempo.com.uy\/noticias\/wp-content\/uploads\/2025\/12\/2-150x150.jpg",150,150,true],"medium":["https:\/\/diariotiempo.com.uy\/noticias\/wp-content\/uploads\/2025\/12\/2-300x200.jpg",300,200,true],"medium_large":["https:\/\/diariotiempo.com.uy\/noticias\/wp-content\/uploads\/2025\/12\/2.jpg",640,427,false],"large":["https:\/\/diariotiempo.com.uy\/noticias\/wp-content\/uploads\/2025\/12\/2.jpg",640,427,false],"rpg_gallery_admin_thumb":["https:\/\/diariotiempo.com.uy\/noticias\/wp-content\/uploads\/2025\/12\/2-150x150.jpg",150,150,true],"rpg_gallery_thumb":["https:\/\/diariotiempo.com.uy\/noticias\/wp-content\/uploads\/2025\/12\/2-150x150.jpg",150,150,true],"1536x1536":["https:\/\/diariotiempo.com.uy\/noticias\/wp-content\/uploads\/2025\/12\/2.jpg",700,467,false],"2048x2048":["https:\/\/diariotiempo.com.uy\/noticias\/wp-content\/uploads\/2025\/12\/2.jpg",700,467,false],"covernews-slider-full":["https:\/\/diariotiempo.com.uy\/noticias\/wp-content\/uploads\/2025\/12\/2.jpg",700,467,false],"covernews-slider-center":["https:\/\/diariotiempo.com.uy\/noticias\/wp-content\/uploads\/2025\/12\/2.jpg",700,467,false],"covernews-featured":["https:\/\/diariotiempo.com.uy\/noticias\/wp-content\/uploads\/2025\/12\/2.jpg",700,467,false],"covernews-medium":["https:\/\/diariotiempo.com.uy\/noticias\/wp-content\/uploads\/2025\/12\/2-540x340.jpg",540,340,true],"covernews-medium-square":["https:\/\/diariotiempo.com.uy\/noticias\/wp-content\/uploads\/2025\/12\/2-400x250.jpg",400,250,true]},"author_info":{"display_name":"diario","author_link":"https:\/\/diariotiempo.com.uy\/noticias\/author\/diario\/"},"category_info":"<a href=\"https:\/\/diariotiempo.com.uy\/noticias\/category\/departamental\/\" rel=\"category tag\">DEPARTAMENTAL<\/a>","tag_info":"DEPARTAMENTAL","comment_count":"0","_links":{"self":[{"href":"https:\/\/diariotiempo.com.uy\/noticias\/wp-json\/wp\/v2\/posts\/21738","targetHints":{"allow":["GET"]}}],"collection":[{"href":"https:\/\/diariotiempo.com.uy\/noticias\/wp-json\/wp\/v2\/posts"}],"about":[{"href":"https:\/\/diariotiempo.com.uy\/noticias\/wp-json\/wp\/v2\/types\/post"}],"author":[{"embeddable":true,"href":"https:\/\/diariotiempo.com.uy\/noticias\/wp-json\/wp\/v2\/users\/1"}],"replies":[{"embeddable":true,"href":"https:\/\/diariotiempo.com.uy\/noticias\/wp-json\/wp\/v2\/comments?post=21738"}],"version-history":[{"count":1,"href":"https:\/\/diariotiempo.com.uy\/noticias\/wp-json\/wp\/v2\/posts\/21738\/revisions"}],"predecessor-version":[{"id":21741,"href":"https:\/\/diariotiempo.com.uy\/noticias\/wp-json\/wp\/v2\/posts\/21738\/revisions\/21741"}],"wp:featuredmedia":[{"embeddable":true,"href":"https:\/\/diariotiempo.com.uy\/noticias\/wp-json\/wp\/v2\/media\/21740"}],"wp:attachment":[{"href":"https:\/\/diariotiempo.com.uy\/noticias\/wp-json\/wp\/v2\/media?parent=21738"}],"wp:term":[{"taxonomy":"category","embeddable":true,"href":"https:\/\/diariotiempo.com.uy\/noticias\/wp-json\/wp\/v2\/categories?post=21738"},{"taxonomy":"post_tag","embeddable":true,"href":"https:\/\/diariotiempo.com.uy\/noticias\/wp-json\/wp\/v2\/tags?post=21738"}],"curies":[{"name":"wp","href":"https:\/\/api.w.org\/{rel}","templated":true}]}}