{"id":21751,"date":"2025-12-19T17:21:45","date_gmt":"2025-12-19T17:21:45","guid":{"rendered":"https:\/\/diariotiempo.com.uy\/noticias\/?p=21751"},"modified":"2025-12-19T17:21:46","modified_gmt":"2025-12-19T17:21:46","slug":"san-luis-jazz-musica-en-movimiento-vuelve-a-encender-la-costa-de-oro","status":"publish","type":"post","link":"https:\/\/diariotiempo.com.uy\/noticias\/2025\/12\/19\/san-luis-jazz-musica-en-movimiento-vuelve-a-encender-la-costa-de-oro\/","title":{"rendered":"San Luis Jazz \u2013 M\u00fasica en Movimiento vuelve a encender la Costa de Oro"},"content":{"rendered":"\n<figure class=\"wp-block-image size-full\"><img loading=\"lazy\" decoding=\"async\" width=\"900\" height=\"539\" src=\"https:\/\/diariotiempo.com.uy\/noticias\/wp-content\/uploads\/2025\/12\/jazz.jpg\" alt=\"\" class=\"wp-image-21752\" srcset=\"https:\/\/diariotiempo.com.uy\/noticias\/wp-content\/uploads\/2025\/12\/jazz.jpg 900w, https:\/\/diariotiempo.com.uy\/noticias\/wp-content\/uploads\/2025\/12\/jazz-300x180.jpg 300w, https:\/\/diariotiempo.com.uy\/noticias\/wp-content\/uploads\/2025\/12\/jazz-768x460.jpg 768w\" sizes=\"auto, (max-width: 900px) 100vw, 900px\" \/><\/figure>\n\n\n\n<p>San Luis Jazz \u2013 M\u00fasica en Movimiento vuelve a encender la Costa de Oro con un verano a pura m\u00fasica. El proyecto, activo todo el a\u00f1o y convertido en un movimiento cultural que crece, presenta un ciclo vibrante con m\u00e1s de 20 conciertos gratuitos, feria de artesanos y jam session al final de cada concierto en el Espacio Amor de Mar. Tres meses de m\u00fasica en vivo, calentando los motores para la 2.\u00aa edici\u00f3n del Festival San Luis Jazz, el 24 de enero. \u00a1Trae tu silla y venite a disfrutar! &nbsp;Como reconocimiento a este impulso colectivo, la propuesta cuenta con la Declaratoria de Inter\u00e9s Cultural del MEC y el apoyo del Gobierno de Canelones.<\/p>\n\n\n\n<p>Viernes 19 de diciembre \u00b7 21 hs \u00b7Entrada libre Terminamos la semana con Guille Barrios Proyect, formando con Guille Barrios (Guitarra Percusi\u00f3n y Voz) junto a Mario Cazeneuve (teclado y voz) + artistas invitados. Proponen un espect\u00e1culo con canciones propias y versiones del \u00faltimo disco \u201cTodo es Candombe\u201d, donde se explora la fusi\u00f3n de jazz y ritmos del R\u00edo de la Plata.<\/p>\n\n\n\n<p>S\u00e1bado 27 de diciembre \u00b7 21 hs \u00b7 \u00b7 Entrada libreCerramos el 2025 con el lujo de tener a Jorge Schellemberg en formato \u00edntimo acompa\u00f1ado de Marcos Mateauda. Una gran oportunidad para ver de cerca a uno de los grandes referentes de la m\u00fasica uruguaya con una trayectoria de cuatro d\u00e9cadas sobre los escenarios. Un concierto a dos guitarras y tambor, donde conviven composiciones propias y algunas versiones de cl\u00e1sicos del cancionero popular como Eduardo Mateo y Alfredo Zitarrosa. Festival San Luis Jazz \u2013 2.\u00aa edici\u00f3n<\/p>\n\n\n\n<p>S\u00e1bado 24 de enero \u00b7 21 h \u00b7Liga de Fomento de San Luis \u00b7Entrada libreCon M\u00fasica Ef\u00edmera, La Ventolera y Carlos \u201cNegro\u201d Aguirre, una de las noches m\u00e1s esperadas del verano.Informaci\u00f3n: Lugar: Espacio Amor de Mar \u2013 Bajada Olimpo, San Luis, Entrada: Libre, Organiza: San Luis Jazz \u2013 M\u00fasica en Movimiento. Redes: @sanluisjazzmm.La propuesta de San Luis Jazz (SLJ) surge en 2024 como una necesidad de canalizar la actividad cultural y educativa de su comunidad, considerando que la m\u00fasica es un lenguaje universal que contribuye al desarrollo integral de las personas. El proyecto se desarrolla en tres aristas: escuela de m\u00fasica, jams mensuales, y festival de jazz. SLJ tiene como objetivo generar espacios de encuentro, creatividad y colaboraci\u00f3n, fomentando valores como la solidaridad, la escucha activa y la expresi\u00f3n art\u00edstica. A la vez, fortalece la identidad cultural de San Luis y localidades cercanas, transformando la m\u00fasica en un veh\u00edculo de desarrollo social, educativo y comunitario. El proyecto fue declarado de inter\u00e9s ministerial por el Ministerio de Educaci\u00f3n y Cultura (Res. 1743\/025).El crecimiento demogr\u00e1fico de la Costa de Oro refuerza la necesidad de acercar la educaci\u00f3n musical y propuestas culturales a la propia comunidad, evitando traslados a Montevideo o al \u00e1rea metropolitana. SLJ se inspira en la experiencia de Jazz a la Calle en Mercedes, adaptando la propuesta pedag\u00f3gica, social y cultural a otro territorio.Durante 2024 se realizaron jams mensuales en la Liga de Fomento de San Luis, convocando a artistas y p\u00fablico de toda la Costa de Oro, desde el arroyo Sol\u00eds Grande hasta el arroyo Pando. En enero de 2025 tuvo lugar el 1\u00ba Festival de Jazz de San Luis, con cierre de Hugo Fattoruso y m\u00e1s de 2.000 asistentes, posicionando a San Luis en la agenda cultural del pa\u00eds y dinamizando la econom\u00eda local.<\/p>\n\n\n\n<p><strong>ESCUELASAN LUIS JAZZ<\/strong><\/p>\n\n\n\n<p>La escuela abri\u00f3 sus puertas en 2025, funcionando en la Liga San Luis. Se ofrece<\/p>\n\n\n\n<p>formaci\u00f3n integral en m\u00fasica para todas las edades, desde la primera infancia hastapersonas adultas mayores. La escuela cuenta con 14 docentes y abarca clases de:canto, teclado, bajo, guitarra, bater\u00eda, percusi\u00f3n, clarinete, trompeta, tromb\u00f3n, saxof\u00f3n,iniciaci\u00f3n infantil y ensambles. Se combinan clases regulares con talleres de ensambles y jams mensuales. La escuela busca crecer, expandirse en el territorio y consolidar un espacio propio, fomentando la inclusi\u00f3n de ni\u00f1as, ni\u00f1os, j\u00f3venes y adultos.<\/p>\n\n\n\n<p>\u00a1Te invitamos a ser parte!<\/p>\n\n\n\n<p>Foto San Luis Jazz<\/p>\n\n\n\n<p><\/p>\n","protected":false},"excerpt":{"rendered":"<p>San Luis Jazz \u2013 M\u00fasica en Movimiento vuelve a encender la Costa de Oro con&#8230;<\/p>\n","protected":false},"author":1,"featured_media":21752,"comment_status":"closed","ping_status":"closed","sticky":false,"template":"","format":"standard","meta":{"_monsterinsights_skip_tracking":false,"_monsterinsights_sitenote_active":false,"_monsterinsights_sitenote_note":"","_monsterinsights_sitenote_category":0,"footnotes":""},"categories":[100],"tags":[],"class_list":["post-21751","post","type-post","status-publish","format-standard","has-post-thumbnail","hentry","category-san-luis"],"featured_image_urls":{"full":["https:\/\/diariotiempo.com.uy\/noticias\/wp-content\/uploads\/2025\/12\/jazz.jpg",900,539,false],"thumbnail":["https:\/\/diariotiempo.com.uy\/noticias\/wp-content\/uploads\/2025\/12\/jazz-150x150.jpg",150,150,true],"medium":["https:\/\/diariotiempo.com.uy\/noticias\/wp-content\/uploads\/2025\/12\/jazz-300x180.jpg",300,180,true],"medium_large":["https:\/\/diariotiempo.com.uy\/noticias\/wp-content\/uploads\/2025\/12\/jazz-768x460.jpg",640,383,true],"large":["https:\/\/diariotiempo.com.uy\/noticias\/wp-content\/uploads\/2025\/12\/jazz.jpg",640,383,false],"rpg_gallery_admin_thumb":["https:\/\/diariotiempo.com.uy\/noticias\/wp-content\/uploads\/2025\/12\/jazz-150x150.jpg",150,150,true],"rpg_gallery_thumb":["https:\/\/diariotiempo.com.uy\/noticias\/wp-content\/uploads\/2025\/12\/jazz-150x150.jpg",150,150,true],"1536x1536":["https:\/\/diariotiempo.com.uy\/noticias\/wp-content\/uploads\/2025\/12\/jazz.jpg",900,539,false],"2048x2048":["https:\/\/diariotiempo.com.uy\/noticias\/wp-content\/uploads\/2025\/12\/jazz.jpg",900,539,false],"covernews-slider-full":["https:\/\/diariotiempo.com.uy\/noticias\/wp-content\/uploads\/2025\/12\/jazz.jpg",900,539,false],"covernews-slider-center":["https:\/\/diariotiempo.com.uy\/noticias\/wp-content\/uploads\/2025\/12\/jazz-800x500.jpg",800,500,true],"covernews-featured":["https:\/\/diariotiempo.com.uy\/noticias\/wp-content\/uploads\/2025\/12\/jazz.jpg",900,539,false],"covernews-medium":["https:\/\/diariotiempo.com.uy\/noticias\/wp-content\/uploads\/2025\/12\/jazz-540x340.jpg",540,340,true],"covernews-medium-square":["https:\/\/diariotiempo.com.uy\/noticias\/wp-content\/uploads\/2025\/12\/jazz-400x250.jpg",400,250,true]},"author_info":{"display_name":"diario","author_link":"https:\/\/diariotiempo.com.uy\/noticias\/author\/diario\/"},"category_info":"<a href=\"https:\/\/diariotiempo.com.uy\/noticias\/category\/departamental\/san-luis\/\" rel=\"category tag\">San Luis<\/a>","tag_info":"San Luis","comment_count":"0","_links":{"self":[{"href":"https:\/\/diariotiempo.com.uy\/noticias\/wp-json\/wp\/v2\/posts\/21751","targetHints":{"allow":["GET"]}}],"collection":[{"href":"https:\/\/diariotiempo.com.uy\/noticias\/wp-json\/wp\/v2\/posts"}],"about":[{"href":"https:\/\/diariotiempo.com.uy\/noticias\/wp-json\/wp\/v2\/types\/post"}],"author":[{"embeddable":true,"href":"https:\/\/diariotiempo.com.uy\/noticias\/wp-json\/wp\/v2\/users\/1"}],"replies":[{"embeddable":true,"href":"https:\/\/diariotiempo.com.uy\/noticias\/wp-json\/wp\/v2\/comments?post=21751"}],"version-history":[{"count":1,"href":"https:\/\/diariotiempo.com.uy\/noticias\/wp-json\/wp\/v2\/posts\/21751\/revisions"}],"predecessor-version":[{"id":21753,"href":"https:\/\/diariotiempo.com.uy\/noticias\/wp-json\/wp\/v2\/posts\/21751\/revisions\/21753"}],"wp:featuredmedia":[{"embeddable":true,"href":"https:\/\/diariotiempo.com.uy\/noticias\/wp-json\/wp\/v2\/media\/21752"}],"wp:attachment":[{"href":"https:\/\/diariotiempo.com.uy\/noticias\/wp-json\/wp\/v2\/media?parent=21751"}],"wp:term":[{"taxonomy":"category","embeddable":true,"href":"https:\/\/diariotiempo.com.uy\/noticias\/wp-json\/wp\/v2\/categories?post=21751"},{"taxonomy":"post_tag","embeddable":true,"href":"https:\/\/diariotiempo.com.uy\/noticias\/wp-json\/wp\/v2\/tags?post=21751"}],"curies":[{"name":"wp","href":"https:\/\/api.w.org\/{rel}","templated":true}]}}