{"id":21791,"date":"2025-12-26T15:10:18","date_gmt":"2025-12-26T15:10:18","guid":{"rendered":"https:\/\/diariotiempo.com.uy\/noticias\/?p=21791"},"modified":"2025-12-26T15:10:19","modified_gmt":"2025-12-26T15:10:19","slug":"agencias-de-presidencia-lanzan-la-campana-preventiva-conjunta-verano-en-movimiento","status":"publish","type":"post","link":"https:\/\/diariotiempo.com.uy\/noticias\/2025\/12\/26\/agencias-de-presidencia-lanzan-la-campana-preventiva-conjunta-verano-en-movimiento\/","title":{"rendered":"Agencias de Presidencia lanzan la campa\u00f1a preventiva conjunta Verano en Movimiento"},"content":{"rendered":"\n<figure class=\"wp-block-image size-full\"><img loading=\"lazy\" decoding=\"async\" width=\"945\" height=\"454\" src=\"https:\/\/diariotiempo.com.uy\/noticias\/wp-content\/uploads\/2025\/12\/unasev.jpg\" alt=\"\" class=\"wp-image-21794\" srcset=\"https:\/\/diariotiempo.com.uy\/noticias\/wp-content\/uploads\/2025\/12\/unasev.jpg 945w, https:\/\/diariotiempo.com.uy\/noticias\/wp-content\/uploads\/2025\/12\/unasev-300x144.jpg 300w, https:\/\/diariotiempo.com.uy\/noticias\/wp-content\/uploads\/2025\/12\/unasev-768x369.jpg 768w\" sizes=\"auto, (max-width: 945px) 100vw, 945px\" \/><\/figure>\n\n\n\n<p>\u201cVerano en Movimiento\u201d es una campa\u00f1a que parte de un concepto central: el movimiento como forma de vivir el verano de manera activa, saludable y segura. El movimiento no solo se entiende como actividad f\u00edsica, sino como una actitud: moverse para cuidarse, para disfrutar, para prevenir riesgos y para acompa\u00f1ar a otras personas.<\/p>\n\n\n\n<p>La mesa de jerarcas que present\u00f3 la campa\u00f1a \u00abVerano en Movimiento\u00bb<\/p>\n\n\n\n<p>Con la presencia en la mesa de presentaci\u00f3n de los titulares del Sistema Nacional de Emergencias \u2013Leandro Palomeque-, la Secretar\u00eda Nacional del Deporte \u2013Alejandro Pereda-, la Unidad Nacional de Seguridad Vial \u2013Marcelo Metediera- y la Secretar\u00eda Nacional de Drogas \u2013representada por Victoria Gonz\u00e1lez, se expuso p\u00fablicamente esta sinergia expl\u00edcita en el movimiento y las interacciones entre las distintas unidades de Presidencia.<\/p>\n\n\n\n<p>El coraz\u00f3n creativo de la campa\u00f1a apuesta a representar ese verano din\u00e1mico, donde las personas \u2014turistas, familias, j\u00f3venes, comunidades\u2014 est\u00e1n en constante desplazamiento: en la playa, en la ruta, en la ciudad, en eventos y actividades. Ese movimiento real se convierte en la met\u00e1fora de que el cuidado tambi\u00e9n debe moverse con nosotros.<\/p>\n\n\n\n<p>En ese sentido, las autoridades trasmitieron el concepto de campa\u00f1a que permite integrar esta mirada de forma natural, comunicando prevenci\u00f3n desde un enfoque positivo, participativo y saludable respetando la identidad propia de cada una de ellas.<\/p>\n\n\n\n<p>Metediera destac\u00f3 la territorializaci\u00f3n de la campa\u00f1a, que a su vez empatiza con la realidad del lugar, en cualquiera de los temas que toca. Se desarrollar\u00e1n \u201cactivaciones\u201d en el corredor tur\u00edstico conformado por Rio Negro, Colonia, Montevideo, Canelones, Maldonado y Rocha.<\/p>\n\n\n\n<p>En ese sentido, cada departamento elabora una agenda de actividades en conjunto con los actores locales: coordinadores de Ciudadelas, Referentes t\u00e9cnicos territoriales, Unidades Locales de Seguridad Vial, Centros Coordinadores de Emergencia, Plazas de Deportes, Centros MEC, INJU.<\/p>\n\n\n\n<p>La campa\u00f1a contar\u00e1 con su sitio web propio donde se desarrollar\u00e1n los ejes tem\u00e1ticos preventivos de cada \u00e1rea: incendios forestales, concentraci\u00f3n masiva de personas, ahogamientos, siniestros de tr\u00e1nsito y consumo problem\u00e1tico de drogas.<\/p>\n\n\n\n<p>Verano en Movimiento busca generar conciencia desde la cercan\u00eda, para que todas las personas puedan disfrutar de un verano seguro, saludable y en movimiento.Fuente y foto UNASE<\/p>\n","protected":false},"excerpt":{"rendered":"<p>\u201cVerano en Movimiento\u201d es una campa\u00f1a que parte de un concepto central: el movimiento como&#8230;<\/p>\n","protected":false},"author":1,"featured_media":21794,"comment_status":"closed","ping_status":"closed","sticky":false,"template":"","format":"standard","meta":{"_monsterinsights_skip_tracking":false,"_monsterinsights_sitenote_active":false,"_monsterinsights_sitenote_note":"","_monsterinsights_sitenote_category":0,"footnotes":""},"categories":[11],"tags":[],"class_list":["post-21791","post","type-post","status-publish","format-standard","has-post-thumbnail","hentry","category-noticia-destacada"],"featured_image_urls":{"full":["https:\/\/diariotiempo.com.uy\/noticias\/wp-content\/uploads\/2025\/12\/unasev.jpg",945,454,false],"thumbnail":["https:\/\/diariotiempo.com.uy\/noticias\/wp-content\/uploads\/2025\/12\/unasev-150x150.jpg",150,150,true],"medium":["https:\/\/diariotiempo.com.uy\/noticias\/wp-content\/uploads\/2025\/12\/unasev-300x144.jpg",300,144,true],"medium_large":["https:\/\/diariotiempo.com.uy\/noticias\/wp-content\/uploads\/2025\/12\/unasev-768x369.jpg",640,308,true],"large":["https:\/\/diariotiempo.com.uy\/noticias\/wp-content\/uploads\/2025\/12\/unasev.jpg",640,307,false],"rpg_gallery_admin_thumb":["https:\/\/diariotiempo.com.uy\/noticias\/wp-content\/uploads\/2025\/12\/unasev-150x150.jpg",150,150,true],"rpg_gallery_thumb":["https:\/\/diariotiempo.com.uy\/noticias\/wp-content\/uploads\/2025\/12\/unasev-150x150.jpg",150,150,true],"1536x1536":["https:\/\/diariotiempo.com.uy\/noticias\/wp-content\/uploads\/2025\/12\/unasev.jpg",945,454,false],"2048x2048":["https:\/\/diariotiempo.com.uy\/noticias\/wp-content\/uploads\/2025\/12\/unasev.jpg",945,454,false],"covernews-slider-full":["https:\/\/diariotiempo.com.uy\/noticias\/wp-content\/uploads\/2025\/12\/unasev.jpg",945,454,false],"covernews-slider-center":["https:\/\/diariotiempo.com.uy\/noticias\/wp-content\/uploads\/2025\/12\/unasev-800x454.jpg",800,454,true],"covernews-featured":["https:\/\/diariotiempo.com.uy\/noticias\/wp-content\/uploads\/2025\/12\/unasev.jpg",945,454,false],"covernews-medium":["https:\/\/diariotiempo.com.uy\/noticias\/wp-content\/uploads\/2025\/12\/unasev-540x340.jpg",540,340,true],"covernews-medium-square":["https:\/\/diariotiempo.com.uy\/noticias\/wp-content\/uploads\/2025\/12\/unasev-400x250.jpg",400,250,true]},"author_info":{"display_name":"diario","author_link":"https:\/\/diariotiempo.com.uy\/noticias\/author\/diario\/"},"category_info":"<a href=\"https:\/\/diariotiempo.com.uy\/noticias\/category\/noticia-destacada\/\" rel=\"category tag\">NOTICIA DESTACADA<\/a>","tag_info":"NOTICIA DESTACADA","comment_count":"0","_links":{"self":[{"href":"https:\/\/diariotiempo.com.uy\/noticias\/wp-json\/wp\/v2\/posts\/21791","targetHints":{"allow":["GET"]}}],"collection":[{"href":"https:\/\/diariotiempo.com.uy\/noticias\/wp-json\/wp\/v2\/posts"}],"about":[{"href":"https:\/\/diariotiempo.com.uy\/noticias\/wp-json\/wp\/v2\/types\/post"}],"author":[{"embeddable":true,"href":"https:\/\/diariotiempo.com.uy\/noticias\/wp-json\/wp\/v2\/users\/1"}],"replies":[{"embeddable":true,"href":"https:\/\/diariotiempo.com.uy\/noticias\/wp-json\/wp\/v2\/comments?post=21791"}],"version-history":[{"count":1,"href":"https:\/\/diariotiempo.com.uy\/noticias\/wp-json\/wp\/v2\/posts\/21791\/revisions"}],"predecessor-version":[{"id":21795,"href":"https:\/\/diariotiempo.com.uy\/noticias\/wp-json\/wp\/v2\/posts\/21791\/revisions\/21795"}],"wp:featuredmedia":[{"embeddable":true,"href":"https:\/\/diariotiempo.com.uy\/noticias\/wp-json\/wp\/v2\/media\/21794"}],"wp:attachment":[{"href":"https:\/\/diariotiempo.com.uy\/noticias\/wp-json\/wp\/v2\/media?parent=21791"}],"wp:term":[{"taxonomy":"category","embeddable":true,"href":"https:\/\/diariotiempo.com.uy\/noticias\/wp-json\/wp\/v2\/categories?post=21791"},{"taxonomy":"post_tag","embeddable":true,"href":"https:\/\/diariotiempo.com.uy\/noticias\/wp-json\/wp\/v2\/tags?post=21791"}],"curies":[{"name":"wp","href":"https:\/\/api.w.org\/{rel}","templated":true}]}}