{"id":21800,"date":"2025-12-26T15:14:12","date_gmt":"2025-12-26T15:14:12","guid":{"rendered":"https:\/\/diariotiempo.com.uy\/noticias\/?p=21800"},"modified":"2025-12-26T15:14:14","modified_gmt":"2025-12-26T15:14:14","slug":"ute-aprobo-aumento-del-4-a-partir-de-2026-el-poder-ejecutivo-debe-decidir","status":"publish","type":"post","link":"https:\/\/diariotiempo.com.uy\/noticias\/2025\/12\/26\/ute-aprobo-aumento-del-4-a-partir-de-2026-el-poder-ejecutivo-debe-decidir\/","title":{"rendered":"UTE aprob\u00f3 aumento del 4% a partir de 2026; \u00a0el Poder Ejecutivo debe decidir"},"content":{"rendered":"\n<figure class=\"wp-block-image size-full\"><img loading=\"lazy\" decoding=\"async\" width=\"862\" height=\"499\" src=\"https:\/\/diariotiempo.com.uy\/noticias\/wp-content\/uploads\/2025\/12\/ute.jpg\" alt=\"\" class=\"wp-image-21801\" srcset=\"https:\/\/diariotiempo.com.uy\/noticias\/wp-content\/uploads\/2025\/12\/ute.jpg 862w, https:\/\/diariotiempo.com.uy\/noticias\/wp-content\/uploads\/2025\/12\/ute-300x174.jpg 300w, https:\/\/diariotiempo.com.uy\/noticias\/wp-content\/uploads\/2025\/12\/ute-768x445.jpg 768w\" sizes=\"auto, (max-width: 862px) 100vw, 862px\" \/><\/figure>\n\n\n\n<p>El directorio de UTE aprob\u00f3 un nuevo pliego tarifario que regir\u00e1 a partir de 2026. La propuesta establece un ajuste general en un promedio de 4%, \u201cvalor por debajo de la inflaci\u00f3n proyectada para el pr\u00f3ximo a\u00f1o, estimada en el entorno del 4,5%\u201d, indica el comunicado del ente sobre la medida, de la que inform\u00f3 en primera instancia El Observador. El directorio de UTE indic\u00f3 que se establece una diferenciaci\u00f3n de los ajustes promedio, seg\u00fan la modalidad de consumo con el \u201cobjetivo de avanzar hacia un presupuesto m\u00e1s equilibrado y sostenible\u201d sin que esto genere gastos significativos para los usuarios. <\/p>\n\n\n\n<p>Las tarifas residenciales tendr\u00e1n un ajuste promedio del 3,3%, ubic\u00e1ndose por debajo del promedio general. \u201cEn particular, la tarifa residencial simple, que alcanza a aproximadamente 1.100.000 clientes, tendr\u00e1 un ajuste del 2,93%\u201d, a\u00f1ade el comunicado.Las tarifas no residenciales se \u201cajustar\u00e1n moderadamente y consistentes con la tasa de inflaci\u00f3n\u201d. Esto ser\u00e1 acompa\u00f1ando la evoluci\u00f3n de los costos, variaciones que podr\u00e1n ubicarse por encima o por debajo \u201cdel promedio sectorial en funci\u00f3n de costos relativos\u201d.Ahora, la propuesta ser\u00e1 enviada al Poder Ejecutivo que deber\u00e1 aprobarla para que luego entre en vigencia a partir del pr\u00f3ximo a\u00f1o.\u00a0<\/p>\n\n\n\n<p>Antel resolvi\u00f3 un aumento de tarifas en promedio del 3,5%<\/p>\n\n\n\n<p>La suba incluye las tarifas de los planes de datos m\u00f3viles para celulares as\u00ed como los planes de internet en el hogar.<\/p>\n\n\n\n<p>A comienzos de este a\u00f1o, las tarifas de servicios m\u00f3viles hab\u00edan aumentado un 5% mientras que el internet se hab\u00eda ajustado un 7%.<\/p>\n\n\n\n<p>La determinaci\u00f3n ser\u00e1 adoptada por el Poder Ejecutivo a trav\u00e9s del ministerio de Econom\u00eda y la Oficina de Planeamiento y Presupuesto.<\/p>\n\n\n\n<p><\/p>\n","protected":false},"excerpt":{"rendered":"<p>El directorio de UTE aprob\u00f3 un nuevo pliego tarifario que regir\u00e1 a partir de 2026&#8230;.<\/p>\n","protected":false},"author":1,"featured_media":21801,"comment_status":"closed","ping_status":"closed","sticky":false,"template":"","format":"standard","meta":{"_monsterinsights_skip_tracking":false,"_monsterinsights_sitenote_active":false,"_monsterinsights_sitenote_note":"","_monsterinsights_sitenote_category":0,"footnotes":""},"categories":[79],"tags":[],"class_list":["post-21800","post","type-post","status-publish","format-standard","has-post-thumbnail","hentry","category-nacionales"],"featured_image_urls":{"full":["https:\/\/diariotiempo.com.uy\/noticias\/wp-content\/uploads\/2025\/12\/ute.jpg",862,499,false],"thumbnail":["https:\/\/diariotiempo.com.uy\/noticias\/wp-content\/uploads\/2025\/12\/ute-150x150.jpg",150,150,true],"medium":["https:\/\/diariotiempo.com.uy\/noticias\/wp-content\/uploads\/2025\/12\/ute-300x174.jpg",300,174,true],"medium_large":["https:\/\/diariotiempo.com.uy\/noticias\/wp-content\/uploads\/2025\/12\/ute-768x445.jpg",640,371,true],"large":["https:\/\/diariotiempo.com.uy\/noticias\/wp-content\/uploads\/2025\/12\/ute.jpg",640,370,false],"rpg_gallery_admin_thumb":["https:\/\/diariotiempo.com.uy\/noticias\/wp-content\/uploads\/2025\/12\/ute-150x150.jpg",150,150,true],"rpg_gallery_thumb":["https:\/\/diariotiempo.com.uy\/noticias\/wp-content\/uploads\/2025\/12\/ute-150x150.jpg",150,150,true],"1536x1536":["https:\/\/diariotiempo.com.uy\/noticias\/wp-content\/uploads\/2025\/12\/ute.jpg",862,499,false],"2048x2048":["https:\/\/diariotiempo.com.uy\/noticias\/wp-content\/uploads\/2025\/12\/ute.jpg",862,499,false],"covernews-slider-full":["https:\/\/diariotiempo.com.uy\/noticias\/wp-content\/uploads\/2025\/12\/ute.jpg",862,499,false],"covernews-slider-center":["https:\/\/diariotiempo.com.uy\/noticias\/wp-content\/uploads\/2025\/12\/ute-800x499.jpg",800,499,true],"covernews-featured":["https:\/\/diariotiempo.com.uy\/noticias\/wp-content\/uploads\/2025\/12\/ute.jpg",862,499,false],"covernews-medium":["https:\/\/diariotiempo.com.uy\/noticias\/wp-content\/uploads\/2025\/12\/ute-540x340.jpg",540,340,true],"covernews-medium-square":["https:\/\/diariotiempo.com.uy\/noticias\/wp-content\/uploads\/2025\/12\/ute-400x250.jpg",400,250,true]},"author_info":{"display_name":"diario","author_link":"https:\/\/diariotiempo.com.uy\/noticias\/author\/diario\/"},"category_info":"<a href=\"https:\/\/diariotiempo.com.uy\/noticias\/category\/nacionales\/\" rel=\"category tag\">NACIONALES<\/a>","tag_info":"NACIONALES","comment_count":"0","_links":{"self":[{"href":"https:\/\/diariotiempo.com.uy\/noticias\/wp-json\/wp\/v2\/posts\/21800","targetHints":{"allow":["GET"]}}],"collection":[{"href":"https:\/\/diariotiempo.com.uy\/noticias\/wp-json\/wp\/v2\/posts"}],"about":[{"href":"https:\/\/diariotiempo.com.uy\/noticias\/wp-json\/wp\/v2\/types\/post"}],"author":[{"embeddable":true,"href":"https:\/\/diariotiempo.com.uy\/noticias\/wp-json\/wp\/v2\/users\/1"}],"replies":[{"embeddable":true,"href":"https:\/\/diariotiempo.com.uy\/noticias\/wp-json\/wp\/v2\/comments?post=21800"}],"version-history":[{"count":1,"href":"https:\/\/diariotiempo.com.uy\/noticias\/wp-json\/wp\/v2\/posts\/21800\/revisions"}],"predecessor-version":[{"id":21802,"href":"https:\/\/diariotiempo.com.uy\/noticias\/wp-json\/wp\/v2\/posts\/21800\/revisions\/21802"}],"wp:featuredmedia":[{"embeddable":true,"href":"https:\/\/diariotiempo.com.uy\/noticias\/wp-json\/wp\/v2\/media\/21801"}],"wp:attachment":[{"href":"https:\/\/diariotiempo.com.uy\/noticias\/wp-json\/wp\/v2\/media?parent=21800"}],"wp:term":[{"taxonomy":"category","embeddable":true,"href":"https:\/\/diariotiempo.com.uy\/noticias\/wp-json\/wp\/v2\/categories?post=21800"},{"taxonomy":"post_tag","embeddable":true,"href":"https:\/\/diariotiempo.com.uy\/noticias\/wp-json\/wp\/v2\/tags?post=21800"}],"curies":[{"name":"wp","href":"https:\/\/api.w.org\/{rel}","templated":true}]}}