{"id":21813,"date":"2025-12-30T20:48:37","date_gmt":"2025-12-30T20:48:37","guid":{"rendered":"https:\/\/diariotiempo.com.uy\/noticias\/?p=21813"},"modified":"2025-12-30T20:48:38","modified_gmt":"2025-12-30T20:48:38","slug":"con-el-disfrute-y-la-accesibilidad-como-ejes-comenzo-una-nueva-temporada-de-mar-al-alcance","status":"publish","type":"post","link":"https:\/\/diariotiempo.com.uy\/noticias\/2025\/12\/30\/con-el-disfrute-y-la-accesibilidad-como-ejes-comenzo-una-nueva-temporada-de-mar-al-alcance\/","title":{"rendered":"Con el disfrute y la accesibilidad como ejes, comenz\u00f3 una nueva temporada de Mar al Alcance"},"content":{"rendered":"\n<figure class=\"wp-block-image size-full\"><img loading=\"lazy\" decoding=\"async\" width=\"900\" height=\"600\" src=\"https:\/\/diariotiempo.com.uy\/noticias\/wp-content\/uploads\/2025\/12\/SILLA-AGUA.jpg\" alt=\"\" class=\"wp-image-21814\" srcset=\"https:\/\/diariotiempo.com.uy\/noticias\/wp-content\/uploads\/2025\/12\/SILLA-AGUA.jpg 900w, https:\/\/diariotiempo.com.uy\/noticias\/wp-content\/uploads\/2025\/12\/SILLA-AGUA-300x200.jpg 300w, https:\/\/diariotiempo.com.uy\/noticias\/wp-content\/uploads\/2025\/12\/SILLA-AGUA-768x512.jpg 768w\" sizes=\"auto, (max-width: 900px) 100vw, 900px\" \/><\/figure>\n\n\n\n<p>Atl\u00e1ntida fue escenario del lanzamiento de una nueva edici\u00f3n del programa Mar al Alcance, a trav\u00e9s del cual el Gobierno de Canelones les brinda la posibilidad a personas en situaci\u00f3n de discapacidad o con movilidad reducida de poder disfrutar de las playas canarias de forma accesible y acompa\u00f1ada.<\/p>\n\n\n\n<p>El coordinador del programa, Guillermo Molla, explic\u00f3 que \u201cla idea es, primero que nada, que las personas puedan tener la experiencia de entrar al agua\u201d, ya sea con sillas anfibias, en el caso de las personas usuarias de sillas de ruedas, y tambi\u00e9n que quienes tengan alguna dificultad para caminar puedan estar acompa\u00f1adas. En esta l\u00ednea, destac\u00f3 que se realizan ejercicios de flotaci\u00f3n guiados por el personal de la Direcci\u00f3n General de Deportes, que desarrolla el programa, as\u00ed como distintos tipos de actividades en el agua.<\/p>\n\n\n\n<p>La coordinadora del Gabinete Social, Nataly Zalkind, enfatiz\u00f3 que el programa \u201chace mucho acento en la accesibilidad universal, en que las personas en situaci\u00f3n de discapacidad tambi\u00e9n puedan acceder al mar con una propuesta acompa\u00f1ada y cuidada\u201d. La jerarca tambi\u00e9n se refiri\u00f3 a que a trav\u00e9s de Mar al Alcance los participantes gozan del \u201cderecho a poder acceder al mar, que es un escenario natural nuestro\u201d, adem\u00e1s de que \u201cgenera experiencias significativas y todo lo que implique trabajar por la autonom\u00eda de las personas y los ciudadanos y ciudadanas que viven en nuestro departamento\u201d.<\/p>\n\n\n\n<p>Esta primera bajada de la temporada, que se realiz\u00f3 en la playa Mansa de Atl\u00e1ntida, cont\u00f3 con la presencia del secretario general del Gobierno de Canelones, Pedro Irigoin, quien destac\u00f3 que para el gobierno departamental \u201cno se puede concebir no trabajar para que m\u00e1s personas puedan acceder al mar, a la playa, al disfrute tur\u00edstico y a la dispersi\u00f3n\u201d. Agreg\u00f3 que \u201cnos sentimos moralmente e institucionalmente obligados a generar esto y lo cumplimos con much\u00edsimo amor y cari\u00f1o. Ac\u00e1 hay un factor humano atr\u00e1s de la actividad que realizan los trabajadores y trabajadoras de la Intendencia que va mucho m\u00e1s all\u00e1 de cualquier obligaci\u00f3n\u201d.<\/p>\n\n\n\n<p>En la voz de los propios protagonistas, Laura Pollina, madre de Eloy Varela, uno de los participantes, cont\u00f3 que su hijo con ella \u201cno se mete al agua y venimos ac\u00e1 y es uno de los primeros en meterse\u201d, y destac\u00f3 que es \u201cuna labor impresionante\u201d que se hace \u201ccon gusto, con cari\u00f1o y con responsabilidad\u201d.<\/p>\n\n\n\n<p>Mar al Alcance estar\u00e1 presente durante la temporada de verano 2025-2026 en bajadas accesibles en Atl\u00e1ntida, Solymar y La Floresta.<\/p>\n\n\n\n<p>Foto IMC<\/p>\n","protected":false},"excerpt":{"rendered":"<p>Atl\u00e1ntida fue escenario del lanzamiento de una nueva edici\u00f3n del programa Mar al Alcance, a&#8230;<\/p>\n","protected":false},"author":1,"featured_media":21814,"comment_status":"closed","ping_status":"closed","sticky":false,"template":"","format":"standard","meta":{"_monsterinsights_skip_tracking":false,"_monsterinsights_sitenote_active":false,"_monsterinsights_sitenote_note":"","_monsterinsights_sitenote_category":0,"footnotes":""},"categories":[20],"tags":[],"class_list":["post-21813","post","type-post","status-publish","format-standard","has-post-thumbnail","hentry","category-costa-de-oro"],"featured_image_urls":{"full":["https:\/\/diariotiempo.com.uy\/noticias\/wp-content\/uploads\/2025\/12\/SILLA-AGUA.jpg",900,600,false],"thumbnail":["https:\/\/diariotiempo.com.uy\/noticias\/wp-content\/uploads\/2025\/12\/SILLA-AGUA-150x150.jpg",150,150,true],"medium":["https:\/\/diariotiempo.com.uy\/noticias\/wp-content\/uploads\/2025\/12\/SILLA-AGUA-300x200.jpg",300,200,true],"medium_large":["https:\/\/diariotiempo.com.uy\/noticias\/wp-content\/uploads\/2025\/12\/SILLA-AGUA-768x512.jpg",640,427,true],"large":["https:\/\/diariotiempo.com.uy\/noticias\/wp-content\/uploads\/2025\/12\/SILLA-AGUA.jpg",640,427,false],"rpg_gallery_admin_thumb":["https:\/\/diariotiempo.com.uy\/noticias\/wp-content\/uploads\/2025\/12\/SILLA-AGUA-150x150.jpg",150,150,true],"rpg_gallery_thumb":["https:\/\/diariotiempo.com.uy\/noticias\/wp-content\/uploads\/2025\/12\/SILLA-AGUA-150x150.jpg",150,150,true],"1536x1536":["https:\/\/diariotiempo.com.uy\/noticias\/wp-content\/uploads\/2025\/12\/SILLA-AGUA.jpg",900,600,false],"2048x2048":["https:\/\/diariotiempo.com.uy\/noticias\/wp-content\/uploads\/2025\/12\/SILLA-AGUA.jpg",900,600,false],"covernews-slider-full":["https:\/\/diariotiempo.com.uy\/noticias\/wp-content\/uploads\/2025\/12\/SILLA-AGUA.jpg",900,600,false],"covernews-slider-center":["https:\/\/diariotiempo.com.uy\/noticias\/wp-content\/uploads\/2025\/12\/SILLA-AGUA-800x500.jpg",800,500,true],"covernews-featured":["https:\/\/diariotiempo.com.uy\/noticias\/wp-content\/uploads\/2025\/12\/SILLA-AGUA.jpg",900,600,false],"covernews-medium":["https:\/\/diariotiempo.com.uy\/noticias\/wp-content\/uploads\/2025\/12\/SILLA-AGUA-540x340.jpg",540,340,true],"covernews-medium-square":["https:\/\/diariotiempo.com.uy\/noticias\/wp-content\/uploads\/2025\/12\/SILLA-AGUA-400x250.jpg",400,250,true]},"author_info":{"display_name":"diario","author_link":"https:\/\/diariotiempo.com.uy\/noticias\/author\/diario\/"},"category_info":"<a href=\"https:\/\/diariotiempo.com.uy\/noticias\/category\/departamental\/costa-de-oro\/\" rel=\"category tag\">Costa de Oro<\/a>","tag_info":"Costa de Oro","comment_count":"0","_links":{"self":[{"href":"https:\/\/diariotiempo.com.uy\/noticias\/wp-json\/wp\/v2\/posts\/21813","targetHints":{"allow":["GET"]}}],"collection":[{"href":"https:\/\/diariotiempo.com.uy\/noticias\/wp-json\/wp\/v2\/posts"}],"about":[{"href":"https:\/\/diariotiempo.com.uy\/noticias\/wp-json\/wp\/v2\/types\/post"}],"author":[{"embeddable":true,"href":"https:\/\/diariotiempo.com.uy\/noticias\/wp-json\/wp\/v2\/users\/1"}],"replies":[{"embeddable":true,"href":"https:\/\/diariotiempo.com.uy\/noticias\/wp-json\/wp\/v2\/comments?post=21813"}],"version-history":[{"count":1,"href":"https:\/\/diariotiempo.com.uy\/noticias\/wp-json\/wp\/v2\/posts\/21813\/revisions"}],"predecessor-version":[{"id":21815,"href":"https:\/\/diariotiempo.com.uy\/noticias\/wp-json\/wp\/v2\/posts\/21813\/revisions\/21815"}],"wp:featuredmedia":[{"embeddable":true,"href":"https:\/\/diariotiempo.com.uy\/noticias\/wp-json\/wp\/v2\/media\/21814"}],"wp:attachment":[{"href":"https:\/\/diariotiempo.com.uy\/noticias\/wp-json\/wp\/v2\/media?parent=21813"}],"wp:term":[{"taxonomy":"category","embeddable":true,"href":"https:\/\/diariotiempo.com.uy\/noticias\/wp-json\/wp\/v2\/categories?post=21813"},{"taxonomy":"post_tag","embeddable":true,"href":"https:\/\/diariotiempo.com.uy\/noticias\/wp-json\/wp\/v2\/tags?post=21813"}],"curies":[{"name":"wp","href":"https:\/\/api.w.org\/{rel}","templated":true}]}}