{"id":22261,"date":"2026-03-09T14:26:39","date_gmt":"2026-03-09T14:26:39","guid":{"rendered":"https:\/\/diariotiempo.com.uy\/noticias\/?p=22261"},"modified":"2026-03-09T14:26:52","modified_gmt":"2026-03-09T14:26:52","slug":"edil-marteluna-denuncia-falta-de-criterio-en-las-prioridades-marcadas-por-la-intendencia-canaria","status":"publish","type":"post","link":"https:\/\/diariotiempo.com.uy\/noticias\/2026\/03\/09\/edil-marteluna-denuncia-falta-de-criterio-en-las-prioridades-marcadas-por-la-intendencia-canaria\/","title":{"rendered":"Edil Marteluna denuncia falta de criterio en las prioridades marcadas por la Intendencia Canaria"},"content":{"rendered":"\n<p>El edil nacionalista, Juan Marteluna se\u00f1al\u00f3 que el presupuesto quinquenal est\u00e1 marcado por falta de criterio en el marcado de las prioridades lo cual lleva a los canarios de muchos barrios a seguir enfrentando problemas importantes en cuanto al alumbrado y mal estado de las calles.<\/p>\n\n\n\n<p>Al respecto el edil sostuvo que :\u201cCalles en mal estado, &nbsp;cunetas tapadas y &nbsp;falta de alumbrado p\u00fablico siguen siendo los principales reclamos de los vecinos en distintos puntos del departamento\u201d indic\u00f3 el edil, y agreg\u00f3 que estos \u201cson problemas concretos, diarios y que afectan directamente a la seguridad y la calidad de vida de los canarios\u201d.<\/p>\n\n\n\n<p>Expres\u00f3 tambi\u00e9n que \u201cel Presupuesto 2026-2030 no coloca esas urgencias en el centro de las prioridades y mientras los barrios esperan soluciones estructurales, el gasto en cultura triplica el presupuesto anual del Municipio de Pando, multiplica por nueve el de San Antonio y por veinticinco el de Juanic\u00f3\u201d<\/p>\n\n\n\n<p>Sostuvo al respecto de las prioridades y gastos fijadas por esta intendencia que el evento &nbsp;\u201cCanelones Suena Bien\u201d implic\u00f3 una inversi\u00f3n cercana al mill\u00f3n de d\u00f3lares en apenas dos d\u00edas, cifra equivalente al presupuesto anual completo de un municipio como Salinas.<\/p>\n\n\n\n<p><strong>Prioridades<\/strong><\/p>\n\n\n\n<p>Marteluna sostuvo: \u201cNadie est\u00e1 en contra de la cultura. Pero cuando las calles est\u00e1n rotas, el alumbrado no llega a todos los barrios y hay podas en cada esquina, las prioridades deben estar claras\u201d.<\/p>\n\n\n\n<p><strong>De las malas y de las otras<\/strong><\/p>\n\n\n\n<p>Por otra parte, el edil nacionalista resalto como positivo que este presupuesto incluye la digitalizaci\u00f3n del 100% de los tr\u00e1mites presenciales, lo cual permitir\u00e1 mayor agilidad y transparencia para los vecinos del departamento.<\/p>\n\n\n\n<p>Indic\u00f3 que tambi\u00e9n se incorpora una propuesta impulsada por el Partido Nacional para que los padrones rurales paguen una \u00fanica tasa de recolecci\u00f3n de residuos y no m\u00faltiples tasas como ocurre actualmente, lo que significar\u00e1 un alivio econ\u00f3mico para muchas familias rurales del departamento.<\/p>\n\n\n\n<p>\u201cCuando una medida es buena para la gente, la acompa\u00f1amos. Y cuando una propuesta nuestra se incorpora, demuestra que hacer una oposici\u00f3n responsable tambi\u00e9n da resultados\u201d, sostuvo.<\/p>\n\n\n\n<p><strong>Autonom\u00eda de los municipios comprometida<\/strong><\/p>\n\n\n\n<p>El edil advirti\u00f3 adem\u00e1s que para cumplir algunas promesas centrales, como la expansi\u00f3n del alumbrado p\u00fablico o la instalaci\u00f3n de contenedores intradomiciliarios, se prev\u00e9 usar por parte de la Intendencia un 40% de los recursos que ingresan a los municipios, lo que puede afectar su autonom\u00eda y capacidad de respuesta local.<\/p>\n\n\n\n<p>\u201cEl vecino paga sus impuestos esperando soluciones b\u00e1sicas. No se trata de estar en contra de todo, se trata de ordenar las prioridades. Primero lo b\u00e1sico -calles, alumbrado y basura-, despu\u00e9s el resto\u201d, concluy\u00f3.<\/p>\n\n\n\n<p>Fuente Edil Marteluna<\/p>\n\n\n\n<p><\/p>\n","protected":false},"excerpt":{"rendered":"<p>El edil nacionalista, Juan Marteluna se\u00f1al\u00f3 que el presupuesto quinquenal est\u00e1 marcado por falta de&#8230;<\/p>\n","protected":false},"author":1,"featured_media":22262,"comment_status":"closed","ping_status":"closed","sticky":false,"template":"","format":"standard","meta":{"_monsterinsights_skip_tracking":false,"_monsterinsights_sitenote_active":false,"_monsterinsights_sitenote_note":"","_monsterinsights_sitenote_category":0,"footnotes":""},"categories":[4],"tags":[],"class_list":["post-22261","post","type-post","status-publish","format-standard","has-post-thumbnail","hentry","category-departamental"],"featured_image_urls":{"full":["https:\/\/diariotiempo.com.uy\/noticias\/wp-content\/uploads\/2026\/03\/E.jpg",343,219,false],"thumbnail":["https:\/\/diariotiempo.com.uy\/noticias\/wp-content\/uploads\/2026\/03\/E-150x150.jpg",150,150,true],"medium":["https:\/\/diariotiempo.com.uy\/noticias\/wp-content\/uploads\/2026\/03\/E-300x192.jpg",300,192,true],"medium_large":["https:\/\/diariotiempo.com.uy\/noticias\/wp-content\/uploads\/2026\/03\/E.jpg",343,219,false],"large":["https:\/\/diariotiempo.com.uy\/noticias\/wp-content\/uploads\/2026\/03\/E.jpg",343,219,false],"rpg_gallery_admin_thumb":["https:\/\/diariotiempo.com.uy\/noticias\/wp-content\/uploads\/2026\/03\/E-150x150.jpg",150,150,true],"rpg_gallery_thumb":["https:\/\/diariotiempo.com.uy\/noticias\/wp-content\/uploads\/2026\/03\/E-150x150.jpg",150,150,true],"1536x1536":["https:\/\/diariotiempo.com.uy\/noticias\/wp-content\/uploads\/2026\/03\/E.jpg",343,219,false],"2048x2048":["https:\/\/diariotiempo.com.uy\/noticias\/wp-content\/uploads\/2026\/03\/E.jpg",343,219,false],"covernews-slider-full":["https:\/\/diariotiempo.com.uy\/noticias\/wp-content\/uploads\/2026\/03\/E.jpg",343,219,false],"covernews-slider-center":["https:\/\/diariotiempo.com.uy\/noticias\/wp-content\/uploads\/2026\/03\/E.jpg",343,219,false],"covernews-featured":["https:\/\/diariotiempo.com.uy\/noticias\/wp-content\/uploads\/2026\/03\/E.jpg",343,219,false],"covernews-medium":["https:\/\/diariotiempo.com.uy\/noticias\/wp-content\/uploads\/2026\/03\/E.jpg",343,219,false],"covernews-medium-square":["https:\/\/diariotiempo.com.uy\/noticias\/wp-content\/uploads\/2026\/03\/E.jpg",343,219,false]},"author_info":{"display_name":"diario","author_link":"https:\/\/diariotiempo.com.uy\/noticias\/author\/diario\/"},"category_info":"<a href=\"https:\/\/diariotiempo.com.uy\/noticias\/category\/departamental\/\" rel=\"category tag\">DEPARTAMENTAL<\/a>","tag_info":"DEPARTAMENTAL","comment_count":"0","_links":{"self":[{"href":"https:\/\/diariotiempo.com.uy\/noticias\/wp-json\/wp\/v2\/posts\/22261","targetHints":{"allow":["GET"]}}],"collection":[{"href":"https:\/\/diariotiempo.com.uy\/noticias\/wp-json\/wp\/v2\/posts"}],"about":[{"href":"https:\/\/diariotiempo.com.uy\/noticias\/wp-json\/wp\/v2\/types\/post"}],"author":[{"embeddable":true,"href":"https:\/\/diariotiempo.com.uy\/noticias\/wp-json\/wp\/v2\/users\/1"}],"replies":[{"embeddable":true,"href":"https:\/\/diariotiempo.com.uy\/noticias\/wp-json\/wp\/v2\/comments?post=22261"}],"version-history":[{"count":2,"href":"https:\/\/diariotiempo.com.uy\/noticias\/wp-json\/wp\/v2\/posts\/22261\/revisions"}],"predecessor-version":[{"id":22264,"href":"https:\/\/diariotiempo.com.uy\/noticias\/wp-json\/wp\/v2\/posts\/22261\/revisions\/22264"}],"wp:featuredmedia":[{"embeddable":true,"href":"https:\/\/diariotiempo.com.uy\/noticias\/wp-json\/wp\/v2\/media\/22262"}],"wp:attachment":[{"href":"https:\/\/diariotiempo.com.uy\/noticias\/wp-json\/wp\/v2\/media?parent=22261"}],"wp:term":[{"taxonomy":"category","embeddable":true,"href":"https:\/\/diariotiempo.com.uy\/noticias\/wp-json\/wp\/v2\/categories?post=22261"},{"taxonomy":"post_tag","embeddable":true,"href":"https:\/\/diariotiempo.com.uy\/noticias\/wp-json\/wp\/v2\/tags?post=22261"}],"curies":[{"name":"wp","href":"https:\/\/api.w.org\/{rel}","templated":true}]}}