{"id":22265,"date":"2026-03-09T14:27:55","date_gmt":"2026-03-09T14:27:55","guid":{"rendered":"https:\/\/diariotiempo.com.uy\/noticias\/?p=22265"},"modified":"2026-03-09T14:27:57","modified_gmt":"2026-03-09T14:27:57","slug":"gobierno-de-canelones-y-universidad-de-la-republica-renuevan-convenio-marco-de-cooperacion","status":"publish","type":"post","link":"https:\/\/diariotiempo.com.uy\/noticias\/2026\/03\/09\/gobierno-de-canelones-y-universidad-de-la-republica-renuevan-convenio-marco-de-cooperacion\/","title":{"rendered":"Gobierno de Canelones y Universidad de la Rep\u00fablica renuevan convenio marco de cooperaci\u00f3n"},"content":{"rendered":"\n<figure class=\"wp-block-image size-full\"><img loading=\"lazy\" decoding=\"async\" width=\"800\" height=\"432\" src=\"https:\/\/diariotiempo.com.uy\/noticias\/wp-content\/uploads\/2026\/03\/firma.jpg\" alt=\"\" class=\"wp-image-22266\" srcset=\"https:\/\/diariotiempo.com.uy\/noticias\/wp-content\/uploads\/2026\/03\/firma.jpg 800w, https:\/\/diariotiempo.com.uy\/noticias\/wp-content\/uploads\/2026\/03\/firma-300x162.jpg 300w, https:\/\/diariotiempo.com.uy\/noticias\/wp-content\/uploads\/2026\/03\/firma-768x415.jpg 768w\" sizes=\"auto, (max-width: 800px) 100vw, 800px\" \/><\/figure>\n\n\n\n<p>La Universidad de la Rep\u00fablica (Udelar) y el Gobierno de Canelones renovaron el convenio marco de cooperaci\u00f3n que ambas instituciones mantienen desde 2005, reafirmando su compromiso de trabajo conjunto en \u00e1reas clave para el desarrollo del departamento.<\/p>\n\n\n\n<p>La firma del acuerdo consolida m\u00e1s de dos d\u00e9cadas de articulaci\u00f3n interinstitucional, permitiendo el desarrollo de proyectos acad\u00e9micos, sociales, productivos y ambientales orientados a mejorar la calidad de vida de la poblaci\u00f3n canaria.<\/p>\n\n\n\n<p>Actualmente cuatro facultades: Derecho, Psicolog\u00eda, Agronom\u00eda y Ciencias Econ\u00f3micas y de Administraci\u00f3n, junto al Centro Universitario Regional Este (CURE) mantienen acciones conjuntas con el Gobierno de Canelones en diversas \u00e1reas. Estas iniciativas abarcan asesoramiento jur\u00eddico a la poblaci\u00f3n, atenci\u00f3n y orientaci\u00f3n en salud mental, apoyo a peque\u00f1os productores, estudios econ\u00f3micos y acciones vinculadas al desarrollo territorial.<\/p>\n\n\n\n<p>El responsable del Centro de Estudios Estrat\u00e9gicos Canarios (CEEC), Alejandro Sosa, destac\u00f3 la importancia del trabajo sostenido entre ambas instituciones: \u201ceste convenio se inici\u00f3 en 2005 y se ha ido renovando de forma constante, habilitando que las dos instituciones trabajen juntas en diversos temas y problemas del departamento, abordando necesidades econ\u00f3micas, sociales y ambientales, entre muchas otras\u201d.<\/p>\n\n\n\n<p>Desde su creaci\u00f3n, el convenio ha dado lugar a m\u00faltiples acuerdos espec\u00edficos entre distintas facultades, direcciones de la Intendencia y municipios. Actualmente, varios proyectos se encuentran en ejecuci\u00f3n.<\/p>\n\n\n\n<p>Uno de los m\u00e1s recientes es la inauguraci\u00f3n de un espacio piloto de orientaci\u00f3n y consulta en salud mental para funcionarias y funcionaros departamentales, a cargo de la Facultad de Psicolog\u00eda. El servicio brinda asistencia gratuita en d\u00edas y horarios establecidos, publicados en la web institucional. \u201cSe empieza por un piloto donde los funcionarios y las funcionarias pueden acercarse a manifestar cuestiones personales y reciben asistencia gratuita de parte de la Facultad de Psicolog\u00eda\u201d, explic\u00f3 Sosa.<\/p>\n\n\n\n<p>Asimismo, la Facultad de Derecho desarrolla consultorios jur\u00eddicos gratuitos en distintos municipios, ofreciendo orientaci\u00f3n judicial a poblaci\u00f3n vulnerable, con participaci\u00f3n de estudiantes y docentes.<\/p>\n\n\n\n<p>En el plano ambiental, se ha realizado un importante trabajo interdisciplinario para estudiar los recursos h\u00eddricos del departamento, tanto superficiales como subterr\u00e1neos: \u201ctodo en aras de tener mejor informaci\u00f3n y datos de calidad para mejorar la gesti\u00f3n, las pol\u00edticas y en definitiva la vida de las personas y la salud de nuestros ecosistemas\u201d, subray\u00f3 el responsable del CEEC.<\/p>\n\n\n\n<p><strong>Proyecci\u00f3n a futuro<\/strong><\/p>\n\n\n\n<p>El rector de la Udelar, H\u00e9ctor Cancela, valor\u00f3 la renovaci\u00f3n como un paso estrat\u00e9gico para fortalecer la presencia territorial de la universidad: \u201ces un convenio muy significativo, nos da la posibilidad de que una cantidad importante de integrantes de la universidad, docentes y estudiantes, trabajen aqu\u00ed en el departamento de Canelones impulsando iniciativas de inter\u00e9s y beneficio para la poblaci\u00f3n en general\u201d.<\/p>\n\n\n\n<p>Cancela destac\u00f3 que el acuerdo abarca desde el control de calidad de aguas y el apoyo a peque\u00f1os productores, con participaci\u00f3n de la Facultad de Agronom\u00eda, hasta espacios de formaci\u00f3n cultural y consultorios jur\u00eddicos.<\/p>\n\n\n\n<p>De cara al futuro, la proyecci\u00f3n apunta a ampliar la vinculaci\u00f3n en \u00e1reas como gesti\u00f3n cultural, formaci\u00f3n ambiental, ecolog\u00eda y estudios sobre oportunidades productivas en las distintas microrregiones del departamento. \u201cSe trata de atender las necesidades concretas de la poblaci\u00f3n hoy, pero tambi\u00e9n de permitirle al departamento proyectarse hacia el futuro\u201d, concluy\u00f3 el rector.<\/p>\n\n\n\n<p>La actividad cont\u00f3 con la participaci\u00f3n del Intendente de Canelones, Francisco Legnani, el Secretario General en funciones, Diego N\u00fa\u00f1ez, la pro Secretaria, Sandra Saffores, autoridades de UDELAR y departamental.<\/p>\n\n\n\n<p>Con esta renovaci\u00f3n, la Universidad de la Rep\u00fablica y el Gobierno de Canelones consolidan una alianza estrat\u00e9gica que combina conocimiento acad\u00e9mico y gesti\u00f3n p\u00fablica para promover el desarrollo sostenible, la inclusi\u00f3n social y el fortalecimiento institucional en todo el territorio departamental. Fotos IMC<\/p>\n","protected":false},"excerpt":{"rendered":"<p>La Universidad de la Rep\u00fablica (Udelar) y el Gobierno de Canelones renovaron el convenio marco&#8230;<\/p>\n","protected":false},"author":1,"featured_media":22266,"comment_status":"closed","ping_status":"closed","sticky":false,"template":"","format":"standard","meta":{"_monsterinsights_skip_tracking":false,"_monsterinsights_sitenote_active":false,"_monsterinsights_sitenote_note":"","_monsterinsights_sitenote_category":0,"footnotes":""},"categories":[4],"tags":[],"class_list":["post-22265","post","type-post","status-publish","format-standard","has-post-thumbnail","hentry","category-departamental"],"featured_image_urls":{"full":["https:\/\/diariotiempo.com.uy\/noticias\/wp-content\/uploads\/2026\/03\/firma.jpg",800,432,false],"thumbnail":["https:\/\/diariotiempo.com.uy\/noticias\/wp-content\/uploads\/2026\/03\/firma-150x150.jpg",150,150,true],"medium":["https:\/\/diariotiempo.com.uy\/noticias\/wp-content\/uploads\/2026\/03\/firma-300x162.jpg",300,162,true],"medium_large":["https:\/\/diariotiempo.com.uy\/noticias\/wp-content\/uploads\/2026\/03\/firma-768x415.jpg",640,346,true],"large":["https:\/\/diariotiempo.com.uy\/noticias\/wp-content\/uploads\/2026\/03\/firma.jpg",640,346,false],"rpg_gallery_admin_thumb":["https:\/\/diariotiempo.com.uy\/noticias\/wp-content\/uploads\/2026\/03\/firma-150x150.jpg",150,150,true],"rpg_gallery_thumb":["https:\/\/diariotiempo.com.uy\/noticias\/wp-content\/uploads\/2026\/03\/firma-150x150.jpg",150,150,true],"1536x1536":["https:\/\/diariotiempo.com.uy\/noticias\/wp-content\/uploads\/2026\/03\/firma.jpg",800,432,false],"2048x2048":["https:\/\/diariotiempo.com.uy\/noticias\/wp-content\/uploads\/2026\/03\/firma.jpg",800,432,false],"covernews-slider-full":["https:\/\/diariotiempo.com.uy\/noticias\/wp-content\/uploads\/2026\/03\/firma.jpg",800,432,false],"covernews-slider-center":["https:\/\/diariotiempo.com.uy\/noticias\/wp-content\/uploads\/2026\/03\/firma.jpg",800,432,false],"covernews-featured":["https:\/\/diariotiempo.com.uy\/noticias\/wp-content\/uploads\/2026\/03\/firma.jpg",800,432,false],"covernews-medium":["https:\/\/diariotiempo.com.uy\/noticias\/wp-content\/uploads\/2026\/03\/firma-540x340.jpg",540,340,true],"covernews-medium-square":["https:\/\/diariotiempo.com.uy\/noticias\/wp-content\/uploads\/2026\/03\/firma-400x250.jpg",400,250,true]},"author_info":{"display_name":"diario","author_link":"https:\/\/diariotiempo.com.uy\/noticias\/author\/diario\/"},"category_info":"<a href=\"https:\/\/diariotiempo.com.uy\/noticias\/category\/departamental\/\" rel=\"category tag\">DEPARTAMENTAL<\/a>","tag_info":"DEPARTAMENTAL","comment_count":"0","_links":{"self":[{"href":"https:\/\/diariotiempo.com.uy\/noticias\/wp-json\/wp\/v2\/posts\/22265","targetHints":{"allow":["GET"]}}],"collection":[{"href":"https:\/\/diariotiempo.com.uy\/noticias\/wp-json\/wp\/v2\/posts"}],"about":[{"href":"https:\/\/diariotiempo.com.uy\/noticias\/wp-json\/wp\/v2\/types\/post"}],"author":[{"embeddable":true,"href":"https:\/\/diariotiempo.com.uy\/noticias\/wp-json\/wp\/v2\/users\/1"}],"replies":[{"embeddable":true,"href":"https:\/\/diariotiempo.com.uy\/noticias\/wp-json\/wp\/v2\/comments?post=22265"}],"version-history":[{"count":1,"href":"https:\/\/diariotiempo.com.uy\/noticias\/wp-json\/wp\/v2\/posts\/22265\/revisions"}],"predecessor-version":[{"id":22267,"href":"https:\/\/diariotiempo.com.uy\/noticias\/wp-json\/wp\/v2\/posts\/22265\/revisions\/22267"}],"wp:featuredmedia":[{"embeddable":true,"href":"https:\/\/diariotiempo.com.uy\/noticias\/wp-json\/wp\/v2\/media\/22266"}],"wp:attachment":[{"href":"https:\/\/diariotiempo.com.uy\/noticias\/wp-json\/wp\/v2\/media?parent=22265"}],"wp:term":[{"taxonomy":"category","embeddable":true,"href":"https:\/\/diariotiempo.com.uy\/noticias\/wp-json\/wp\/v2\/categories?post=22265"},{"taxonomy":"post_tag","embeddable":true,"href":"https:\/\/diariotiempo.com.uy\/noticias\/wp-json\/wp\/v2\/tags?post=22265"}],"curies":[{"name":"wp","href":"https:\/\/api.w.org\/{rel}","templated":true}]}}