{"id":22271,"date":"2026-03-09T14:31:39","date_gmt":"2026-03-09T14:31:39","guid":{"rendered":"https:\/\/diariotiempo.com.uy\/noticias\/?p=22271"},"modified":"2026-03-09T14:32:03","modified_gmt":"2026-03-09T14:32:03","slug":"el-13-de-marzo-llegan-las-vacunas-de-la-gripe-y-luego-comienza-la-campana-de-vacunacion","status":"publish","type":"post","link":"https:\/\/diariotiempo.com.uy\/noticias\/2026\/03\/09\/el-13-de-marzo-llegan-las-vacunas-de-la-gripe-y-luego-comienza-la-campana-de-vacunacion\/","title":{"rendered":"El 13 de marzo llegan las vacunas de la gripe y luego comienza la campa\u00f1a de vacunaci\u00f3n"},"content":{"rendered":"\n<figure class=\"wp-block-image size-full\"><img loading=\"lazy\" decoding=\"async\" width=\"800\" height=\"531\" src=\"https:\/\/diariotiempo.com.uy\/noticias\/wp-content\/uploads\/2026\/03\/vac.jpg\" alt=\"\" class=\"wp-image-22272\" srcset=\"https:\/\/diariotiempo.com.uy\/noticias\/wp-content\/uploads\/2026\/03\/vac.jpg 800w, https:\/\/diariotiempo.com.uy\/noticias\/wp-content\/uploads\/2026\/03\/vac-300x199.jpg 300w, https:\/\/diariotiempo.com.uy\/noticias\/wp-content\/uploads\/2026\/03\/vac-768x510.jpg 768w\" sizes=\"auto, (max-width: 800px) 100vw, 800px\" \/><\/figure>\n\n\n\n<p>La ministra de Salud P\u00fablica Cristina Lustemberg anunci\u00f3 este mi\u00e9rcoles que el 13 de marzo llegan a Uruguay las vacunas contra la gripe.<\/p>\n\n\n\n<p>Con esta fecha confirmada, la campa\u00f1a de vacunaci\u00f3n comenzar\u00e1 en la segunda quincena de este mes, agreg\u00f3 la ministra en el programa Arriba Gente de Canal 10.<\/p>\n\n\n\n<p>Son alrededor de 600.000 dosis que incluyen la vacuna contra la cepa de la gripe registrada en el hemisferio norte.<\/p>\n\n\n\n<p>El tiempo en los pr\u00f3ximos d\u00edas: ma\u00f1anas frescas, tardes calurosas pero a\u00fan inestable con lluvias aisladas<\/p>\n\n\n\n<p>Lustemberg se\u00f1al\u00f3 que lamentablemente muchas veces tienen que devolver o desechar vacunas porque no se utilizan todas, y record\u00f3 que los ni\u00f1os m\u00e1s chicos, los adultos mayores y las personas con enfermedades previas son la poblaci\u00f3n de riesgo y para ellas especialmente se recomienda la vacuna.<\/p>\n\n\n\n<p>\u00abA veces uno la minimiza a la gripe, pero en las personas de riesgo, las personas mayores, los ni\u00f1os peque\u00f1os, el personal de la salud, bomberos, personal vinculado al sector educativo, o personas con alguna inmunodepresi\u00f3n, son las personas que recomendamos vacunar, as\u00ed que pensamos que en la segunda quincena de marzo va a estar en los puestos de vacunaci\u00f3n\u00bb, dijo la ministra.<\/p>\n\n\n\n<p>\u00abLa vacuna de la gripe protege de una enfermedad potencialmente peligrosa y a veces mortal en las personas de riesgo\u00bb, advirti\u00f3 Lustemberg.<\/p>\n","protected":false},"excerpt":{"rendered":"<p>La ministra de Salud P\u00fablica Cristina Lustemberg anunci\u00f3 este mi\u00e9rcoles que el 13 de marzo&#8230;<\/p>\n","protected":false},"author":1,"featured_media":22272,"comment_status":"closed","ping_status":"closed","sticky":false,"template":"","format":"standard","meta":{"_monsterinsights_skip_tracking":false,"_monsterinsights_sitenote_active":false,"_monsterinsights_sitenote_note":"","_monsterinsights_sitenote_category":0,"footnotes":""},"categories":[70],"tags":[],"class_list":["post-22271","post","type-post","status-publish","format-standard","has-post-thumbnail","hentry","category-salud"],"featured_image_urls":{"full":["https:\/\/diariotiempo.com.uy\/noticias\/wp-content\/uploads\/2026\/03\/vac.jpg",800,531,false],"thumbnail":["https:\/\/diariotiempo.com.uy\/noticias\/wp-content\/uploads\/2026\/03\/vac-150x150.jpg",150,150,true],"medium":["https:\/\/diariotiempo.com.uy\/noticias\/wp-content\/uploads\/2026\/03\/vac-300x199.jpg",300,199,true],"medium_large":["https:\/\/diariotiempo.com.uy\/noticias\/wp-content\/uploads\/2026\/03\/vac-768x510.jpg",640,425,true],"large":["https:\/\/diariotiempo.com.uy\/noticias\/wp-content\/uploads\/2026\/03\/vac.jpg",640,425,false],"rpg_gallery_admin_thumb":["https:\/\/diariotiempo.com.uy\/noticias\/wp-content\/uploads\/2026\/03\/vac-150x150.jpg",150,150,true],"rpg_gallery_thumb":["https:\/\/diariotiempo.com.uy\/noticias\/wp-content\/uploads\/2026\/03\/vac-150x150.jpg",150,150,true],"1536x1536":["https:\/\/diariotiempo.com.uy\/noticias\/wp-content\/uploads\/2026\/03\/vac.jpg",800,531,false],"2048x2048":["https:\/\/diariotiempo.com.uy\/noticias\/wp-content\/uploads\/2026\/03\/vac.jpg",800,531,false],"covernews-slider-full":["https:\/\/diariotiempo.com.uy\/noticias\/wp-content\/uploads\/2026\/03\/vac.jpg",800,531,false],"covernews-slider-center":["https:\/\/diariotiempo.com.uy\/noticias\/wp-content\/uploads\/2026\/03\/vac-800x500.jpg",800,500,true],"covernews-featured":["https:\/\/diariotiempo.com.uy\/noticias\/wp-content\/uploads\/2026\/03\/vac.jpg",800,531,false],"covernews-medium":["https:\/\/diariotiempo.com.uy\/noticias\/wp-content\/uploads\/2026\/03\/vac-540x340.jpg",540,340,true],"covernews-medium-square":["https:\/\/diariotiempo.com.uy\/noticias\/wp-content\/uploads\/2026\/03\/vac-400x250.jpg",400,250,true]},"author_info":{"display_name":"diario","author_link":"https:\/\/diariotiempo.com.uy\/noticias\/author\/diario\/"},"category_info":"<a href=\"https:\/\/diariotiempo.com.uy\/noticias\/category\/salud\/\" rel=\"category tag\">SALUD<\/a>","tag_info":"SALUD","comment_count":"0","_links":{"self":[{"href":"https:\/\/diariotiempo.com.uy\/noticias\/wp-json\/wp\/v2\/posts\/22271","targetHints":{"allow":["GET"]}}],"collection":[{"href":"https:\/\/diariotiempo.com.uy\/noticias\/wp-json\/wp\/v2\/posts"}],"about":[{"href":"https:\/\/diariotiempo.com.uy\/noticias\/wp-json\/wp\/v2\/types\/post"}],"author":[{"embeddable":true,"href":"https:\/\/diariotiempo.com.uy\/noticias\/wp-json\/wp\/v2\/users\/1"}],"replies":[{"embeddable":true,"href":"https:\/\/diariotiempo.com.uy\/noticias\/wp-json\/wp\/v2\/comments?post=22271"}],"version-history":[{"count":1,"href":"https:\/\/diariotiempo.com.uy\/noticias\/wp-json\/wp\/v2\/posts\/22271\/revisions"}],"predecessor-version":[{"id":22273,"href":"https:\/\/diariotiempo.com.uy\/noticias\/wp-json\/wp\/v2\/posts\/22271\/revisions\/22273"}],"wp:featuredmedia":[{"embeddable":true,"href":"https:\/\/diariotiempo.com.uy\/noticias\/wp-json\/wp\/v2\/media\/22272"}],"wp:attachment":[{"href":"https:\/\/diariotiempo.com.uy\/noticias\/wp-json\/wp\/v2\/media?parent=22271"}],"wp:term":[{"taxonomy":"category","embeddable":true,"href":"https:\/\/diariotiempo.com.uy\/noticias\/wp-json\/wp\/v2\/categories?post=22271"},{"taxonomy":"post_tag","embeddable":true,"href":"https:\/\/diariotiempo.com.uy\/noticias\/wp-json\/wp\/v2\/tags?post=22271"}],"curies":[{"name":"wp","href":"https:\/\/api.w.org\/{rel}","templated":true}]}}