{"id":22397,"date":"2026-03-17T17:16:27","date_gmt":"2026-03-17T17:16:27","guid":{"rendered":"https:\/\/diariotiempo.com.uy\/noticias\/?p=22397"},"modified":"2026-03-17T17:16:29","modified_gmt":"2026-03-17T17:16:29","slug":"una-anciana-con-quemaduras-en-incendio-en-cuchilla-alta","status":"publish","type":"post","link":"https:\/\/diariotiempo.com.uy\/noticias\/2026\/03\/17\/una-anciana-con-quemaduras-en-incendio-en-cuchilla-alta\/","title":{"rendered":"Una anciana con quemaduras en incendio en Cuchilla Alta"},"content":{"rendered":"\n<figure class=\"wp-block-image size-full\"><img loading=\"lazy\" decoding=\"async\" width=\"800\" height=\"533\" src=\"https:\/\/diariotiempo.com.uy\/noticias\/wp-content\/uploads\/2026\/03\/bombero.jpg\" alt=\"\" class=\"wp-image-22398\" srcset=\"https:\/\/diariotiempo.com.uy\/noticias\/wp-content\/uploads\/2026\/03\/bombero.jpg 800w, https:\/\/diariotiempo.com.uy\/noticias\/wp-content\/uploads\/2026\/03\/bombero-300x200.jpg 300w, https:\/\/diariotiempo.com.uy\/noticias\/wp-content\/uploads\/2026\/03\/bombero-768x512.jpg 768w\" sizes=\"auto, (max-width: 800px) 100vw, 800px\" \/><\/figure>\n\n\n\n<p>Una vivienda de construcci\u00f3n liviana result\u00f3 con p\u00e9rdidas totales tras un incendio generalizado originado por una fuga de gas. La propietaria, una mujer de 82 a\u00f1os, debi\u00f3 ser trasladada con quemaduras. El hecho ocurri\u00f3 en la madrugada del pasado 14 de marzo en una finca ubicada en las calles 5 y 2 del Balneario Cuchilla Alta. Al arribo de las dotaciones de Bomberos, se constat\u00f3 un fuego generalizado en una estructura de isopanel. <\/p>\n\n\n\n<p>El personal de Bomberos logr\u00f3 cortar la propagaci\u00f3n hacia fincas linderas y procedi\u00f3 a la extinci\u00f3n total del foco. La propietaria de la vivienda, logr\u00f3 salir de la finca y refugiarse con vecinos. Fue asistida en el lugar por una unidad de SAME presentando \u00abQuemaduras de segundo grado en miembros inferiores, sin compromiso de v\u00edas a\u00e9reas\u00bb, y trasladada posteriormente a un centro asistencial. <\/p>\n\n\n\n<p>\u201cDe acuerdo a las investigaciones realizadas en el \u00e1rea afectada y el an\u00e1lisis de rastros, personal de Bomberos concluy\u00f3 que el siniestro se origin\u00f3 por una explosi\u00f3n de ambiente producto de una p\u00e9rdida de gas. La intervenci\u00f3n fue calificada t\u00e9cnicamente como un hecho hipot\u00e9tico accidental previsible.<\/p>\n\n\n\n<p><\/p>\n","protected":false},"excerpt":{"rendered":"<p>Una vivienda de construcci\u00f3n liviana result\u00f3 con p\u00e9rdidas totales tras un incendio generalizado originado por&#8230;<\/p>\n","protected":false},"author":1,"featured_media":22398,"comment_status":"closed","ping_status":"closed","sticky":false,"template":"","format":"standard","meta":{"_monsterinsights_skip_tracking":false,"_monsterinsights_sitenote_active":false,"_monsterinsights_sitenote_note":"","_monsterinsights_sitenote_category":0,"footnotes":""},"categories":[6],"tags":[],"class_list":["post-22397","post","type-post","status-publish","format-standard","has-post-thumbnail","hentry","category-policial"],"featured_image_urls":{"full":["https:\/\/diariotiempo.com.uy\/noticias\/wp-content\/uploads\/2026\/03\/bombero.jpg",800,533,false],"thumbnail":["https:\/\/diariotiempo.com.uy\/noticias\/wp-content\/uploads\/2026\/03\/bombero-150x150.jpg",150,150,true],"medium":["https:\/\/diariotiempo.com.uy\/noticias\/wp-content\/uploads\/2026\/03\/bombero-300x200.jpg",300,200,true],"medium_large":["https:\/\/diariotiempo.com.uy\/noticias\/wp-content\/uploads\/2026\/03\/bombero-768x512.jpg",640,427,true],"large":["https:\/\/diariotiempo.com.uy\/noticias\/wp-content\/uploads\/2026\/03\/bombero.jpg",640,426,false],"rpg_gallery_admin_thumb":["https:\/\/diariotiempo.com.uy\/noticias\/wp-content\/uploads\/2026\/03\/bombero-150x150.jpg",150,150,true],"rpg_gallery_thumb":["https:\/\/diariotiempo.com.uy\/noticias\/wp-content\/uploads\/2026\/03\/bombero-150x150.jpg",150,150,true],"1536x1536":["https:\/\/diariotiempo.com.uy\/noticias\/wp-content\/uploads\/2026\/03\/bombero.jpg",800,533,false],"2048x2048":["https:\/\/diariotiempo.com.uy\/noticias\/wp-content\/uploads\/2026\/03\/bombero.jpg",800,533,false],"covernews-slider-full":["https:\/\/diariotiempo.com.uy\/noticias\/wp-content\/uploads\/2026\/03\/bombero.jpg",800,533,false],"covernews-slider-center":["https:\/\/diariotiempo.com.uy\/noticias\/wp-content\/uploads\/2026\/03\/bombero-800x500.jpg",800,500,true],"covernews-featured":["https:\/\/diariotiempo.com.uy\/noticias\/wp-content\/uploads\/2026\/03\/bombero.jpg",800,533,false],"covernews-medium":["https:\/\/diariotiempo.com.uy\/noticias\/wp-content\/uploads\/2026\/03\/bombero-540x340.jpg",540,340,true],"covernews-medium-square":["https:\/\/diariotiempo.com.uy\/noticias\/wp-content\/uploads\/2026\/03\/bombero-400x250.jpg",400,250,true]},"author_info":{"display_name":"diario","author_link":"https:\/\/diariotiempo.com.uy\/noticias\/author\/diario\/"},"category_info":"<a href=\"https:\/\/diariotiempo.com.uy\/noticias\/category\/policial\/\" rel=\"category tag\">POLICIAL<\/a>","tag_info":"POLICIAL","comment_count":"0","_links":{"self":[{"href":"https:\/\/diariotiempo.com.uy\/noticias\/wp-json\/wp\/v2\/posts\/22397","targetHints":{"allow":["GET"]}}],"collection":[{"href":"https:\/\/diariotiempo.com.uy\/noticias\/wp-json\/wp\/v2\/posts"}],"about":[{"href":"https:\/\/diariotiempo.com.uy\/noticias\/wp-json\/wp\/v2\/types\/post"}],"author":[{"embeddable":true,"href":"https:\/\/diariotiempo.com.uy\/noticias\/wp-json\/wp\/v2\/users\/1"}],"replies":[{"embeddable":true,"href":"https:\/\/diariotiempo.com.uy\/noticias\/wp-json\/wp\/v2\/comments?post=22397"}],"version-history":[{"count":1,"href":"https:\/\/diariotiempo.com.uy\/noticias\/wp-json\/wp\/v2\/posts\/22397\/revisions"}],"predecessor-version":[{"id":22399,"href":"https:\/\/diariotiempo.com.uy\/noticias\/wp-json\/wp\/v2\/posts\/22397\/revisions\/22399"}],"wp:featuredmedia":[{"embeddable":true,"href":"https:\/\/diariotiempo.com.uy\/noticias\/wp-json\/wp\/v2\/media\/22398"}],"wp:attachment":[{"href":"https:\/\/diariotiempo.com.uy\/noticias\/wp-json\/wp\/v2\/media?parent=22397"}],"wp:term":[{"taxonomy":"category","embeddable":true,"href":"https:\/\/diariotiempo.com.uy\/noticias\/wp-json\/wp\/v2\/categories?post=22397"},{"taxonomy":"post_tag","embeddable":true,"href":"https:\/\/diariotiempo.com.uy\/noticias\/wp-json\/wp\/v2\/tags?post=22397"}],"curies":[{"name":"wp","href":"https:\/\/api.w.org\/{rel}","templated":true}]}}