{"id":22400,"date":"2026-03-17T17:17:56","date_gmt":"2026-03-17T17:17:56","guid":{"rendered":"https:\/\/diariotiempo.com.uy\/noticias\/?p=22400"},"modified":"2026-03-17T17:18:47","modified_gmt":"2026-03-17T17:18:47","slug":"con-48-antecedentes-a-la-carcel-por-hurto","status":"publish","type":"post","link":"https:\/\/diariotiempo.com.uy\/noticias\/2026\/03\/17\/con-48-antecedentes-a-la-carcel-por-hurto\/","title":{"rendered":"Con 48 antecedentes a la c\u00e1rcel por hurto"},"content":{"rendered":"\n<p>Personal de la Seccional 10 de Tala intervino tras recibir comunicaci\u00f3n de un comerciante quien manifest\u00f3 que un hombre se encontraba hurtando mercader\u00eda en su local, por lo que de inmediato se dispuso un operativo en la zona para ubicar al presunto autor.<\/p>\n\n\n\n<p>\u201cEn recorrida por las inmediaciones, los efectivos lograron identificar al sospechoso a pocas cuadras del lugar del hecho, procediendo a su detenci\u00f3n y recuper\u00e1ndose parte de los efectos denunciados. <\/p>\n\n\n\n<p>Enterada la Fiscal\u00eda competente, dispuso su conducci\u00f3n a sede judicial.\u201cFinalizada la audiencia, la Justicia dispuso CONDENAR a O.O.M.D., de 67 a\u00f1os, poseedor de 48 antecedentes penales (37 por hurto, 10 por violaci\u00f3n de domicilio y 1 por tenencia de estupefacientes no para consumo), como AUTOR PENALMENTE RESPONSABLE DE DOS DELITOS DE HURTO EN REITERACI\u00d3N REAL, a la pena de cinco (5) meses de prisi\u00f3n de cumplimiento efectivo<\/p>\n\n\n\n<p><\/p>\n","protected":false},"excerpt":{"rendered":"<p>Personal de la Seccional 10 de Tala intervino tras recibir comunicaci\u00f3n de un comerciante quien&#8230;<\/p>\n","protected":false},"author":1,"featured_media":22401,"comment_status":"closed","ping_status":"closed","sticky":false,"template":"","format":"standard","meta":{"_monsterinsights_skip_tracking":false,"_monsterinsights_sitenote_active":false,"_monsterinsights_sitenote_note":"","_monsterinsights_sitenote_category":0,"footnotes":""},"categories":[6],"tags":[],"class_list":["post-22400","post","type-post","status-publish","format-standard","has-post-thumbnail","hentry","category-policial"],"featured_image_urls":{"full":["https:\/\/diariotiempo.com.uy\/noticias\/wp-content\/uploads\/2026\/03\/reja.jpg",626,470,false],"thumbnail":["https:\/\/diariotiempo.com.uy\/noticias\/wp-content\/uploads\/2026\/03\/reja-150x150.jpg",150,150,true],"medium":["https:\/\/diariotiempo.com.uy\/noticias\/wp-content\/uploads\/2026\/03\/reja-300x225.jpg",300,225,true],"medium_large":["https:\/\/diariotiempo.com.uy\/noticias\/wp-content\/uploads\/2026\/03\/reja.jpg",626,470,false],"large":["https:\/\/diariotiempo.com.uy\/noticias\/wp-content\/uploads\/2026\/03\/reja.jpg",626,470,false],"rpg_gallery_admin_thumb":["https:\/\/diariotiempo.com.uy\/noticias\/wp-content\/uploads\/2026\/03\/reja-150x150.jpg",150,150,true],"rpg_gallery_thumb":["https:\/\/diariotiempo.com.uy\/noticias\/wp-content\/uploads\/2026\/03\/reja-150x150.jpg",150,150,true],"1536x1536":["https:\/\/diariotiempo.com.uy\/noticias\/wp-content\/uploads\/2026\/03\/reja.jpg",626,470,false],"2048x2048":["https:\/\/diariotiempo.com.uy\/noticias\/wp-content\/uploads\/2026\/03\/reja.jpg",626,470,false],"covernews-slider-full":["https:\/\/diariotiempo.com.uy\/noticias\/wp-content\/uploads\/2026\/03\/reja.jpg",626,470,false],"covernews-slider-center":["https:\/\/diariotiempo.com.uy\/noticias\/wp-content\/uploads\/2026\/03\/reja.jpg",626,470,false],"covernews-featured":["https:\/\/diariotiempo.com.uy\/noticias\/wp-content\/uploads\/2026\/03\/reja.jpg",626,470,false],"covernews-medium":["https:\/\/diariotiempo.com.uy\/noticias\/wp-content\/uploads\/2026\/03\/reja-540x340.jpg",540,340,true],"covernews-medium-square":["https:\/\/diariotiempo.com.uy\/noticias\/wp-content\/uploads\/2026\/03\/reja-400x250.jpg",400,250,true]},"author_info":{"display_name":"diario","author_link":"https:\/\/diariotiempo.com.uy\/noticias\/author\/diario\/"},"category_info":"<a href=\"https:\/\/diariotiempo.com.uy\/noticias\/category\/policial\/\" rel=\"category tag\">POLICIAL<\/a>","tag_info":"POLICIAL","comment_count":"0","_links":{"self":[{"href":"https:\/\/diariotiempo.com.uy\/noticias\/wp-json\/wp\/v2\/posts\/22400","targetHints":{"allow":["GET"]}}],"collection":[{"href":"https:\/\/diariotiempo.com.uy\/noticias\/wp-json\/wp\/v2\/posts"}],"about":[{"href":"https:\/\/diariotiempo.com.uy\/noticias\/wp-json\/wp\/v2\/types\/post"}],"author":[{"embeddable":true,"href":"https:\/\/diariotiempo.com.uy\/noticias\/wp-json\/wp\/v2\/users\/1"}],"replies":[{"embeddable":true,"href":"https:\/\/diariotiempo.com.uy\/noticias\/wp-json\/wp\/v2\/comments?post=22400"}],"version-history":[{"count":1,"href":"https:\/\/diariotiempo.com.uy\/noticias\/wp-json\/wp\/v2\/posts\/22400\/revisions"}],"predecessor-version":[{"id":22402,"href":"https:\/\/diariotiempo.com.uy\/noticias\/wp-json\/wp\/v2\/posts\/22400\/revisions\/22402"}],"wp:featuredmedia":[{"embeddable":true,"href":"https:\/\/diariotiempo.com.uy\/noticias\/wp-json\/wp\/v2\/media\/22401"}],"wp:attachment":[{"href":"https:\/\/diariotiempo.com.uy\/noticias\/wp-json\/wp\/v2\/media?parent=22400"}],"wp:term":[{"taxonomy":"category","embeddable":true,"href":"https:\/\/diariotiempo.com.uy\/noticias\/wp-json\/wp\/v2\/categories?post=22400"},{"taxonomy":"post_tag","embeddable":true,"href":"https:\/\/diariotiempo.com.uy\/noticias\/wp-json\/wp\/v2\/tags?post=22400"}],"curies":[{"name":"wp","href":"https:\/\/api.w.org\/{rel}","templated":true}]}}