{"id":22452,"date":"2026-03-20T16:16:38","date_gmt":"2026-03-20T16:16:38","guid":{"rendered":"https:\/\/diariotiempo.com.uy\/noticias\/?p=22452"},"modified":"2026-03-20T16:16:40","modified_gmt":"2026-03-20T16:16:40","slug":"gobierno-de-canelones-firmo-acuerdo-para-la-conservacion-de-la-cuenca-del-santa-lucia","status":"publish","type":"post","link":"https:\/\/diariotiempo.com.uy\/noticias\/2026\/03\/20\/gobierno-de-canelones-firmo-acuerdo-para-la-conservacion-de-la-cuenca-del-santa-lucia\/","title":{"rendered":"Gobierno de Canelones firm\u00f3 acuerdo para la conservaci\u00f3n de la cuenca del Santa Luc\u00eda"},"content":{"rendered":"\n<figure class=\"wp-block-image size-full\"><img loading=\"lazy\" decoding=\"async\" width=\"800\" height=\"432\" src=\"https:\/\/diariotiempo.com.uy\/noticias\/wp-content\/uploads\/2026\/03\/FIRMA-1.jpg\" alt=\"\" class=\"wp-image-22453\" srcset=\"https:\/\/diariotiempo.com.uy\/noticias\/wp-content\/uploads\/2026\/03\/FIRMA-1.jpg 800w, https:\/\/diariotiempo.com.uy\/noticias\/wp-content\/uploads\/2026\/03\/FIRMA-1-300x162.jpg 300w, https:\/\/diariotiempo.com.uy\/noticias\/wp-content\/uploads\/2026\/03\/FIRMA-1-768x415.jpg 768w\" sizes=\"auto, (max-width: 800px) 100vw, 800px\" \/><\/figure>\n\n\n\n<p>El Gobierno de Canelones firm\u00f3 un acuerdo de cooperaci\u00f3n con la Alianza Uruguaya por el Agua (AUA) con el fin de conservar y proteger la cuenca del r\u00edo Santa Luc\u00eda, en un trabajo conjunto con productores ganaderos de la zona, donde se les proveer\u00e1 equipamiento e infraestructura para un mejor manejo del agua para consumo animal.<\/p>\n\n\n\n<p>El director de la AUA, Mauro de la Vega, explic\u00f3 que, tras la firma del acuerdo, se comenzar\u00e1 a desarrollar un plan piloto con 20 productores \u201cque hoy est\u00e1n llevando el ganado al curso del agua y queremos evitar eso\u201d con el fin de \u201cgenerar conservaci\u00f3n y restauraci\u00f3n\u201d de las aguas del Santa Luc\u00eda. La firma del acuerdo, que tuvo lugar en la sede de la Sociedad de Fomento Rural de Tala, genera adem\u00e1s instancias de trabajo mancomunado entre el gobierno departamental y la AUA en lo que tiene que ver con la provisi\u00f3n de bombas solares a productores, \u201cuna soluci\u00f3n tambi\u00e9n para el propio ganado para que no se empantane o tenga algunos problemas para acceder al agua\u201d, destac\u00f3 de la Vega. El director general de la Agencia de Desarrollo Rural del Gobierno de Canelones, Gustavo Gonz\u00e1lez, agreg\u00f3 que a trav\u00e9s de este acuerdo se va a \u201cdotar a los productores de una bomba solar, dos paneles solares, la ca\u00f1er\u00eda, un dep\u00f3sito de agua, y bebederos para que los animales puedan tomar agua m\u00e1s limpia fuera de los espejos de agua\u201d. Gonz\u00e1lez mencion\u00f3 que a trav\u00e9s de este nuevo equipamiento al que acceder\u00e1n los productores, se busca mejorar la calidad de las aguas del Santa Luc\u00eda y sus afluentes, \u201cevitando turbidez, que no queden animales enterrados o que se pierdan animales por ese motivo. Y, adem\u00e1s, yo creo que lo mejor de todo es la se\u00f1al de que acompa\u00f1amos a los productores en el proceso\u201d. El acuerdo, que fue firmado por el intendente de Canelones, Francisco Legnani, y el secretario general del gobierno departamental, Pedro Irigoin, as\u00ed como el propio de la Vega, en representaci\u00f3n de la AUA, \u201cparece chiquito pero va a beneficiar a todo el Uruguay\u201d describi\u00f3 Gonz\u00e1lez, \u201cva a ser demostrativo para otras regiones y estamos seguros de que todo el mundo va a ir hacia ese modelo\u201d. <\/p>\n\n\n\n<p>Fotos IMC<\/p>\n\n\n\n<p><\/p>\n","protected":false},"excerpt":{"rendered":"<p>El Gobierno de Canelones firm\u00f3 un acuerdo de cooperaci\u00f3n con la Alianza Uruguaya por el&#8230;<\/p>\n","protected":false},"author":1,"featured_media":22453,"comment_status":"closed","ping_status":"closed","sticky":false,"template":"","format":"standard","meta":{"_monsterinsights_skip_tracking":false,"_monsterinsights_sitenote_active":false,"_monsterinsights_sitenote_note":"","_monsterinsights_sitenote_category":0,"footnotes":""},"categories":[4],"tags":[],"class_list":["post-22452","post","type-post","status-publish","format-standard","has-post-thumbnail","hentry","category-departamental"],"featured_image_urls":{"full":["https:\/\/diariotiempo.com.uy\/noticias\/wp-content\/uploads\/2026\/03\/FIRMA-1.jpg",800,432,false],"thumbnail":["https:\/\/diariotiempo.com.uy\/noticias\/wp-content\/uploads\/2026\/03\/FIRMA-1-150x150.jpg",150,150,true],"medium":["https:\/\/diariotiempo.com.uy\/noticias\/wp-content\/uploads\/2026\/03\/FIRMA-1-300x162.jpg",300,162,true],"medium_large":["https:\/\/diariotiempo.com.uy\/noticias\/wp-content\/uploads\/2026\/03\/FIRMA-1-768x415.jpg",640,346,true],"large":["https:\/\/diariotiempo.com.uy\/noticias\/wp-content\/uploads\/2026\/03\/FIRMA-1.jpg",640,346,false],"rpg_gallery_admin_thumb":["https:\/\/diariotiempo.com.uy\/noticias\/wp-content\/uploads\/2026\/03\/FIRMA-1-150x150.jpg",150,150,true],"rpg_gallery_thumb":["https:\/\/diariotiempo.com.uy\/noticias\/wp-content\/uploads\/2026\/03\/FIRMA-1-150x150.jpg",150,150,true],"1536x1536":["https:\/\/diariotiempo.com.uy\/noticias\/wp-content\/uploads\/2026\/03\/FIRMA-1.jpg",800,432,false],"2048x2048":["https:\/\/diariotiempo.com.uy\/noticias\/wp-content\/uploads\/2026\/03\/FIRMA-1.jpg",800,432,false],"covernews-slider-full":["https:\/\/diariotiempo.com.uy\/noticias\/wp-content\/uploads\/2026\/03\/FIRMA-1.jpg",800,432,false],"covernews-slider-center":["https:\/\/diariotiempo.com.uy\/noticias\/wp-content\/uploads\/2026\/03\/FIRMA-1.jpg",800,432,false],"covernews-featured":["https:\/\/diariotiempo.com.uy\/noticias\/wp-content\/uploads\/2026\/03\/FIRMA-1.jpg",800,432,false],"covernews-medium":["https:\/\/diariotiempo.com.uy\/noticias\/wp-content\/uploads\/2026\/03\/FIRMA-1-540x340.jpg",540,340,true],"covernews-medium-square":["https:\/\/diariotiempo.com.uy\/noticias\/wp-content\/uploads\/2026\/03\/FIRMA-1-400x250.jpg",400,250,true]},"author_info":{"display_name":"diario","author_link":"https:\/\/diariotiempo.com.uy\/noticias\/author\/diario\/"},"category_info":"<a href=\"https:\/\/diariotiempo.com.uy\/noticias\/category\/departamental\/\" rel=\"category tag\">DEPARTAMENTAL<\/a>","tag_info":"DEPARTAMENTAL","comment_count":"0","_links":{"self":[{"href":"https:\/\/diariotiempo.com.uy\/noticias\/wp-json\/wp\/v2\/posts\/22452","targetHints":{"allow":["GET"]}}],"collection":[{"href":"https:\/\/diariotiempo.com.uy\/noticias\/wp-json\/wp\/v2\/posts"}],"about":[{"href":"https:\/\/diariotiempo.com.uy\/noticias\/wp-json\/wp\/v2\/types\/post"}],"author":[{"embeddable":true,"href":"https:\/\/diariotiempo.com.uy\/noticias\/wp-json\/wp\/v2\/users\/1"}],"replies":[{"embeddable":true,"href":"https:\/\/diariotiempo.com.uy\/noticias\/wp-json\/wp\/v2\/comments?post=22452"}],"version-history":[{"count":1,"href":"https:\/\/diariotiempo.com.uy\/noticias\/wp-json\/wp\/v2\/posts\/22452\/revisions"}],"predecessor-version":[{"id":22454,"href":"https:\/\/diariotiempo.com.uy\/noticias\/wp-json\/wp\/v2\/posts\/22452\/revisions\/22454"}],"wp:featuredmedia":[{"embeddable":true,"href":"https:\/\/diariotiempo.com.uy\/noticias\/wp-json\/wp\/v2\/media\/22453"}],"wp:attachment":[{"href":"https:\/\/diariotiempo.com.uy\/noticias\/wp-json\/wp\/v2\/media?parent=22452"}],"wp:term":[{"taxonomy":"category","embeddable":true,"href":"https:\/\/diariotiempo.com.uy\/noticias\/wp-json\/wp\/v2\/categories?post=22452"},{"taxonomy":"post_tag","embeddable":true,"href":"https:\/\/diariotiempo.com.uy\/noticias\/wp-json\/wp\/v2\/tags?post=22452"}],"curies":[{"name":"wp","href":"https:\/\/api.w.org\/{rel}","templated":true}]}}