{"id":22474,"date":"2026-03-20T16:40:55","date_gmt":"2026-03-20T16:40:55","guid":{"rendered":"https:\/\/diariotiempo.com.uy\/noticias\/?p=22474"},"modified":"2026-03-20T16:40:56","modified_gmt":"2026-03-20T16:40:56","slug":"noche-historica-canelones-fue-sede-de-un-evento-de-la-federacion-uruguaya-de-boxeo-por-primera-vez","status":"publish","type":"post","link":"https:\/\/diariotiempo.com.uy\/noticias\/2026\/03\/20\/noche-historica-canelones-fue-sede-de-un-evento-de-la-federacion-uruguaya-de-boxeo-por-primera-vez\/","title":{"rendered":"Noche hist\u00f3rica: Canelones fue sede de un evento de la Federaci\u00f3n Uruguaya de boxeo por primera vez"},"content":{"rendered":"\n<figure class=\"wp-block-gallery has-nested-images columns-default is-cropped wp-block-gallery-1 is-layout-flex wp-block-gallery-is-layout-flex\">\n<figure class=\"wp-block-image size-large\"><img loading=\"lazy\" decoding=\"async\" width=\"700\" height=\"466\" data-id=\"22476\" src=\"https:\/\/diariotiempo.com.uy\/noticias\/wp-content\/uploads\/2026\/03\/boxeo-ganadora.jpeg\" alt=\"\" class=\"wp-image-22476\" srcset=\"https:\/\/diariotiempo.com.uy\/noticias\/wp-content\/uploads\/2026\/03\/boxeo-ganadora.jpeg 700w, https:\/\/diariotiempo.com.uy\/noticias\/wp-content\/uploads\/2026\/03\/boxeo-ganadora-300x200.jpeg 300w\" sizes=\"auto, (max-width: 700px) 100vw, 700px\" \/><\/figure>\n\n\n\n<figure class=\"wp-block-image size-large\"><img loading=\"lazy\" decoding=\"async\" width=\"700\" height=\"466\" data-id=\"22475\" src=\"https:\/\/diariotiempo.com.uy\/noticias\/wp-content\/uploads\/2026\/03\/boxeo.jpeg\" alt=\"\" class=\"wp-image-22475\" srcset=\"https:\/\/diariotiempo.com.uy\/noticias\/wp-content\/uploads\/2026\/03\/boxeo.jpeg 700w, https:\/\/diariotiempo.com.uy\/noticias\/wp-content\/uploads\/2026\/03\/boxeo-300x200.jpeg 300w\" sizes=\"auto, (max-width: 700px) 100vw, 700px\" \/><\/figure>\n<\/figure>\n\n\n\n<p>Con gran marco de p\u00fablico, se realiz\u00f3 por primera vez en Canelones un evento de la Federaci\u00f3n Uruguaya de Boxeo (FUB) en el cual Marilyn \u201cla reina\u201d Cont\u00edn se hizo con el t\u00edtulo mundial K1 al derrotar a Jacquelin \u201cCabo\u201d Ayala luego de cinco asaltos por decisi\u00f3n un\u00e1nime.<\/p>\n\n\n\n<p>El Polideportivo Sergio Matto de la capital departamental fue el epicentro de una noche hist\u00f3rica. Es que adem\u00e1s de que por primera vez en la historia un evento de la Federaci\u00f3n Uruguaya de Boxeo (FUB) se realiz\u00f3 en Canelones, tambi\u00e9n fue la primera vez que una chilena est\u00e1 presente en una contienda por un t\u00edtulo mundial en esta disciplina. Con un gran ambiente, luces, las gradas apoyando a los atletas, m\u00fasica en vivo y todo el color de un evento internacional, hubo combates de boxeo y kickboxing.Adem\u00e1s del evento estelar, hubo combates profesionales de boxeo. Sheila Liesegang le gan\u00f3 por knockout t\u00e9cnico a Ely Mu\u00f1oz, ambas uruguayas que tuvieron su encuentro tambi\u00e9n en la noche del Matto donde con gran faena se impuso la que apodan \u201cLa Cirujana\u201d. En el segundo combate de la noche, dos canarios se vieron las caras. Juan Pablo Ilharregui, de Salinas, venci\u00f3 por decisi\u00f3n del jurado al oriundo de La Paz, Andr\u00e9s Chaparro.Por su parte, en otra de las peleas internacionales de la velada, el uruguayo Nicol\u00e1s Pereyra venci\u00f3 en las tarjetas al argentino Zoilo Zurueta. Asimismo, antes de pasar a las contiendas de K1, Lucas Fern\u00e1ndez venci\u00f3 por v\u00eda r\u00e1pida a Facundo Amaya. A este punto, el p\u00fablico presente ya estaba efervescente esperando el boche de oro de la noche. Ese clima, lo supo aprovechar el uruguayo Pablo Orona que dobleg\u00f3 de gran forma al argentino Joacim Coronel y lo venci\u00f3 por knockout.El plato fuerte de la noche, fue la pelea estelar donde Cont\u00edn logr\u00f3 doblegar a Ayala con un marco sumamente cuidado al detalle. Pabellones patrios en el ring, himnos nacionales antes de la contienda hasta que la voz del \u00e1rbitro del encuentro, Juan Silva, dijo \u201cfigth\u201d. Uno de los momentos m\u00e1s impactantes y tensos de noche fue cuando se ley\u00f3 el fallo del encuentro por parte del presentador. Se produjo un silencio de esos que describen la presi\u00f3n que se vivi\u00f3. Cuando result\u00f3 ganadora Cont\u00edn, el Matto explot\u00f3 como si cada uno de los presentes dimensionara el momento.El director general de Deportes del Gobierno de Canelones, Luis de Melo, expres\u00f3 que lo que buscaban con la realizaci\u00f3n de este evento \u201cera dar la oportunidad al boxeo uruguayo, que est\u00e1 resurgiendo de que tuviera peleas profesionales, que es lo que precisan los boxeadores en Uruguay, que las peleas sean de car\u00e1cter profesional para poder seguir creyendo y salir afuera\u201d.<\/p>\n\n\n\n<p>Por su parte, el secretario nacional de Deportes, Alejandro Pereda, subray\u00f3 que un tema que no se puede soslayar es que, seg\u00fan \u00e9l piensa, \u201ces un deporte que tiene llegada a zonas donde no llegamos tanto con otras disciplinas\u201d. En este sentido, \u201cse est\u00e1 trabajando en todo el territorio nacional y articulando mucho con las Intendencias\u201d.Para el presidente de la FUB, Adri\u00e1n Silveira, manifest\u00f3 mucha alegr\u00eda y dijo que en su equipo de trabajo est\u00e1n \u201cfelices con todo lo que est\u00e1 pasando, con este convenio que hemos logrado con Canelones que nos abri\u00f3 las puertas, estamos muy contentos\u201dEn otra l\u00ednea, el Alcalde de Canelones, Am\u00e9rico Puga, salud\u00f3 que este evento se realice en su municipio \u201cpor el movimiento que genera y por la econom\u00eda circular que hay alrededor de toda esta iniciativa\u201d. La campeona del mundo, Marilyn Cont\u00edn, dijo que est\u00e1 \u201cs\u00faper contenta, m\u00e1s que nada porque hace mucho que no peleaba ac\u00e1 y hacer lo posible ac\u00e1 en mi pa\u00eds con mi gente es una emoci\u00f3n\u201d. Adem\u00e1s, agreg\u00f3 \u201cEl kingboxing es un deporte menor, as\u00ed que sigo haciendo historia y esto le dio una difusi\u00f3n impresionante, ya he peleado otras veces ac\u00e1 en Uruguay y no he logrado alcanzar ese pico de gente que siga conociendo el deporte y hizo una diferencia tremenda, atraer a toda la gente para ac\u00e1, para Canelones, las redes, todo explot\u00f3, as\u00ed que eso le va a dar m\u00e1s progreso a este deporte\u201d. <\/p>\n\n\n\n<p>Fuente y foto IMC<\/p>\n","protected":false},"excerpt":{"rendered":"<p>Con gran marco de p\u00fablico, se realiz\u00f3 por primera vez en Canelones un evento de&#8230;<\/p>\n","protected":false},"author":1,"featured_media":22475,"comment_status":"closed","ping_status":"closed","sticky":false,"template":"","format":"standard","meta":{"_monsterinsights_skip_tracking":false,"_monsterinsights_sitenote_active":false,"_monsterinsights_sitenote_note":"","_monsterinsights_sitenote_category":0,"footnotes":""},"categories":[8],"tags":[],"class_list":["post-22474","post","type-post","status-publish","format-standard","has-post-thumbnail","hentry","category-deporte"],"featured_image_urls":{"full":["https:\/\/diariotiempo.com.uy\/noticias\/wp-content\/uploads\/2026\/03\/boxeo.jpeg",700,466,false],"thumbnail":["https:\/\/diariotiempo.com.uy\/noticias\/wp-content\/uploads\/2026\/03\/boxeo-150x150.jpeg",150,150,true],"medium":["https:\/\/diariotiempo.com.uy\/noticias\/wp-content\/uploads\/2026\/03\/boxeo-300x200.jpeg",300,200,true],"medium_large":["https:\/\/diariotiempo.com.uy\/noticias\/wp-content\/uploads\/2026\/03\/boxeo.jpeg",640,426,false],"large":["https:\/\/diariotiempo.com.uy\/noticias\/wp-content\/uploads\/2026\/03\/boxeo.jpeg",640,426,false],"rpg_gallery_admin_thumb":["https:\/\/diariotiempo.com.uy\/noticias\/wp-content\/uploads\/2026\/03\/boxeo-150x150.jpeg",150,150,true],"rpg_gallery_thumb":["https:\/\/diariotiempo.com.uy\/noticias\/wp-content\/uploads\/2026\/03\/boxeo-150x150.jpeg",150,150,true],"1536x1536":["https:\/\/diariotiempo.com.uy\/noticias\/wp-content\/uploads\/2026\/03\/boxeo.jpeg",700,466,false],"2048x2048":["https:\/\/diariotiempo.com.uy\/noticias\/wp-content\/uploads\/2026\/03\/boxeo.jpeg",700,466,false],"covernews-slider-full":["https:\/\/diariotiempo.com.uy\/noticias\/wp-content\/uploads\/2026\/03\/boxeo.jpeg",700,466,false],"covernews-slider-center":["https:\/\/diariotiempo.com.uy\/noticias\/wp-content\/uploads\/2026\/03\/boxeo.jpeg",700,466,false],"covernews-featured":["https:\/\/diariotiempo.com.uy\/noticias\/wp-content\/uploads\/2026\/03\/boxeo.jpeg",700,466,false],"covernews-medium":["https:\/\/diariotiempo.com.uy\/noticias\/wp-content\/uploads\/2026\/03\/boxeo-540x340.jpeg",540,340,true],"covernews-medium-square":["https:\/\/diariotiempo.com.uy\/noticias\/wp-content\/uploads\/2026\/03\/boxeo-400x250.jpeg",400,250,true]},"author_info":{"display_name":"diario","author_link":"https:\/\/diariotiempo.com.uy\/noticias\/author\/diario\/"},"category_info":"<a href=\"https:\/\/diariotiempo.com.uy\/noticias\/category\/deporte\/\" rel=\"category tag\">DEPORTE<\/a>","tag_info":"DEPORTE","comment_count":"0","_links":{"self":[{"href":"https:\/\/diariotiempo.com.uy\/noticias\/wp-json\/wp\/v2\/posts\/22474","targetHints":{"allow":["GET"]}}],"collection":[{"href":"https:\/\/diariotiempo.com.uy\/noticias\/wp-json\/wp\/v2\/posts"}],"about":[{"href":"https:\/\/diariotiempo.com.uy\/noticias\/wp-json\/wp\/v2\/types\/post"}],"author":[{"embeddable":true,"href":"https:\/\/diariotiempo.com.uy\/noticias\/wp-json\/wp\/v2\/users\/1"}],"replies":[{"embeddable":true,"href":"https:\/\/diariotiempo.com.uy\/noticias\/wp-json\/wp\/v2\/comments?post=22474"}],"version-history":[{"count":1,"href":"https:\/\/diariotiempo.com.uy\/noticias\/wp-json\/wp\/v2\/posts\/22474\/revisions"}],"predecessor-version":[{"id":22477,"href":"https:\/\/diariotiempo.com.uy\/noticias\/wp-json\/wp\/v2\/posts\/22474\/revisions\/22477"}],"wp:featuredmedia":[{"embeddable":true,"href":"https:\/\/diariotiempo.com.uy\/noticias\/wp-json\/wp\/v2\/media\/22475"}],"wp:attachment":[{"href":"https:\/\/diariotiempo.com.uy\/noticias\/wp-json\/wp\/v2\/media?parent=22474"}],"wp:term":[{"taxonomy":"category","embeddable":true,"href":"https:\/\/diariotiempo.com.uy\/noticias\/wp-json\/wp\/v2\/categories?post=22474"},{"taxonomy":"post_tag","embeddable":true,"href":"https:\/\/diariotiempo.com.uy\/noticias\/wp-json\/wp\/v2\/tags?post=22474"}],"curies":[{"name":"wp","href":"https:\/\/api.w.org\/{rel}","templated":true}]}}