{"id":22480,"date":"2026-03-23T15:39:03","date_gmt":"2026-03-23T15:39:03","guid":{"rendered":"https:\/\/diariotiempo.com.uy\/noticias\/?p=22480"},"modified":"2026-03-23T15:39:05","modified_gmt":"2026-03-23T15:39:05","slug":"canelones-recibe-al-44-festival-internacional-de-cine-con-funciones-en-todo-el-departamento","status":"publish","type":"post","link":"https:\/\/diariotiempo.com.uy\/noticias\/2026\/03\/23\/canelones-recibe-al-44-festival-internacional-de-cine-con-funciones-en-todo-el-departamento\/","title":{"rendered":"Canelones recibe al 44\u00b0 Festival\u00a0Internacional de Cine con funciones en todo el departamento"},"content":{"rendered":"\n<figure class=\"wp-block-image size-full\"><img loading=\"lazy\" decoding=\"async\" width=\"900\" height=\"473\" src=\"https:\/\/diariotiempo.com.uy\/noticias\/wp-content\/uploads\/2026\/03\/CINE-IINTERIOR.jpg\" alt=\"\" class=\"wp-image-22481\" srcset=\"https:\/\/diariotiempo.com.uy\/noticias\/wp-content\/uploads\/2026\/03\/CINE-IINTERIOR.jpg 900w, https:\/\/diariotiempo.com.uy\/noticias\/wp-content\/uploads\/2026\/03\/CINE-IINTERIOR-300x158.jpg 300w, https:\/\/diariotiempo.com.uy\/noticias\/wp-content\/uploads\/2026\/03\/CINE-IINTERIOR-768x404.jpg 768w\" sizes=\"auto, (max-width: 900px) 100vw, 900px\" \/><\/figure>\n\n\n\n<p>Del 30 de marzo al 12 de abril se celebrar\u00e1 la 44\u00aa edici\u00f3n del Festival Cinematogr\u00e1fico Internacional del Uruguay, con una programaci\u00f3n que incluye m\u00e1s de 200 pel\u00edculas provenientes de 67 pa\u00edses, el festival reafirma su posicionamiento como el principal encuentro cinematogr\u00e1fico del pa\u00eds.<\/p>\n\n\n\n<p>El Festival es organizado por Cinemateca Uruguaya con el respaldo del Ministerio de Educaci\u00f3n y Cultura, la Agencia de Cine y el Audiovisual del Uruguay, la Intendencia de Montevideo y las intendencias de Canelones, Rocha, Florida y San Jos\u00e9, junto a diversas instituciones y organismosLas funciones se desarrollar\u00e1n en m\u00faltiples salas de Montevideo, entre ellas Cinemateca, la Sala B del Auditorio Nelly Goiti\u00f1o, el Complejo Cultural Alfabeta, el Centro Cultural de Espa\u00f1a, la Sala Zitarrosa y el Teatro Sol\u00eds. Asimismo, el festival extender\u00e1 su alcance mediante una itinerancia en los departamentos de Canelones, Rocha, Florida y San Jos\u00e9.En Canelones, la programaci\u00f3n se desplegar\u00e1 en distintos municipios y espacios culturales, fortaleciendo el car\u00e1cter descentralizador del evento. Al respecto, el director general de Cultura de Canelones, Sergio Mach\u00edn, destac\u00f3: \u201cun a\u00f1o m\u00e1s recibimos este prestigioso festival, con una itinerancia muy importante en el departamento. Es el festival m\u00e1s importante del pa\u00eds y una oportunidad no solo para disfrutar de grandes pel\u00edculas, sino tambi\u00e9n para participar en instancias formativas con realizadores invitados\u201d.<\/p>\n\n\n\n<p>Mach\u00edn subray\u00f3 adem\u00e1s el crecimiento del alcance territorial del festival: \u201cpor suerte este a\u00f1o se suman otras intendencias, lo que permite que el festival se democratice y llegue a m\u00e1s lugares del pa\u00eds, con funciones y encuentros con realizadores que enriquecen la experiencia\u201d.Por su parte, la directora art\u00edstica del festival, Alejandra Trelles, hizo hincapi\u00e9 en la vocaci\u00f3n expansiva de esta edici\u00f3n: \u201cdespu\u00e9s de tantas d\u00e9cadas, el festival vuelve a expandirse por el pa\u00eds. Nos interesa que el p\u00fablico del interior no solo acceda a las pel\u00edculas al mismo tiempo que en Montevideo, sino que tambi\u00e9n pueda encontrarse con los equipos de realizaci\u00f3n y dialogar con ellos\u201d.Trelles destac\u00f3 especialmente la diversidad de la programaci\u00f3n y la posibilidad de generar nuevos p\u00fablicos. \u201cNo solo los cin\u00e9filos se van a encontrar con un universo enorme de 209 pel\u00edculas, sino tambi\u00e9n un p\u00fablico nuevo, incluyendo una competencia de cine infantil con propuestas que no suelen verse en circuitos tradicionales\u201d.En esta edici\u00f3n, B\u00e9lgica ser\u00e1 el pa\u00eds invitado, con una destacada presencia de cineastas, productores y actores, as\u00ed como un foco especial en su cinematograf\u00eda. Seg\u00fan Trelles, esta elecci\u00f3n responde tanto a la calidad emergente de sus producciones como a los v\u00ednculos de coproducci\u00f3n existentes con Uruguay, lo que abre nuevas oportunidades para el desarrollo audiovisual.<\/p>\n\n\n\n<p>El festival se inaugurar\u00e1 el 30 de marzo en el Teatro Sol\u00eds con la pel\u00edcula \u201cUn cabo suelto\u201d, del director uruguayo Daniel Hendler, mientras que la ceremonia de clausura se realizar\u00e1 el 11 de abril en la Sala Zitarrosa, donde se entregar\u00e1n los premios. La programaci\u00f3n culminar\u00e1 el 12 de abril con la proyecci\u00f3n de \u201cNo hay hombres buenos\u201d, film que se utiliz\u00f3 de apertura en el Festival de Berl\u00edn. En esta instancia de presentaci\u00f3n tambi\u00e9n participaron el ministro de Educaci\u00f3n y Cultura, Jos\u00e9 Carlos Mah\u00eda, la directora de Cultura de la Intendencia de Montevideo, D\u00e9bora Quiring, y la directora de Cinemateca Uruguaya, Mar\u00eda Jos\u00e9 Santacreu, quienes coincidieron en destacar la relevancia cultural, educativa y social del festival.Con una propuesta diversa, inclusiva y descentralizada, en la 44\u00aa edici\u00f3n del Festival Cinematogr\u00e1fico Internacional del Uruguay, Canelones reafirma su compromiso con el acceso a la cultura y el fortalecimiento del sector audiovisual. Una nueva edici\u00f3n que invita a descubrir historias del mundo y a encontrarse, una vez m\u00e1s, en la pantalla grande.<\/p>\n","protected":false},"excerpt":{"rendered":"<p>Del 30 de marzo al 12 de abril se celebrar\u00e1 la 44\u00aa edici\u00f3n del Festival&#8230;<\/p>\n","protected":false},"author":1,"featured_media":22481,"comment_status":"closed","ping_status":"closed","sticky":false,"template":"","format":"standard","meta":{"_monsterinsights_skip_tracking":false,"_monsterinsights_sitenote_active":false,"_monsterinsights_sitenote_note":"","_monsterinsights_sitenote_category":0,"footnotes":""},"categories":[4],"tags":[],"class_list":["post-22480","post","type-post","status-publish","format-standard","has-post-thumbnail","hentry","category-departamental"],"featured_image_urls":{"full":["https:\/\/diariotiempo.com.uy\/noticias\/wp-content\/uploads\/2026\/03\/CINE-IINTERIOR.jpg",900,473,false],"thumbnail":["https:\/\/diariotiempo.com.uy\/noticias\/wp-content\/uploads\/2026\/03\/CINE-IINTERIOR-150x150.jpg",150,150,true],"medium":["https:\/\/diariotiempo.com.uy\/noticias\/wp-content\/uploads\/2026\/03\/CINE-IINTERIOR-300x158.jpg",300,158,true],"medium_large":["https:\/\/diariotiempo.com.uy\/noticias\/wp-content\/uploads\/2026\/03\/CINE-IINTERIOR-768x404.jpg",640,337,true],"large":["https:\/\/diariotiempo.com.uy\/noticias\/wp-content\/uploads\/2026\/03\/CINE-IINTERIOR.jpg",640,336,false],"rpg_gallery_admin_thumb":["https:\/\/diariotiempo.com.uy\/noticias\/wp-content\/uploads\/2026\/03\/CINE-IINTERIOR-150x150.jpg",150,150,true],"rpg_gallery_thumb":["https:\/\/diariotiempo.com.uy\/noticias\/wp-content\/uploads\/2026\/03\/CINE-IINTERIOR-150x150.jpg",150,150,true],"1536x1536":["https:\/\/diariotiempo.com.uy\/noticias\/wp-content\/uploads\/2026\/03\/CINE-IINTERIOR.jpg",900,473,false],"2048x2048":["https:\/\/diariotiempo.com.uy\/noticias\/wp-content\/uploads\/2026\/03\/CINE-IINTERIOR.jpg",900,473,false],"covernews-slider-full":["https:\/\/diariotiempo.com.uy\/noticias\/wp-content\/uploads\/2026\/03\/CINE-IINTERIOR.jpg",900,473,false],"covernews-slider-center":["https:\/\/diariotiempo.com.uy\/noticias\/wp-content\/uploads\/2026\/03\/CINE-IINTERIOR-800x473.jpg",800,473,true],"covernews-featured":["https:\/\/diariotiempo.com.uy\/noticias\/wp-content\/uploads\/2026\/03\/CINE-IINTERIOR.jpg",900,473,false],"covernews-medium":["https:\/\/diariotiempo.com.uy\/noticias\/wp-content\/uploads\/2026\/03\/CINE-IINTERIOR-540x340.jpg",540,340,true],"covernews-medium-square":["https:\/\/diariotiempo.com.uy\/noticias\/wp-content\/uploads\/2026\/03\/CINE-IINTERIOR-400x250.jpg",400,250,true]},"author_info":{"display_name":"diario","author_link":"https:\/\/diariotiempo.com.uy\/noticias\/author\/diario\/"},"category_info":"<a href=\"https:\/\/diariotiempo.com.uy\/noticias\/category\/departamental\/\" rel=\"category tag\">DEPARTAMENTAL<\/a>","tag_info":"DEPARTAMENTAL","comment_count":"0","_links":{"self":[{"href":"https:\/\/diariotiempo.com.uy\/noticias\/wp-json\/wp\/v2\/posts\/22480","targetHints":{"allow":["GET"]}}],"collection":[{"href":"https:\/\/diariotiempo.com.uy\/noticias\/wp-json\/wp\/v2\/posts"}],"about":[{"href":"https:\/\/diariotiempo.com.uy\/noticias\/wp-json\/wp\/v2\/types\/post"}],"author":[{"embeddable":true,"href":"https:\/\/diariotiempo.com.uy\/noticias\/wp-json\/wp\/v2\/users\/1"}],"replies":[{"embeddable":true,"href":"https:\/\/diariotiempo.com.uy\/noticias\/wp-json\/wp\/v2\/comments?post=22480"}],"version-history":[{"count":1,"href":"https:\/\/diariotiempo.com.uy\/noticias\/wp-json\/wp\/v2\/posts\/22480\/revisions"}],"predecessor-version":[{"id":22482,"href":"https:\/\/diariotiempo.com.uy\/noticias\/wp-json\/wp\/v2\/posts\/22480\/revisions\/22482"}],"wp:featuredmedia":[{"embeddable":true,"href":"https:\/\/diariotiempo.com.uy\/noticias\/wp-json\/wp\/v2\/media\/22481"}],"wp:attachment":[{"href":"https:\/\/diariotiempo.com.uy\/noticias\/wp-json\/wp\/v2\/media?parent=22480"}],"wp:term":[{"taxonomy":"category","embeddable":true,"href":"https:\/\/diariotiempo.com.uy\/noticias\/wp-json\/wp\/v2\/categories?post=22480"},{"taxonomy":"post_tag","embeddable":true,"href":"https:\/\/diariotiempo.com.uy\/noticias\/wp-json\/wp\/v2\/tags?post=22480"}],"curies":[{"name":"wp","href":"https:\/\/api.w.org\/{rel}","templated":true}]}}