{"id":22486,"date":"2026-03-23T15:42:17","date_gmt":"2026-03-23T15:42:17","guid":{"rendered":"https:\/\/diariotiempo.com.uy\/noticias\/?p=22486"},"modified":"2026-03-23T15:42:18","modified_gmt":"2026-03-23T15:42:18","slug":"nicolas-martinelli-se-refirio-a-el-relato-falso-sobre-el-pasaporte-a-marset","status":"publish","type":"post","link":"https:\/\/diariotiempo.com.uy\/noticias\/2026\/03\/23\/nicolas-martinelli-se-refirio-a-el-relato-falso-sobre-el-pasaporte-a-marset\/","title":{"rendered":"Nicol\u00e1s Martinelli se refiri\u00f3 a: El \u00abrelato falso\u00bb sobre el pasaporte a Marset\u00a0"},"content":{"rendered":"\n<figure class=\"wp-block-image size-full is-resized\"><img loading=\"lazy\" decoding=\"async\" width=\"600\" height=\"754\" src=\"https:\/\/diariotiempo.com.uy\/noticias\/wp-content\/uploads\/2026\/03\/haro-interior.jpg\" alt=\"\" class=\"wp-image-22487\" style=\"width:376px;height:auto\" srcset=\"https:\/\/diariotiempo.com.uy\/noticias\/wp-content\/uploads\/2026\/03\/haro-interior.jpg 600w, https:\/\/diariotiempo.com.uy\/noticias\/wp-content\/uploads\/2026\/03\/haro-interior-239x300.jpg 239w\" sizes=\"auto, (max-width: 600px) 100vw, 600px\" \/><\/figure>\n\n\n\n<p>El ex ministro del interior Nicol\u00e1s Martinelli en entrevista con el programa Punto de Encuentro en la emisora 970 Universal el martes pasado, se refiri\u00f3 a : El \u00abrelato falso\u00bb sobre el pasaporte a Marset , la preocupaci\u00f3n porque Uruguay est\u00e1 fuera del reordenamiento al combate narco, y criticas al actual ministro del interior .<\/p>\n\n\n\n<p>\u00abEs falso\u00bb que la liberaci\u00f3n de Sebasti\u00e1n Marset en Dub\u00e1i se debiera al otorgamiento del pasaporte uruguayo .<\/p>\n\n\n\n<p>El ex ministro del interior argument\u00f3 que la justicia de Emiratos \u00c1rabes Unidos no menciona en ninguna instancia que el documento nacional influy\u00f3 en la decisi\u00f3n de liberaci\u00f3n , que la justicia &nbsp;se ajust\u00f3 a las normas vigentes en 2021 cuando no exist\u00edan \u00abcausas judiciales ni alertas rojas contra Marset en Uruguay, adem\u00e1s se\u00f1al\u00f3 que la historia del narcotr\u00e1fico &nbsp;en el pa\u00eds, tiene hechos que se deben recordar para evitar repetir versiones err\u00f3neas como que Marset comenz\u00f3 su actividad delictiva durante gobiernos anteriores y que su despegue criminal ocurri\u00f3 en Paraguay \u00ab<\/p>\n\n\n\n<p>Mencion\u00f3 que Sebasti\u00e1n Marset ingres\u00f3 a Dub\u00e1i con un pasaporte paraguayo falso por lo cual fue detenido en 2021.<\/p>\n\n\n\n<p><strong>La identidad :<\/strong><\/p>\n\n\n\n<p>Al referirse al otorgamiento del pasaporte uruguayo Martinelli afirm\u00f3 que : \u00bb el derecho a la identidad es un derecho humano fundamental reconocido internacionalmente \u00abExplic\u00f3 que cuando una persona se encuentra en una situaci\u00f3n de detenci\u00f3n y su identidad no puede ser verificada con documentos &nbsp;validos, los pa\u00edses tienen la obligaci\u00f3n de evaluar su situaci\u00f3n conforme &nbsp;a normas internacionales de Derechos Humanos &nbsp;y que en el caso de Marset se procedi\u00f3 de acuerdo con esos lineamientos , ya que en esos momentos no exist\u00edan impedimentos legales en Uruguay &nbsp;para la expedici\u00f3n del documento.Sobre Uruguay y el combate al narcotr\u00e1fico Martinelli expres\u00f3 preocupaci\u00f3n porque Uruguay estuvo\u00bb fuera del reordenamiento en la lucha contra el narcotr\u00e1fico\u00bb hasta que se gestiono el regreso del a DEA en el gobierno de Luis Lacalle Pou &nbsp;ya que la agencia se hab\u00eda retirado en 2019 por falta de cooperaci\u00f3n. Destaco que este regreso fue clave para poner el foco en Marset , quien hasta entonces no figuraba en sus registros , y que se trabaja en conjunto con pa\u00edses como Espa\u00f1a &nbsp;y Estados unidos para seguir sus movimientos .Cr\u00edticas a Carlos Negro:Martinelli menciono a Carlos Negro (actual ministro del interior desde marzo de 2025), se\u00f1alando que algunas de sus declaraciones sobre pol\u00edticas de seguridad revelan \u00abdesconocimiento e improvisaci\u00f3n\u00bb . Sostiene que es necesario mantener una pol\u00edtica de estado contra el crimen organizado mas all\u00e1 de cambios de gobierno.&nbsp;<\/p>\n","protected":false},"excerpt":{"rendered":"<p>El ex ministro del interior Nicol\u00e1s Martinelli en entrevista con el programa Punto de Encuentro&#8230;<\/p>\n","protected":false},"author":1,"featured_media":22487,"comment_status":"closed","ping_status":"closed","sticky":false,"template":"","format":"standard","meta":{"_monsterinsights_skip_tracking":false,"_monsterinsights_sitenote_active":false,"_monsterinsights_sitenote_note":"","_monsterinsights_sitenote_category":0,"footnotes":""},"categories":[79],"tags":[],"class_list":["post-22486","post","type-post","status-publish","format-standard","has-post-thumbnail","hentry","category-nacionales"],"featured_image_urls":{"full":["https:\/\/diariotiempo.com.uy\/noticias\/wp-content\/uploads\/2026\/03\/haro-interior.jpg",600,754,false],"thumbnail":["https:\/\/diariotiempo.com.uy\/noticias\/wp-content\/uploads\/2026\/03\/haro-interior-150x150.jpg",150,150,true],"medium":["https:\/\/diariotiempo.com.uy\/noticias\/wp-content\/uploads\/2026\/03\/haro-interior-239x300.jpg",239,300,true],"medium_large":["https:\/\/diariotiempo.com.uy\/noticias\/wp-content\/uploads\/2026\/03\/haro-interior.jpg",600,754,false],"large":["https:\/\/diariotiempo.com.uy\/noticias\/wp-content\/uploads\/2026\/03\/haro-interior.jpg",600,754,false],"rpg_gallery_admin_thumb":["https:\/\/diariotiempo.com.uy\/noticias\/wp-content\/uploads\/2026\/03\/haro-interior-150x150.jpg",150,150,true],"rpg_gallery_thumb":["https:\/\/diariotiempo.com.uy\/noticias\/wp-content\/uploads\/2026\/03\/haro-interior-150x150.jpg",150,150,true],"1536x1536":["https:\/\/diariotiempo.com.uy\/noticias\/wp-content\/uploads\/2026\/03\/haro-interior.jpg",600,754,false],"2048x2048":["https:\/\/diariotiempo.com.uy\/noticias\/wp-content\/uploads\/2026\/03\/haro-interior.jpg",600,754,false],"covernews-slider-full":["https:\/\/diariotiempo.com.uy\/noticias\/wp-content\/uploads\/2026\/03\/haro-interior-600x715.jpg",600,715,true],"covernews-slider-center":["https:\/\/diariotiempo.com.uy\/noticias\/wp-content\/uploads\/2026\/03\/haro-interior-600x500.jpg",600,500,true],"covernews-featured":["https:\/\/diariotiempo.com.uy\/noticias\/wp-content\/uploads\/2026\/03\/haro-interior.jpg",600,754,false],"covernews-medium":["https:\/\/diariotiempo.com.uy\/noticias\/wp-content\/uploads\/2026\/03\/haro-interior-540x340.jpg",540,340,true],"covernews-medium-square":["https:\/\/diariotiempo.com.uy\/noticias\/wp-content\/uploads\/2026\/03\/haro-interior-400x250.jpg",400,250,true]},"author_info":{"display_name":"diario","author_link":"https:\/\/diariotiempo.com.uy\/noticias\/author\/diario\/"},"category_info":"<a href=\"https:\/\/diariotiempo.com.uy\/noticias\/category\/nacionales\/\" rel=\"category tag\">NACIONALES<\/a>","tag_info":"NACIONALES","comment_count":"0","_links":{"self":[{"href":"https:\/\/diariotiempo.com.uy\/noticias\/wp-json\/wp\/v2\/posts\/22486","targetHints":{"allow":["GET"]}}],"collection":[{"href":"https:\/\/diariotiempo.com.uy\/noticias\/wp-json\/wp\/v2\/posts"}],"about":[{"href":"https:\/\/diariotiempo.com.uy\/noticias\/wp-json\/wp\/v2\/types\/post"}],"author":[{"embeddable":true,"href":"https:\/\/diariotiempo.com.uy\/noticias\/wp-json\/wp\/v2\/users\/1"}],"replies":[{"embeddable":true,"href":"https:\/\/diariotiempo.com.uy\/noticias\/wp-json\/wp\/v2\/comments?post=22486"}],"version-history":[{"count":1,"href":"https:\/\/diariotiempo.com.uy\/noticias\/wp-json\/wp\/v2\/posts\/22486\/revisions"}],"predecessor-version":[{"id":22488,"href":"https:\/\/diariotiempo.com.uy\/noticias\/wp-json\/wp\/v2\/posts\/22486\/revisions\/22488"}],"wp:featuredmedia":[{"embeddable":true,"href":"https:\/\/diariotiempo.com.uy\/noticias\/wp-json\/wp\/v2\/media\/22487"}],"wp:attachment":[{"href":"https:\/\/diariotiempo.com.uy\/noticias\/wp-json\/wp\/v2\/media?parent=22486"}],"wp:term":[{"taxonomy":"category","embeddable":true,"href":"https:\/\/diariotiempo.com.uy\/noticias\/wp-json\/wp\/v2\/categories?post=22486"},{"taxonomy":"post_tag","embeddable":true,"href":"https:\/\/diariotiempo.com.uy\/noticias\/wp-json\/wp\/v2\/tags?post=22486"}],"curies":[{"name":"wp","href":"https:\/\/api.w.org\/{rel}","templated":true}]}}