{"id":22492,"date":"2026-03-23T15:45:02","date_gmt":"2026-03-23T15:45:02","guid":{"rendered":"https:\/\/diariotiempo.com.uy\/noticias\/?p=22492"},"modified":"2026-03-23T15:45:03","modified_gmt":"2026-03-23T15:45:03","slug":"presentaron-la-nueva-armadura-de-la-celeste-para-el-mundial-2026","status":"publish","type":"post","link":"https:\/\/diariotiempo.com.uy\/noticias\/2026\/03\/23\/presentaron-la-nueva-armadura-de-la-celeste-para-el-mundial-2026\/","title":{"rendered":"Presentaron la nueva armadura de la Celeste para el Mundial 2026"},"content":{"rendered":"\n<figure class=\"wp-block-image size-full\"><img loading=\"lazy\" decoding=\"async\" width=\"870\" height=\"570\" src=\"https:\/\/diariotiempo.com.uy\/noticias\/wp-content\/uploads\/2026\/03\/camiseta.jpg\" alt=\"\" class=\"wp-image-22493\" srcset=\"https:\/\/diariotiempo.com.uy\/noticias\/wp-content\/uploads\/2026\/03\/camiseta.jpg 870w, https:\/\/diariotiempo.com.uy\/noticias\/wp-content\/uploads\/2026\/03\/camiseta-300x197.jpg 300w, https:\/\/diariotiempo.com.uy\/noticias\/wp-content\/uploads\/2026\/03\/camiseta-768x503.jpg 768w\" sizes=\"auto, (max-width: 870px) 100vw, 870px\" \/><\/figure>\n\n\n\n<p>Un Hito Global: La \u00danica Voz Hispana en el Olimpo de Nike La Asociaci\u00f3n Uruguaya de F\u00fatbol (AUF) marca un antes y un despu\u00e9s en su historia centenaria. En un mercado global de m\u00e1s de 650 millones de hispanohablantes, Nike ha seleccionado estrat\u00e9gicamente a la Celeste como su \u00fanica selecci\u00f3n de habla hispana en el mundo. Este no es solo un acuerdo de patrocinio; es un reconocimiento a nuestra jerarqu\u00eda. Uruguay es tratado como una selecci\u00f3n de \u00e9lite absoluta, ubic\u00e1ndonos junto a las potencias top del planeta. Nuestras cuatro estrellas reciben el marco tecnol\u00f3gico y de dise\u00f1o que su peso hist\u00f3rico exige.<\/p>\n\n\n\n<p><strong>SENSIBILIDAD CULTURAL: EL F\u00daTBOL COMO S\u00cdMBOLO NACIONAL<\/strong><\/p>\n\n\n\n<p>Para la creaci\u00f3n de estas equipaciones, Nike realiz\u00f3 un trabajo profundo de estrategia, innovaci\u00f3n y dise\u00f1o, pero con un eje central innegociable: la sensibilidad cultural. Desde la AUF entendemos que, al hablar de la Celeste, no hablamos de una prenda deportiva; hablamos de un s\u00edmbolo nacional que representa el alma de un pueblo. Uruguay es uno de los pocos guardianes de la cultura del f\u00fatbol mundial. Somos un pa\u00eds donde el f\u00fatbol no se mira, se respira; nos corre por las venas desde que, como bien escribi\u00f3 Eduardo Galeano, \u00abnacemos gritando un gol\u00bb. Estas camisetas son las armaduras de esos guerreros guardianes.<\/p>\n\n\n\n<p><strong>LA EST\u00c9TICA: \u00abDECO DAWN\u00bb Y EL TRIBUTO AL CENTENARIO<\/strong><\/p>\n\n\n\n<p>El dise\u00f1o de este a\u00f1o se sumerge en las ra\u00edces arquitect\u00f3nicas de nuestra capital. La corriente Art Deco, que define la silueta de Montevideo, es la columna vertebral est\u00e9tica de esta colecci\u00f3n. Tipograf\u00eda Exclusiva: Se ha creado una fuente personalizada y exclusiva que refleja la elegancia de la era Art Deco, inspirada directamente en la carteler\u00eda del Primer Mundial de 1930 y la herencia visual de nuestra naci\u00f3n. El Estadio Centenario: Cada l\u00ednea y cada curva de las camisetas rinden tributo al \u00abTemplo del F\u00fatbol\u00bb.<\/p>\n\n\n\n<p>La emblem\u00e1tica Torre de los Homenajes es el faro que gu\u00eda esta narrativa visual.<\/p>\n\n\n\n<p><strong>EQUIPACI\u00d3N LOCAL: \u00abEL ALMA\u00bb<\/strong><\/p>\n\n\n\n<p>El Color de la Identidad: Bajo la premisa de Jorge Drexler, \u00abTenemos el alma del color del cielo\u00bb, Nike ha reinterpretado los distintos tonos del cielo uruguayo para crear un celeste puro, vibrante y cl\u00e1sico. Detalles en Sanded Gold: El uso de un \u00aboro arenado\u00bb en los logos y detalles no es casual; es un homenaje a la gloria dorada de nuestras conquistas mundiales. Inner Pride (Orgullo Interior): En el interior del cuello, el jugador encontrar\u00e1 un sello de identidad: un gr\u00e1fico Art Deco de la torre del Centenario con el sol naciendo por detr\u00e1s. Coronando este detalle, la frase \u00abURUGUAY NOMA\u00bb, nuestro grito de guerra y uni\u00f3n.<\/p>\n\n\n\n<p><strong>EQUIPACI\u00d3N VISITANTE: \u00abLA GLORIA\u00bb (EDICI\u00d3N 2 FUTURE CLASSIC)<\/strong><\/p>\n\n\n\n<p>Esta propuesta es disruptiva, feroz y dise\u00f1ada para impactar a las nuevas generaciones (Gen-Z) sin perder el ancla en nuestra historia. La Armadura del Guerrero: Inspirada en la estrofa de nuestro Himno Nacional: \u00abOrientales, la patria o la tumba&#8230; Libertad o con gloria morir\u00bb. La gloria en Uruguay no es una opci\u00f3n, es una actitud. Obsidiana Oscura (Dark Obsidian): El color base transmite foco, determinaci\u00f3n y un aura de peligro para el rival. Es una \u00abinundaci\u00f3n de sigilo\u00bb que representa la resiliencia del jugador uruguayo. Destellos Reales: Los acentos en Laser Orange y Hyper Royal crean un efecto de \u00abarmadura brillante\u00bb, simulando el reflejo del sol sobre el pecho de los jugadores cuando entran al campo de batalla. Ventanas al Amanecer: El patr\u00f3n gr\u00e1fico se inspira en los ventanales de la Torre del Estadio Centenario, recreando ese momento m\u00e1gico donde la luz atraviesa el cemento en el amanecer uruguayo.<\/p>\n\n\n\n<p><strong>INNOVACI\u00d3N Y ALTO RENDIMIENTO: NIKE AERO-FIT<\/strong><\/p>\n\n\n\n<p>Uruguay no solo viste historia, viste el futuro de la tecnolog\u00eda deportiva: Ingenier\u00eda para el Calor Extremo: Las camisetas han sido creadas espec\u00edficamente para jugar a altas temperaturas. La estructura del tejido Nike Aero-FIT permite que el cuerpo respire intuitivamente, canalizando m\u00e1s del doble del flujo de aire que los materiales de d\u00e9cadas anteriores. Sostenibilidad Charr\u00faa: Fieles a nuestro compromiso con el futuro, las prendas est\u00e1n fabricadas con 100% residuos textiles reciclados, resultando en la camiseta m\u00e1s ligera y transpirable jam\u00e1s vestida por la selecci\u00f3n.<\/p>\n\n\n\n<p><strong>CAMPA\u00d1A GLOBAL: VALVERDE Y ARA\u00daJO<\/strong><\/p>\n\n\n\n<p>Es fundamental destacar que Federico Valverde y Maxi Ara\u00fajo son los rostros visibles elegidos por Nike para la campa\u00f1a de presentaci\u00f3n global de Nike. Ver a nuestros representantes en las marquesinas del mundo entero es la prueba final de que Uruguay ha reclamado su lugar en la \u00e9lite. Ellos encarnan la Garra Charr\u00faa y la elegancia t\u00e9cnica que define a nuestra selecci\u00f3n. Asociaci\u00f3n Uruguaya de F\u00fatbol. Uruguay Noma. Por la historia. Por el s\u00edmbolo. Por el pa\u00eds.<\/p>\n\n\n\n<p>Fuente y foto AUF<\/p>\n","protected":false},"excerpt":{"rendered":"<p>Un Hito Global: La \u00danica Voz Hispana en el Olimpo de Nike La Asociaci\u00f3n Uruguaya&#8230;<\/p>\n","protected":false},"author":1,"featured_media":22493,"comment_status":"closed","ping_status":"closed","sticky":false,"template":"","format":"standard","meta":{"_monsterinsights_skip_tracking":false,"_monsterinsights_sitenote_active":false,"_monsterinsights_sitenote_note":"","_monsterinsights_sitenote_category":0,"footnotes":""},"categories":[8],"tags":[],"class_list":["post-22492","post","type-post","status-publish","format-standard","has-post-thumbnail","hentry","category-deporte"],"featured_image_urls":{"full":["https:\/\/diariotiempo.com.uy\/noticias\/wp-content\/uploads\/2026\/03\/camiseta.jpg",870,570,false],"thumbnail":["https:\/\/diariotiempo.com.uy\/noticias\/wp-content\/uploads\/2026\/03\/camiseta-150x150.jpg",150,150,true],"medium":["https:\/\/diariotiempo.com.uy\/noticias\/wp-content\/uploads\/2026\/03\/camiseta-300x197.jpg",300,197,true],"medium_large":["https:\/\/diariotiempo.com.uy\/noticias\/wp-content\/uploads\/2026\/03\/camiseta-768x503.jpg",640,419,true],"large":["https:\/\/diariotiempo.com.uy\/noticias\/wp-content\/uploads\/2026\/03\/camiseta.jpg",640,419,false],"rpg_gallery_admin_thumb":["https:\/\/diariotiempo.com.uy\/noticias\/wp-content\/uploads\/2026\/03\/camiseta-150x150.jpg",150,150,true],"rpg_gallery_thumb":["https:\/\/diariotiempo.com.uy\/noticias\/wp-content\/uploads\/2026\/03\/camiseta-150x150.jpg",150,150,true],"1536x1536":["https:\/\/diariotiempo.com.uy\/noticias\/wp-content\/uploads\/2026\/03\/camiseta.jpg",870,570,false],"2048x2048":["https:\/\/diariotiempo.com.uy\/noticias\/wp-content\/uploads\/2026\/03\/camiseta.jpg",870,570,false],"covernews-slider-full":["https:\/\/diariotiempo.com.uy\/noticias\/wp-content\/uploads\/2026\/03\/camiseta.jpg",870,570,false],"covernews-slider-center":["https:\/\/diariotiempo.com.uy\/noticias\/wp-content\/uploads\/2026\/03\/camiseta-800x500.jpg",800,500,true],"covernews-featured":["https:\/\/diariotiempo.com.uy\/noticias\/wp-content\/uploads\/2026\/03\/camiseta.jpg",870,570,false],"covernews-medium":["https:\/\/diariotiempo.com.uy\/noticias\/wp-content\/uploads\/2026\/03\/camiseta-540x340.jpg",540,340,true],"covernews-medium-square":["https:\/\/diariotiempo.com.uy\/noticias\/wp-content\/uploads\/2026\/03\/camiseta-400x250.jpg",400,250,true]},"author_info":{"display_name":"diario","author_link":"https:\/\/diariotiempo.com.uy\/noticias\/author\/diario\/"},"category_info":"<a href=\"https:\/\/diariotiempo.com.uy\/noticias\/category\/deporte\/\" rel=\"category tag\">DEPORTE<\/a>","tag_info":"DEPORTE","comment_count":"0","_links":{"self":[{"href":"https:\/\/diariotiempo.com.uy\/noticias\/wp-json\/wp\/v2\/posts\/22492","targetHints":{"allow":["GET"]}}],"collection":[{"href":"https:\/\/diariotiempo.com.uy\/noticias\/wp-json\/wp\/v2\/posts"}],"about":[{"href":"https:\/\/diariotiempo.com.uy\/noticias\/wp-json\/wp\/v2\/types\/post"}],"author":[{"embeddable":true,"href":"https:\/\/diariotiempo.com.uy\/noticias\/wp-json\/wp\/v2\/users\/1"}],"replies":[{"embeddable":true,"href":"https:\/\/diariotiempo.com.uy\/noticias\/wp-json\/wp\/v2\/comments?post=22492"}],"version-history":[{"count":1,"href":"https:\/\/diariotiempo.com.uy\/noticias\/wp-json\/wp\/v2\/posts\/22492\/revisions"}],"predecessor-version":[{"id":22494,"href":"https:\/\/diariotiempo.com.uy\/noticias\/wp-json\/wp\/v2\/posts\/22492\/revisions\/22494"}],"wp:featuredmedia":[{"embeddable":true,"href":"https:\/\/diariotiempo.com.uy\/noticias\/wp-json\/wp\/v2\/media\/22493"}],"wp:attachment":[{"href":"https:\/\/diariotiempo.com.uy\/noticias\/wp-json\/wp\/v2\/media?parent=22492"}],"wp:term":[{"taxonomy":"category","embeddable":true,"href":"https:\/\/diariotiempo.com.uy\/noticias\/wp-json\/wp\/v2\/categories?post=22492"},{"taxonomy":"post_tag","embeddable":true,"href":"https:\/\/diariotiempo.com.uy\/noticias\/wp-json\/wp\/v2\/tags?post=22492"}],"curies":[{"name":"wp","href":"https:\/\/api.w.org\/{rel}","templated":true}]}}