{"id":22498,"date":"2026-03-23T15:47:14","date_gmt":"2026-03-23T15:47:14","guid":{"rendered":"https:\/\/diariotiempo.com.uy\/noticias\/?p=22498"},"modified":"2026-03-23T15:47:16","modified_gmt":"2026-03-23T15:47:16","slug":"promocion-historica-mas-de-300-agentes-ingresaron-al-ministerio-del-interior","status":"publish","type":"post","link":"https:\/\/diariotiempo.com.uy\/noticias\/2026\/03\/23\/promocion-historica-mas-de-300-agentes-ingresaron-al-ministerio-del-interior\/","title":{"rendered":"Promoci\u00f3n hist\u00f3rica: m\u00e1s de 300 agentes ingresaron al Ministerio del Interior"},"content":{"rendered":"\n<figure class=\"wp-block-image size-full\"><img loading=\"lazy\" decoding=\"async\" width=\"800\" height=\"534\" src=\"https:\/\/diariotiempo.com.uy\/noticias\/wp-content\/uploads\/2026\/03\/polis-1.jpg\" alt=\"\" class=\"wp-image-22499\" srcset=\"https:\/\/diariotiempo.com.uy\/noticias\/wp-content\/uploads\/2026\/03\/polis-1.jpg 800w, https:\/\/diariotiempo.com.uy\/noticias\/wp-content\/uploads\/2026\/03\/polis-1-300x200.jpg 300w, https:\/\/diariotiempo.com.uy\/noticias\/wp-content\/uploads\/2026\/03\/polis-1-768x513.jpg 768w\" sizes=\"auto, (max-width: 800px) 100vw, 800px\" \/><\/figure>\n\n\n\n<p>Este jueves 20 egres\u00f3 de la Escuela Nacional de Polic\u00eda una nueva generaci\u00f3n de polic\u00edas y operadores penitenciarios. Caminera registra el ingreso m\u00e1s numeroso en la historia de la unidad, con un incremento del 35 % de sus recursos humanos. El ministro Carlos Negro asegur\u00f3 que esta promoci\u00f3n suma a la meta de 1.700 nuevos efectivos en 2026 y es parte de una pol\u00edtica sostenida de fortalecimiento de la Polic\u00eda Nacional y de la construcci\u00f3n de un Uruguay m\u00e1s seguro.<\/p>\n\n\n\n<p>El jueves 19 recibieron su diploma m\u00e1s de 300 nuevos agentes de polic\u00eda dependientes del Ministerio del Interior. La ceremonia se realiz\u00f3 en las instalaciones de la Escuela Nacional de Polic\u00eda, con autoridades nacionales y sus familias como testigos.<\/p>\n\n\n\n<p>Esta generaci\u00f3n, denominada \u201c7 de Marzo, D\u00eda Internacional en Memoria de los Polic\u00edas Ca\u00eddos en Acto de Servicio\u201d, \u201ces una promoci\u00f3n hist\u00f3rica\u201d, enfatiz\u00f3 el ministro del Interior, Carlos Negro.<\/p>\n\n\n\n<p>Los casi 200 efectivos que se incorporan al Instituto Nacional de Rehabilitaci\u00f3n (INR) fortalecer\u00e1n una gesti\u00f3n que necesita m\u00e1s personal para mejorar la custodia y la rehabilitaci\u00f3n de las personas privadas de libertad, as\u00ed como la prevenci\u00f3n del delito, dentro y fuera de los centros de reclusi\u00f3n, explic\u00f3 el jerarca.<\/p>\n\n\n\n<p>Con el ingreso de 100 nuevos funcionarios a la Direcci\u00f3n Nacional de Polic\u00eda Caminera se concretar\u00e1 un incremento in\u00e9dito de sus recursos humanos. Se trata de la tanda m\u00e1s numerosa en la historia de la unidad, con la que se refuerza un 35 % su capacidad operativa.<\/p>\n\n\n\n<p>Negro explic\u00f3 que con estos nuevos egresos tambi\u00e9n robustecen la plantilla de la Direcci\u00f3n Nacional de Polic\u00eda Cient\u00edfica con seis funcionarios. Estos agentes recibieron una capacitaci\u00f3n especializada en criminal\u00edstica para el trabajo en la escena del hecho.<\/p>\n\n\n\n<p>Insisti\u00f3 en la importancia de la capacitaci\u00f3n permanente del personal policial y dijo que, desde la cartera est\u00e1n comprometidos con la profesionalizaci\u00f3n y el respaldo real a la Polic\u00eda, priorizando no solo su actualizaci\u00f3n constante, sino tambi\u00e9n la salud integral de cada efectivo.<\/p>\n\n\n\n<p>Escuela Nacional de Polic\u00eda prepara a la pr\u00f3xima generaci\u00f3n de agentes<\/p>\n\n\n\n<p>Por otra parte, confirm\u00f3 que m\u00e1s de 400 alumnos iniciaron su formaci\u00f3n como parte de una nueva generaci\u00f3n que inaugura la reforma de la Educaci\u00f3n Policial, lo que considera un paso importante para la formaci\u00f3n permanente y la profesionalizaci\u00f3n de una Polic\u00eda que es una de las instituciones mejor evaluadas por la ciudadan\u00eda.<\/p>\n\n\n\n<p>En este sentido, explic\u00f3 que lograron agilizar procesos, mejorando tiempos de inscripci\u00f3n e inicio de formaci\u00f3n, lo que permite contar m\u00e1s r\u00e1pido con la incorporaci\u00f3n de m\u00e1s fuerza efectiva.<\/p>\n\n\n\n<p>Es un proceso que continuar\u00e1 en todo el a\u00f1o 2026 con la aspiraci\u00f3n de llegar a los 1.700 nuevos efectivos y consolidar as\u00ed una pol\u00edtica sostenida de fortalecimiento de la Polic\u00eda Nacional, orientada a cumplir con el compromiso de gobierno que implica alcanzar los 2.000 nuevos polic\u00edas en el per\u00edodo.<\/p>\n\n\n\n<p>Estuvieron presentes la subsecretaria, Gabriela Valverde; director general de Secretar\u00eda del ministerio, Gerardo Siri; el director de la Polic\u00eda Nacional, Jos\u00e9 Manuel Azambuja; el director nacional de la Educaci\u00f3n Policial, Henry de Le\u00f3n; la directora del Instituto Nacional de Rehabilitaci\u00f3n, Ana Juanche; el director nacional de Polic\u00eda Cient\u00edfica, Fernando Noble; el director nacional de Polic\u00eda Caminera, Luis Calzada; la directora de la Escuela Policial de la Escala B\u00e1sica, Ana L\u00eda Ram\u00edrez; y la directora del Centro de Formaci\u00f3n Penitenciaria, Mag\u00edster Natalia Barraco.<\/p>\n","protected":false},"excerpt":{"rendered":"<p>Este jueves 20 egres\u00f3 de la Escuela Nacional de Polic\u00eda una nueva generaci\u00f3n de polic\u00edas&#8230;<\/p>\n","protected":false},"author":1,"featured_media":22499,"comment_status":"closed","ping_status":"closed","sticky":false,"template":"","format":"standard","meta":{"_monsterinsights_skip_tracking":false,"_monsterinsights_sitenote_active":false,"_monsterinsights_sitenote_note":"","_monsterinsights_sitenote_category":0,"footnotes":""},"categories":[79],"tags":[],"class_list":["post-22498","post","type-post","status-publish","format-standard","has-post-thumbnail","hentry","category-nacionales"],"featured_image_urls":{"full":["https:\/\/diariotiempo.com.uy\/noticias\/wp-content\/uploads\/2026\/03\/polis-1.jpg",800,534,false],"thumbnail":["https:\/\/diariotiempo.com.uy\/noticias\/wp-content\/uploads\/2026\/03\/polis-1-150x150.jpg",150,150,true],"medium":["https:\/\/diariotiempo.com.uy\/noticias\/wp-content\/uploads\/2026\/03\/polis-1-300x200.jpg",300,200,true],"medium_large":["https:\/\/diariotiempo.com.uy\/noticias\/wp-content\/uploads\/2026\/03\/polis-1-768x513.jpg",640,428,true],"large":["https:\/\/diariotiempo.com.uy\/noticias\/wp-content\/uploads\/2026\/03\/polis-1.jpg",640,427,false],"rpg_gallery_admin_thumb":["https:\/\/diariotiempo.com.uy\/noticias\/wp-content\/uploads\/2026\/03\/polis-1-150x150.jpg",150,150,true],"rpg_gallery_thumb":["https:\/\/diariotiempo.com.uy\/noticias\/wp-content\/uploads\/2026\/03\/polis-1-150x150.jpg",150,150,true],"1536x1536":["https:\/\/diariotiempo.com.uy\/noticias\/wp-content\/uploads\/2026\/03\/polis-1.jpg",800,534,false],"2048x2048":["https:\/\/diariotiempo.com.uy\/noticias\/wp-content\/uploads\/2026\/03\/polis-1.jpg",800,534,false],"covernews-slider-full":["https:\/\/diariotiempo.com.uy\/noticias\/wp-content\/uploads\/2026\/03\/polis-1.jpg",800,534,false],"covernews-slider-center":["https:\/\/diariotiempo.com.uy\/noticias\/wp-content\/uploads\/2026\/03\/polis-1-800x500.jpg",800,500,true],"covernews-featured":["https:\/\/diariotiempo.com.uy\/noticias\/wp-content\/uploads\/2026\/03\/polis-1.jpg",800,534,false],"covernews-medium":["https:\/\/diariotiempo.com.uy\/noticias\/wp-content\/uploads\/2026\/03\/polis-1-540x340.jpg",540,340,true],"covernews-medium-square":["https:\/\/diariotiempo.com.uy\/noticias\/wp-content\/uploads\/2026\/03\/polis-1-400x250.jpg",400,250,true]},"author_info":{"display_name":"diario","author_link":"https:\/\/diariotiempo.com.uy\/noticias\/author\/diario\/"},"category_info":"<a href=\"https:\/\/diariotiempo.com.uy\/noticias\/category\/nacionales\/\" rel=\"category tag\">NACIONALES<\/a>","tag_info":"NACIONALES","comment_count":"0","_links":{"self":[{"href":"https:\/\/diariotiempo.com.uy\/noticias\/wp-json\/wp\/v2\/posts\/22498","targetHints":{"allow":["GET"]}}],"collection":[{"href":"https:\/\/diariotiempo.com.uy\/noticias\/wp-json\/wp\/v2\/posts"}],"about":[{"href":"https:\/\/diariotiempo.com.uy\/noticias\/wp-json\/wp\/v2\/types\/post"}],"author":[{"embeddable":true,"href":"https:\/\/diariotiempo.com.uy\/noticias\/wp-json\/wp\/v2\/users\/1"}],"replies":[{"embeddable":true,"href":"https:\/\/diariotiempo.com.uy\/noticias\/wp-json\/wp\/v2\/comments?post=22498"}],"version-history":[{"count":1,"href":"https:\/\/diariotiempo.com.uy\/noticias\/wp-json\/wp\/v2\/posts\/22498\/revisions"}],"predecessor-version":[{"id":22500,"href":"https:\/\/diariotiempo.com.uy\/noticias\/wp-json\/wp\/v2\/posts\/22498\/revisions\/22500"}],"wp:featuredmedia":[{"embeddable":true,"href":"https:\/\/diariotiempo.com.uy\/noticias\/wp-json\/wp\/v2\/media\/22499"}],"wp:attachment":[{"href":"https:\/\/diariotiempo.com.uy\/noticias\/wp-json\/wp\/v2\/media?parent=22498"}],"wp:term":[{"taxonomy":"category","embeddable":true,"href":"https:\/\/diariotiempo.com.uy\/noticias\/wp-json\/wp\/v2\/categories?post=22498"},{"taxonomy":"post_tag","embeddable":true,"href":"https:\/\/diariotiempo.com.uy\/noticias\/wp-json\/wp\/v2\/tags?post=22498"}],"curies":[{"name":"wp","href":"https:\/\/api.w.org\/{rel}","templated":true}]}}