{"id":22516,"date":"2026-03-25T14:15:36","date_gmt":"2026-03-25T14:15:36","guid":{"rendered":"https:\/\/diariotiempo.com.uy\/noticias\/?p=22516"},"modified":"2026-03-25T14:15:38","modified_gmt":"2026-03-25T14:15:38","slug":"cierre-del-intercambio-con-los-enologos-de-loudoun-que-trabajaron-en-bodegas-canarias","status":"publish","type":"post","link":"https:\/\/diariotiempo.com.uy\/noticias\/2026\/03\/25\/cierre-del-intercambio-con-los-enologos-de-loudoun-que-trabajaron-en-bodegas-canarias\/","title":{"rendered":"Cierre del intercambio con los en\u00f3logos de Loudoun que trabajaron en bodegas canarias"},"content":{"rendered":"\n<figure class=\"wp-block-image size-full\"><img loading=\"lazy\" decoding=\"async\" width=\"900\" height=\"600\" src=\"https:\/\/diariotiempo.com.uy\/noticias\/wp-content\/uploads\/2026\/03\/vinos.jpg\" alt=\"\" class=\"wp-image-22517\" srcset=\"https:\/\/diariotiempo.com.uy\/noticias\/wp-content\/uploads\/2026\/03\/vinos.jpg 900w, https:\/\/diariotiempo.com.uy\/noticias\/wp-content\/uploads\/2026\/03\/vinos-300x200.jpg 300w, https:\/\/diariotiempo.com.uy\/noticias\/wp-content\/uploads\/2026\/03\/vinos-768x512.jpg 768w\" sizes=\"auto, (max-width: 900px) 100vw, 900px\" \/><\/figure>\n\n\n\n<p>El Gobierno de Canelones realiz\u00f3 la actividad de cierre del intercambio por el cual cuatro en\u00f3logos del Condado de Loudoun, Estados Unidos, trabajaron en bodegas de Canelones, espec\u00edficamente en Colorado Chico, Pizzorno y Establecimiento Juanic\u00f3.<\/p>\n\n\n\n<p>Esto se dio en el marco de un acuerdo de entendimiento firmado en el a\u00f1o 2023 que tiene por objetivo principal entablar una relaci\u00f3n de cooperaci\u00f3n mutua y amistad entre ambos gobiernos. Debido a que cerca de la ciudad de Las Piedras se encuentra la mayor cantidad de producci\u00f3n vitivin\u00edcola del departamento, se busc\u00f3 desde el Gobierno de Canelones que los visitantes se alojaran en esa zona para que la experiencia fuera a\u00fan m\u00e1s inmersiva.<\/p>\n\n\n\n<p>Para darle un cierre a la experiencia y despedir a estos en\u00f3logos, el Gobierno de Canelones \u2014junto a las bodegas que los recibieron y a la Chacra El Umbral que los hosped\u00f3\u2014 realiz\u00f3 una jornada de evaluaci\u00f3n y celebraci\u00f3n del proceso, en la que compartieron con los tres canarios que anteriormente viajaron a trabajar en las bodegas de la localidad norteamericana.<\/p>\n\n\n\n<p>El director general de Relaciones Internacionales y Gobierno Abierto, Mauricio Rompani, consider\u00f3 esta experiencia como muy positiva ya que, seg\u00fan dijo, \u201ces el segundo viaje en el que vienen pasantes de esa localidad de los Estados Unidos en el marco del acuerdo que hay en materia vitivin\u00edcola y de turismo\u201d. Adem\u00e1s, el jerarca agreg\u00f3 que se encuentran \u201cprepar\u00e1ndose para el futuro, para la vendimia que va a ser en Loudoun\u201d.<\/p>\n\n\n\n<p>En esta l\u00ednea, el gerente de Desarrollo Econ\u00f3mico, Juan Carbajal, manifest\u00f3 que adem\u00e1s del trabajo en las bodegas, como parte del acuerdo, \u201clos s\u00e1bados sal\u00edamos a visitar otras bodegas del departamento para que tuvieran una vista amplia de lo que era nuestra regi\u00f3n vitivin\u00edcola y pudieran probar distintos vinos, y los lunes visitamos diferentes organismos\u201d.<\/p>\n\n\n\n<p>Una de las protagonistas de este intercambio, Nicole Bechman, trabaj\u00f3 en la Bodega Colorado Chico y su representante, Ana Mar\u00eda Andr\u00e9s, destac\u00f3 que Bechman \u201clleg\u00f3 y enseguida se puso a trabajar, manos en la uva; no ten\u00eda miedo de ensuciarse, de agarrar mangueras, de salir para adelante, para atr\u00e1s; no tuvo en ning\u00fan momento pereza por el trabajo, al contrario, siempre queriendo aprender, positivamente, siempre ayudando en todo\u201d.<\/p>\n\n\n\n<p>Bechman, por su parte, destac\u00f3 que por el contrario a lo que pasa en su pa\u00eds, en Uruguay a\u00fan se trabaja de manera m\u00e1s artesanal, y explic\u00f3 que \u201cla tecnolog\u00eda es m\u00e1s vieja que en los Estados Unidos. En mi regi\u00f3n hay muchas m\u00e1quinas para prensar y otras cosas, pero aqu\u00ed es m\u00e1s con las manos\u201d.<\/p>\n\n\n\n<p>La responsable de la Chacra El Umbral, Sof\u00eda Piju\u00e1n, se mostr\u00f3 contenta por la experiencia y se\u00f1al\u00f3 que desde el primer momento cuando los invitaron a participar de este proyecto les pareci\u00f3 \u201cuna muy linda oportunidad de intercambio, no solamente con los chicos que en realidad vinieron con toda su experiencia desde all\u00e1 y a trabajar ac\u00e1 en las bodegas que tenemos en el entorno, sino tambi\u00e9n con el intercambio con el territorio y con todo Canelones\u201d.<\/p>\n","protected":false},"excerpt":{"rendered":"<p>El Gobierno de Canelones realiz\u00f3 la actividad de cierre del intercambio por el cual cuatro&#8230;<\/p>\n","protected":false},"author":1,"featured_media":22517,"comment_status":"closed","ping_status":"closed","sticky":false,"template":"","format":"standard","meta":{"_monsterinsights_skip_tracking":false,"_monsterinsights_sitenote_active":false,"_monsterinsights_sitenote_note":"","_monsterinsights_sitenote_category":0,"footnotes":""},"categories":[4],"tags":[],"class_list":["post-22516","post","type-post","status-publish","format-standard","has-post-thumbnail","hentry","category-departamental"],"featured_image_urls":{"full":["https:\/\/diariotiempo.com.uy\/noticias\/wp-content\/uploads\/2026\/03\/vinos.jpg",900,600,false],"thumbnail":["https:\/\/diariotiempo.com.uy\/noticias\/wp-content\/uploads\/2026\/03\/vinos-150x150.jpg",150,150,true],"medium":["https:\/\/diariotiempo.com.uy\/noticias\/wp-content\/uploads\/2026\/03\/vinos-300x200.jpg",300,200,true],"medium_large":["https:\/\/diariotiempo.com.uy\/noticias\/wp-content\/uploads\/2026\/03\/vinos-768x512.jpg",640,427,true],"large":["https:\/\/diariotiempo.com.uy\/noticias\/wp-content\/uploads\/2026\/03\/vinos.jpg",640,427,false],"rpg_gallery_admin_thumb":["https:\/\/diariotiempo.com.uy\/noticias\/wp-content\/uploads\/2026\/03\/vinos-150x150.jpg",150,150,true],"rpg_gallery_thumb":["https:\/\/diariotiempo.com.uy\/noticias\/wp-content\/uploads\/2026\/03\/vinos-150x150.jpg",150,150,true],"1536x1536":["https:\/\/diariotiempo.com.uy\/noticias\/wp-content\/uploads\/2026\/03\/vinos.jpg",900,600,false],"2048x2048":["https:\/\/diariotiempo.com.uy\/noticias\/wp-content\/uploads\/2026\/03\/vinos.jpg",900,600,false],"covernews-slider-full":["https:\/\/diariotiempo.com.uy\/noticias\/wp-content\/uploads\/2026\/03\/vinos.jpg",900,600,false],"covernews-slider-center":["https:\/\/diariotiempo.com.uy\/noticias\/wp-content\/uploads\/2026\/03\/vinos-800x500.jpg",800,500,true],"covernews-featured":["https:\/\/diariotiempo.com.uy\/noticias\/wp-content\/uploads\/2026\/03\/vinos.jpg",900,600,false],"covernews-medium":["https:\/\/diariotiempo.com.uy\/noticias\/wp-content\/uploads\/2026\/03\/vinos-540x340.jpg",540,340,true],"covernews-medium-square":["https:\/\/diariotiempo.com.uy\/noticias\/wp-content\/uploads\/2026\/03\/vinos-400x250.jpg",400,250,true]},"author_info":{"display_name":"diario","author_link":"https:\/\/diariotiempo.com.uy\/noticias\/author\/diario\/"},"category_info":"<a href=\"https:\/\/diariotiempo.com.uy\/noticias\/category\/departamental\/\" rel=\"category tag\">DEPARTAMENTAL<\/a>","tag_info":"DEPARTAMENTAL","comment_count":"0","_links":{"self":[{"href":"https:\/\/diariotiempo.com.uy\/noticias\/wp-json\/wp\/v2\/posts\/22516","targetHints":{"allow":["GET"]}}],"collection":[{"href":"https:\/\/diariotiempo.com.uy\/noticias\/wp-json\/wp\/v2\/posts"}],"about":[{"href":"https:\/\/diariotiempo.com.uy\/noticias\/wp-json\/wp\/v2\/types\/post"}],"author":[{"embeddable":true,"href":"https:\/\/diariotiempo.com.uy\/noticias\/wp-json\/wp\/v2\/users\/1"}],"replies":[{"embeddable":true,"href":"https:\/\/diariotiempo.com.uy\/noticias\/wp-json\/wp\/v2\/comments?post=22516"}],"version-history":[{"count":1,"href":"https:\/\/diariotiempo.com.uy\/noticias\/wp-json\/wp\/v2\/posts\/22516\/revisions"}],"predecessor-version":[{"id":22518,"href":"https:\/\/diariotiempo.com.uy\/noticias\/wp-json\/wp\/v2\/posts\/22516\/revisions\/22518"}],"wp:featuredmedia":[{"embeddable":true,"href":"https:\/\/diariotiempo.com.uy\/noticias\/wp-json\/wp\/v2\/media\/22517"}],"wp:attachment":[{"href":"https:\/\/diariotiempo.com.uy\/noticias\/wp-json\/wp\/v2\/media?parent=22516"}],"wp:term":[{"taxonomy":"category","embeddable":true,"href":"https:\/\/diariotiempo.com.uy\/noticias\/wp-json\/wp\/v2\/categories?post=22516"},{"taxonomy":"post_tag","embeddable":true,"href":"https:\/\/diariotiempo.com.uy\/noticias\/wp-json\/wp\/v2\/tags?post=22516"}],"curies":[{"name":"wp","href":"https:\/\/api.w.org\/{rel}","templated":true}]}}