{"id":22522,"date":"2026-03-26T20:58:44","date_gmt":"2026-03-26T20:58:44","guid":{"rendered":"https:\/\/diariotiempo.com.uy\/noticias\/?p=22522"},"modified":"2026-03-26T20:58:45","modified_gmt":"2026-03-26T20:58:45","slug":"subite-al-bus-turistico-este-lunes","status":"publish","type":"post","link":"https:\/\/diariotiempo.com.uy\/noticias\/2026\/03\/26\/subite-al-bus-turistico-este-lunes\/","title":{"rendered":"SUBITE AL BUS TURISTICO ESTE LUNES\u00a0"},"content":{"rendered":"\n<figure class=\"wp-block-image size-full\"><img loading=\"lazy\" decoding=\"async\" width=\"800\" height=\"432\" src=\"https:\/\/diariotiempo.com.uy\/noticias\/wp-content\/uploads\/2026\/03\/Foto-Plaza.jpg\" alt=\"\" class=\"wp-image-22523\" srcset=\"https:\/\/diariotiempo.com.uy\/noticias\/wp-content\/uploads\/2026\/03\/Foto-Plaza.jpg 800w, https:\/\/diariotiempo.com.uy\/noticias\/wp-content\/uploads\/2026\/03\/Foto-Plaza-300x162.jpg 300w, https:\/\/diariotiempo.com.uy\/noticias\/wp-content\/uploads\/2026\/03\/Foto-Plaza-768x415.jpg 768w\" sizes=\"auto, (max-width: 800px) 100vw, 800px\" \/><\/figure>\n\n\n\n<p>Con motivo del 238\u00ba aniversario de la ciudad de Pando, llega por primera vez el bus tur\u00edstico&nbsp;(inclusivo) que te llevara a recorrer la ciudad.<\/p>\n\n\n\n<p>Es un bus de dos pisos, con capacidad para 56 personas y 2 personas en silla de ruedas.<\/p>\n\n\n\n<p>Surge como iniciativa del Consejo ( integrada por Jonathan&nbsp;Monroy entre otros) quien la deriva para su posterior aprobaci\u00f3n&nbsp;a la Comisi\u00f3n&nbsp;Social y Cultural.<\/p>\n\n\n\n<p>Se realizaran dos salidas con un circuito guiado a las 10 de la ma\u00f1ana y a las 14 horas , El punto de salida y llegada es desde el municipio .<\/p>\n\n\n\n<p>Se solicita y agradece a quienes deseen disfrutar del paseo, tengan a bien acercarse 15 minutos antes de cada salida, ser\u00e1n acompa\u00f1ados y guiados&nbsp; por&nbsp; Alfredo Mazzei quien ser\u00e1 el encargado de brindar informaci\u00f3n hist\u00f3rica de los lugares y&nbsp; an\u00e9cdotas de los mismos mientras que los pasajeros pueden interactuar formulando preguntas o inquietudes de tal manera que sea un espacio de intercambio, y conocimiento de la cultura pandense.<\/p>\n\n\n\n<p>ES TOTALMENTE GRATIS y por orden de llegada , dando prioridad a&nbsp; las Asociaciones u organizaciones locatarias que est\u00e1n integradas por personas mayores y \/o con discapacidades.&nbsp;&nbsp;<\/p>\n\n\n\n<p>El recorrido tiene una duraci\u00f3n&nbsp;aproximada de 2 horas, y despu\u00e9s de la ultima salida, se ofrecer\u00e1&nbsp;una salida , posterior a las 16 horas pensada en los ni\u00f1os principalmente , aunque es para todo publico, ser\u00e1&nbsp;sin relatos hist\u00f3ricos y sin paradas ,&nbsp; &nbsp;los llevara&nbsp; &nbsp;al Parque Artigas de Pando , tendr\u00e1&nbsp;una duraci\u00f3n&nbsp;de media hora .<\/p>\n\n\n\n<p>Los circuitos ( 10 hs y 14 hs ) incluyen : Salida desde la Plaza Constituci\u00f3n&nbsp;, del lado del municipio , el primer lugar de visita ser\u00e1 la casa de&nbsp; Santos , sin descuidar el Hospital que este a\u00f1o esta cumpliendo su aniversario numero 100, se ingresa a la casa de&nbsp; Santos , y prosigue el tur rumbo a Villa Olmos, el peaje La Cadena, luego el parque de Pando, visitando el puente de los Treinta y Tres ( patrimonio hist\u00f3rico) , al regreso se ver\u00e1 el Molino de Andrioni, Villa Juanita, Busto de Jos\u00e9 Pedro Varela, Estadio Municipal, CCP y Plaza Constituci\u00f3n&nbsp;<\/p>\n","protected":false},"excerpt":{"rendered":"<p>Con motivo del 238\u00ba aniversario de la ciudad de Pando, llega por primera vez el&#8230;<\/p>\n","protected":false},"author":1,"featured_media":22523,"comment_status":"closed","ping_status":"closed","sticky":false,"template":"","format":"standard","meta":{"_monsterinsights_skip_tracking":false,"_monsterinsights_sitenote_active":false,"_monsterinsights_sitenote_note":"","_monsterinsights_sitenote_category":0,"footnotes":""},"categories":[11],"tags":[],"class_list":["post-22522","post","type-post","status-publish","format-standard","has-post-thumbnail","hentry","category-noticia-destacada"],"featured_image_urls":{"full":["https:\/\/diariotiempo.com.uy\/noticias\/wp-content\/uploads\/2026\/03\/Foto-Plaza.jpg",800,432,false],"thumbnail":["https:\/\/diariotiempo.com.uy\/noticias\/wp-content\/uploads\/2026\/03\/Foto-Plaza-150x150.jpg",150,150,true],"medium":["https:\/\/diariotiempo.com.uy\/noticias\/wp-content\/uploads\/2026\/03\/Foto-Plaza-300x162.jpg",300,162,true],"medium_large":["https:\/\/diariotiempo.com.uy\/noticias\/wp-content\/uploads\/2026\/03\/Foto-Plaza-768x415.jpg",640,346,true],"large":["https:\/\/diariotiempo.com.uy\/noticias\/wp-content\/uploads\/2026\/03\/Foto-Plaza.jpg",640,346,false],"rpg_gallery_admin_thumb":["https:\/\/diariotiempo.com.uy\/noticias\/wp-content\/uploads\/2026\/03\/Foto-Plaza-150x150.jpg",150,150,true],"rpg_gallery_thumb":["https:\/\/diariotiempo.com.uy\/noticias\/wp-content\/uploads\/2026\/03\/Foto-Plaza-150x150.jpg",150,150,true],"1536x1536":["https:\/\/diariotiempo.com.uy\/noticias\/wp-content\/uploads\/2026\/03\/Foto-Plaza.jpg",800,432,false],"2048x2048":["https:\/\/diariotiempo.com.uy\/noticias\/wp-content\/uploads\/2026\/03\/Foto-Plaza.jpg",800,432,false],"covernews-slider-full":["https:\/\/diariotiempo.com.uy\/noticias\/wp-content\/uploads\/2026\/03\/Foto-Plaza.jpg",800,432,false],"covernews-slider-center":["https:\/\/diariotiempo.com.uy\/noticias\/wp-content\/uploads\/2026\/03\/Foto-Plaza.jpg",800,432,false],"covernews-featured":["https:\/\/diariotiempo.com.uy\/noticias\/wp-content\/uploads\/2026\/03\/Foto-Plaza.jpg",800,432,false],"covernews-medium":["https:\/\/diariotiempo.com.uy\/noticias\/wp-content\/uploads\/2026\/03\/Foto-Plaza-540x340.jpg",540,340,true],"covernews-medium-square":["https:\/\/diariotiempo.com.uy\/noticias\/wp-content\/uploads\/2026\/03\/Foto-Plaza-400x250.jpg",400,250,true]},"author_info":{"display_name":"diario","author_link":"https:\/\/diariotiempo.com.uy\/noticias\/author\/diario\/"},"category_info":"<a href=\"https:\/\/diariotiempo.com.uy\/noticias\/category\/noticia-destacada\/\" rel=\"category tag\">NOTICIA DESTACADA<\/a>","tag_info":"NOTICIA DESTACADA","comment_count":"0","_links":{"self":[{"href":"https:\/\/diariotiempo.com.uy\/noticias\/wp-json\/wp\/v2\/posts\/22522","targetHints":{"allow":["GET"]}}],"collection":[{"href":"https:\/\/diariotiempo.com.uy\/noticias\/wp-json\/wp\/v2\/posts"}],"about":[{"href":"https:\/\/diariotiempo.com.uy\/noticias\/wp-json\/wp\/v2\/types\/post"}],"author":[{"embeddable":true,"href":"https:\/\/diariotiempo.com.uy\/noticias\/wp-json\/wp\/v2\/users\/1"}],"replies":[{"embeddable":true,"href":"https:\/\/diariotiempo.com.uy\/noticias\/wp-json\/wp\/v2\/comments?post=22522"}],"version-history":[{"count":1,"href":"https:\/\/diariotiempo.com.uy\/noticias\/wp-json\/wp\/v2\/posts\/22522\/revisions"}],"predecessor-version":[{"id":22524,"href":"https:\/\/diariotiempo.com.uy\/noticias\/wp-json\/wp\/v2\/posts\/22522\/revisions\/22524"}],"wp:featuredmedia":[{"embeddable":true,"href":"https:\/\/diariotiempo.com.uy\/noticias\/wp-json\/wp\/v2\/media\/22523"}],"wp:attachment":[{"href":"https:\/\/diariotiempo.com.uy\/noticias\/wp-json\/wp\/v2\/media?parent=22522"}],"wp:term":[{"taxonomy":"category","embeddable":true,"href":"https:\/\/diariotiempo.com.uy\/noticias\/wp-json\/wp\/v2\/categories?post=22522"},{"taxonomy":"post_tag","embeddable":true,"href":"https:\/\/diariotiempo.com.uy\/noticias\/wp-json\/wp\/v2\/tags?post=22522"}],"curies":[{"name":"wp","href":"https:\/\/api.w.org\/{rel}","templated":true}]}}