{"id":22527,"date":"2026-03-27T13:47:30","date_gmt":"2026-03-27T13:47:30","guid":{"rendered":"https:\/\/diariotiempo.com.uy\/noticias\/?p=22527"},"modified":"2026-03-27T13:47:32","modified_gmt":"2026-03-27T13:47:32","slug":"nueva-edicion-de-la-fiesta-de-la-cerveza-artesanal-sabado-11-y-domingo-12-abril","status":"publish","type":"post","link":"https:\/\/diariotiempo.com.uy\/noticias\/2026\/03\/27\/nueva-edicion-de-la-fiesta-de-la-cerveza-artesanal-sabado-11-y-domingo-12-abril\/","title":{"rendered":"Nueva edici\u00f3n de la Fiesta de la Cerveza Artesanal, s\u00e1bado 11 y domingo 12 abril"},"content":{"rendered":"\n<figure class=\"wp-block-gallery has-nested-images columns-2 is-cropped wp-block-gallery-1 is-layout-flex wp-block-gallery-is-layout-flex\">\n<figure class=\"wp-block-image size-large\"><img loading=\"lazy\" decoding=\"async\" width=\"700\" height=\"368\" data-id=\"22528\" src=\"https:\/\/diariotiempo.com.uy\/noticias\/wp-content\/uploads\/2026\/03\/cerveza-escenario.jpg\" alt=\"\" class=\"wp-image-22528\" srcset=\"https:\/\/diariotiempo.com.uy\/noticias\/wp-content\/uploads\/2026\/03\/cerveza-escenario.jpg 700w, https:\/\/diariotiempo.com.uy\/noticias\/wp-content\/uploads\/2026\/03\/cerveza-escenario-300x158.jpg 300w\" sizes=\"auto, (max-width: 700px) 100vw, 700px\" \/><\/figure>\n\n\n\n<figure class=\"wp-block-image size-large\"><img loading=\"lazy\" decoding=\"async\" width=\"700\" height=\"467\" data-id=\"22530\" src=\"https:\/\/diariotiempo.com.uy\/noticias\/wp-content\/uploads\/2026\/03\/CERVEZA.jpeg\" alt=\"\" class=\"wp-image-22530\" srcset=\"https:\/\/diariotiempo.com.uy\/noticias\/wp-content\/uploads\/2026\/03\/CERVEZA.jpeg 700w, https:\/\/diariotiempo.com.uy\/noticias\/wp-content\/uploads\/2026\/03\/CERVEZA-300x200.jpeg 300w\" sizes=\"auto, (max-width: 700px) 100vw, 700px\" \/><\/figure>\n\n\n\n<figure class=\"wp-block-image size-large\"><img loading=\"lazy\" decoding=\"async\" width=\"900\" height=\"400\" data-id=\"22529\" src=\"https:\/\/diariotiempo.com.uy\/noticias\/wp-content\/uploads\/2026\/03\/CERVEZA-TODOS.jpg\" alt=\"\" class=\"wp-image-22529\" srcset=\"https:\/\/diariotiempo.com.uy\/noticias\/wp-content\/uploads\/2026\/03\/CERVEZA-TODOS.jpg 900w, https:\/\/diariotiempo.com.uy\/noticias\/wp-content\/uploads\/2026\/03\/CERVEZA-TODOS-300x133.jpg 300w, https:\/\/diariotiempo.com.uy\/noticias\/wp-content\/uploads\/2026\/03\/CERVEZA-TODOS-768x341.jpg 768w\" sizes=\"auto, (max-width: 900px) 100vw, 900px\" \/><\/figure>\n<\/figure>\n\n\n\n<p>El Gobierno de Canelones, el Municipio de Parque del Plata &#8211; Las Toscas y la Asociaci\u00f3n de Microcervecer\u00edas Artesanales del Uruguay (AMAU) presentaron el lunes al mediod\u00eda, en Volc\u00e1nica Bar de Ciudad de la Costa, una nueva edici\u00f3n de la Fiesta de la Cerveza Artesanal que tendr\u00e1 lugar los d\u00edas s\u00e1bado 11 y domingo 12 de abril en la rambla del arroyo Sol\u00eds Chico de Parque del Plata, con entrada libre. La instancia, que se desarroll\u00f3 en formato de conferencia de prensa, reuni\u00f3 a autoridades, organizadores, representantes del sector cervecero y medios de comunicaci\u00f3n locales y nacionales.<\/p>\n\n\n\n<p>En la ocasi\u00f3n se inform\u00f3 que las dos jornadas de la fiesta dar\u00e1n inicio a las 17:00 horas y se extender\u00e1n con propuestas diversas en dos escenarios simult\u00e1neos. Participar\u00e1n m\u00e1s de 24 cervecer\u00edas de distintos puntos del pa\u00eds y se instalar\u00e1 un paseo gastron\u00f3mico, adem\u00e1s de intervenciones que se realizar\u00e1n en el espacio p\u00fablico comprendido entre la Calle C y la Avenida 50 metros. La grilla de espect\u00e1culos comprende distintos g\u00e9neros, con presencia de artistas nacionales para todos los gustos.Desde la organizaci\u00f3n se trabaja en los aspectos log\u00edsticos y t\u00e9cnicos del evento, incluyendo transporte, seguridad y acondicionamiento del predio. \u201cComo siempre, estamos trabajando para que los dos escenarios tengan calidad t\u00e9cnica, que los espect\u00e1culos se vean bien y que suene bien\u201d, indic\u00f3 el subdirector de Cultura, Federico Roquero, quien adelant\u00f3 cambios en la disposici\u00f3n del espacio. \u201cEste a\u00f1o incorporamos m\u00e1s \u00e1reas para mejorar la experiencia, con patios gastron\u00f3micos sobre el arroyo\u201d, explic\u00f3, \u201capuntamos a ordenar mejor la circulaci\u00f3n, intercalando propuestas gastron\u00f3micas y cerveceras\u201d.<\/p>\n\n\n\n<p>La alcaldesa de Parque del Plata y Las Toscas, Tania Vecchio, destac\u00f3 el crecimiento sostenido de la iniciativa y su incidencia en el territorio. \u201cTiene un impacto muy grande desde lo cultural y tambi\u00e9n en el apoyo a los emprendedores locales y a las empresas cerveceras\u201d, se\u00f1al\u00f3. Record\u00f3 adem\u00e1s que en la edici\u00f3n anterior el evento alcanz\u00f3 los 30.000 asistentes y que para este a\u00f1o se trabaja con el objetivo de superar esa cifra.El presidente de AMAU, Carlos Lamarca, subray\u00f3 la relevancia de la instancia para el sector. \u201cEs uno de los eventos m\u00e1s importantes para nosotros\u201d, afirm\u00f3, al tiempo que destac\u00f3 que se trata de \u201cuna instancia para mostrar lo que hacemos y acercar la cerveza artesanal al p\u00fablico\u201d. Remarc\u00f3 que la actividad permite difundir la producci\u00f3n nacional y fortalecer un rubro que \u201cgenera trabajo para mucha gente\u201d.La directora de Desarrollo Tur\u00edstico del Gobierno de Canelones, Ximena Acosta, adelant\u00f3 que por primera vez se implementar\u00e1n acciones orientadas a facilitar el acceso y la experiencia de los turistas que se encuentren alojados en hoteles de la costa de canaria, por medio de un acuerdo con la Asociaci\u00f3n Tur\u00edstica de Canelones (ATC). Los mismos ser\u00e1n trasladados desde sus hoteles hasta el sitio de la fiesta, ida y vuelta. Ser\u00e1n identificados mediante una pulsera especial y contar\u00e1n con acompa\u00f1amiento para que la experiencia resulte altamente satisfactoria.<\/p>\n\n\n\n<p><strong>LA GRILLA DEL EVENTO ES LA SIGUIENTE:<\/strong><\/p>\n\n\n\n<ul class=\"wp-block-list\">\n<li><strong>S\u00e1bado 11\/4 \u00a0<\/strong><\/li>\n<\/ul>\n\n\n\n<p>Escenario principal<\/p>\n\n\n\n<p>Encanto al Alma<\/p>\n\n\n\n<p>Lu Ferreira<\/p>\n\n\n\n<p>Valuto<\/p>\n\n\n\n<p>Trotsky Vengar\u00e1n<\/p>\n\n\n\n<p>La Pen\u00faltima<\/p>\n\n\n\n<p>Escenario Gastron\u00f3mico<\/p>\n\n\n\n<p>Dj Beve<\/p>\n\n\n\n<p>Alias Tuk<\/p>\n\n\n\n<p>Malmambo Salsa Band<\/p>\n\n\n\n<p>Alm\u00edsticas<\/p>\n\n\n\n<p>Espect\u00e1culo en la calle<\/p>\n\n\n\n<p>Llam\u00f3 la Raque<\/p>\n\n\n\n<ul class=\"wp-block-list\">\n<li><strong>Domingo 12\/4<\/strong><\/li>\n<\/ul>\n\n\n\n<p>Escenario principal<\/p>\n\n\n\n<p>Ruperto Rocanrol<\/p>\n\n\n\n<p>Knak<\/p>\n\n\n\n<p>Vanesa Britos<\/p>\n\n\n\n<p>Et\u00e9 y Los Problems<\/p>\n\n\n\n<p>La Dosis<\/p>\n\n\n\n<p>Escenario Gastron\u00f3mico<\/p>\n\n\n\n<p>Dj Paola Dalto<\/p>\n\n\n\n<p>Juan Mari\u00f1o<\/p>\n\n\n\n<p>Se Arm\u00f3 Kokoa<\/p>\n\n\n\n<p>Sucia Esquina<\/p>\n\n\n\n<p>Espect\u00e1culo en la calle<\/p>\n\n\n\n<p>Catadores de Gazpacho.<\/p>\n\n\n\n<p>Debido a la reprogramaci\u00f3n en virtud del pron\u00f3stico clim\u00e1tico la grilla puede modificarse por disponibilidad de las bandas.<\/p>\n\n\n\n<p>Foto IMC<\/p>\n\n\n\n<p><\/p>\n","protected":false},"excerpt":{"rendered":"<p>El Gobierno de Canelones, el Municipio de Parque del Plata &#8211; Las Toscas y la&#8230;<\/p>\n","protected":false},"author":1,"featured_media":22528,"comment_status":"closed","ping_status":"closed","sticky":false,"template":"","format":"standard","meta":{"_monsterinsights_skip_tracking":false,"_monsterinsights_sitenote_active":false,"_monsterinsights_sitenote_note":"","_monsterinsights_sitenote_category":0,"footnotes":""},"categories":[11],"tags":[],"class_list":["post-22527","post","type-post","status-publish","format-standard","has-post-thumbnail","hentry","category-noticia-destacada"],"featured_image_urls":{"full":["https:\/\/diariotiempo.com.uy\/noticias\/wp-content\/uploads\/2026\/03\/cerveza-escenario.jpg",700,368,false],"thumbnail":["https:\/\/diariotiempo.com.uy\/noticias\/wp-content\/uploads\/2026\/03\/cerveza-escenario-150x150.jpg",150,150,true],"medium":["https:\/\/diariotiempo.com.uy\/noticias\/wp-content\/uploads\/2026\/03\/cerveza-escenario-300x158.jpg",300,158,true],"medium_large":["https:\/\/diariotiempo.com.uy\/noticias\/wp-content\/uploads\/2026\/03\/cerveza-escenario.jpg",640,336,false],"large":["https:\/\/diariotiempo.com.uy\/noticias\/wp-content\/uploads\/2026\/03\/cerveza-escenario.jpg",640,336,false],"rpg_gallery_admin_thumb":["https:\/\/diariotiempo.com.uy\/noticias\/wp-content\/uploads\/2026\/03\/cerveza-escenario-150x150.jpg",150,150,true],"rpg_gallery_thumb":["https:\/\/diariotiempo.com.uy\/noticias\/wp-content\/uploads\/2026\/03\/cerveza-escenario-150x150.jpg",150,150,true],"1536x1536":["https:\/\/diariotiempo.com.uy\/noticias\/wp-content\/uploads\/2026\/03\/cerveza-escenario.jpg",700,368,false],"2048x2048":["https:\/\/diariotiempo.com.uy\/noticias\/wp-content\/uploads\/2026\/03\/cerveza-escenario.jpg",700,368,false],"covernews-slider-full":["https:\/\/diariotiempo.com.uy\/noticias\/wp-content\/uploads\/2026\/03\/cerveza-escenario.jpg",700,368,false],"covernews-slider-center":["https:\/\/diariotiempo.com.uy\/noticias\/wp-content\/uploads\/2026\/03\/cerveza-escenario.jpg",700,368,false],"covernews-featured":["https:\/\/diariotiempo.com.uy\/noticias\/wp-content\/uploads\/2026\/03\/cerveza-escenario.jpg",700,368,false],"covernews-medium":["https:\/\/diariotiempo.com.uy\/noticias\/wp-content\/uploads\/2026\/03\/cerveza-escenario-540x340.jpg",540,340,true],"covernews-medium-square":["https:\/\/diariotiempo.com.uy\/noticias\/wp-content\/uploads\/2026\/03\/cerveza-escenario-400x250.jpg",400,250,true]},"author_info":{"display_name":"diario","author_link":"https:\/\/diariotiempo.com.uy\/noticias\/author\/diario\/"},"category_info":"<a href=\"https:\/\/diariotiempo.com.uy\/noticias\/category\/noticia-destacada\/\" rel=\"category tag\">NOTICIA DESTACADA<\/a>","tag_info":"NOTICIA DESTACADA","comment_count":"0","_links":{"self":[{"href":"https:\/\/diariotiempo.com.uy\/noticias\/wp-json\/wp\/v2\/posts\/22527","targetHints":{"allow":["GET"]}}],"collection":[{"href":"https:\/\/diariotiempo.com.uy\/noticias\/wp-json\/wp\/v2\/posts"}],"about":[{"href":"https:\/\/diariotiempo.com.uy\/noticias\/wp-json\/wp\/v2\/types\/post"}],"author":[{"embeddable":true,"href":"https:\/\/diariotiempo.com.uy\/noticias\/wp-json\/wp\/v2\/users\/1"}],"replies":[{"embeddable":true,"href":"https:\/\/diariotiempo.com.uy\/noticias\/wp-json\/wp\/v2\/comments?post=22527"}],"version-history":[{"count":1,"href":"https:\/\/diariotiempo.com.uy\/noticias\/wp-json\/wp\/v2\/posts\/22527\/revisions"}],"predecessor-version":[{"id":22531,"href":"https:\/\/diariotiempo.com.uy\/noticias\/wp-json\/wp\/v2\/posts\/22527\/revisions\/22531"}],"wp:featuredmedia":[{"embeddable":true,"href":"https:\/\/diariotiempo.com.uy\/noticias\/wp-json\/wp\/v2\/media\/22528"}],"wp:attachment":[{"href":"https:\/\/diariotiempo.com.uy\/noticias\/wp-json\/wp\/v2\/media?parent=22527"}],"wp:term":[{"taxonomy":"category","embeddable":true,"href":"https:\/\/diariotiempo.com.uy\/noticias\/wp-json\/wp\/v2\/categories?post=22527"},{"taxonomy":"post_tag","embeddable":true,"href":"https:\/\/diariotiempo.com.uy\/noticias\/wp-json\/wp\/v2\/tags?post=22527"}],"curies":[{"name":"wp","href":"https:\/\/api.w.org\/{rel}","templated":true}]}}