{"id":22532,"date":"2026-03-27T13:54:51","date_gmt":"2026-03-27T13:54:51","guid":{"rendered":"https:\/\/diariotiempo.com.uy\/noticias\/?p=22532"},"modified":"2026-03-27T13:54:53","modified_gmt":"2026-03-27T13:54:53","slug":"exito-total-en-el-238-aniversario-de-pando","status":"publish","type":"post","link":"https:\/\/diariotiempo.com.uy\/noticias\/2026\/03\/27\/exito-total-en-el-238-aniversario-de-pando\/","title":{"rendered":"\u00c9xito total en el 238\u00b0 Aniversario de Pando"},"content":{"rendered":"\n<figure class=\"wp-block-gallery has-nested-images columns-2 is-cropped wp-block-gallery-1 is-layout-flex wp-block-gallery-is-layout-flex\">\n<figure class=\"wp-block-image size-large\"><img loading=\"lazy\" decoding=\"async\" width=\"488\" height=\"437\" data-id=\"22535\" src=\"https:\/\/diariotiempo.com.uy\/noticias\/wp-content\/uploads\/2026\/03\/expo-ajedrez.jpg\" alt=\"\" class=\"wp-image-22535\" srcset=\"https:\/\/diariotiempo.com.uy\/noticias\/wp-content\/uploads\/2026\/03\/expo-ajedrez.jpg 488w, https:\/\/diariotiempo.com.uy\/noticias\/wp-content\/uploads\/2026\/03\/expo-ajedrez-300x269.jpg 300w\" sizes=\"auto, (max-width: 488px) 100vw, 488px\" \/><\/figure>\n\n\n\n<figure class=\"wp-block-image size-large\"><img loading=\"lazy\" decoding=\"async\" width=\"500\" height=\"602\" data-id=\"22534\" src=\"https:\/\/diariotiempo.com.uy\/noticias\/wp-content\/uploads\/2026\/03\/expo-musica.jpg\" alt=\"\" class=\"wp-image-22534\" srcset=\"https:\/\/diariotiempo.com.uy\/noticias\/wp-content\/uploads\/2026\/03\/expo-musica.jpg 500w, https:\/\/diariotiempo.com.uy\/noticias\/wp-content\/uploads\/2026\/03\/expo-musica-249x300.jpg 249w\" sizes=\"auto, (max-width: 500px) 100vw, 500px\" \/><\/figure>\n\n\n\n<figure class=\"wp-block-image size-large\"><img loading=\"lazy\" decoding=\"async\" width=\"700\" height=\"525\" data-id=\"22533\" src=\"https:\/\/diariotiempo.com.uy\/noticias\/wp-content\/uploads\/2026\/03\/agro-feria-puesto.jpg\" alt=\"\" class=\"wp-image-22533\" srcset=\"https:\/\/diariotiempo.com.uy\/noticias\/wp-content\/uploads\/2026\/03\/agro-feria-puesto.jpg 700w, https:\/\/diariotiempo.com.uy\/noticias\/wp-content\/uploads\/2026\/03\/agro-feria-puesto-300x225.jpg 300w\" sizes=\"auto, (max-width: 700px) 100vw, 700px\" \/><\/figure>\n<\/figure>\n\n\n\n<p>El Municipio celebra el rotundo \u00e9xito de la jornada del pasado viernes, donde conmemoramos un nuevo a\u00f1o de nuestra ciudad junto a una multitud de vecinos.En una apuesta firme por el desarrollo local, lanzamos la primera edici\u00f3n de la Feria Productiva. <\/p>\n\n\n\n<p>Contamos con la participaci\u00f3n r\u00e9cord de m\u00e1s de 68 emprendimientos de diversos puntos del departamento, ofreciendo calidad y variedad directamente al consumidor.El cierre de oro lo puso un espect\u00e1culo art\u00edstico de excelencia, con m\u00fasicos de renombre que coronaron una jornada hist\u00f3rica de celebraci\u00f3n y encuentro. <\/p>\n\n\n\n<p>Desde el municipio expresan \u00abGracias a la comunidad por el respaldo masivo. \u00a1Confirmamos desde ya la realizaci\u00f3n de la segunda edici\u00f3n en 2027!\u00bb<\/p>\n\n\n\n<p>(fuente Municipio de Pando)<\/p>\n\n\n\n<p><\/p>\n","protected":false},"excerpt":{"rendered":"<p>El Municipio celebra el rotundo \u00e9xito de la jornada del pasado viernes, donde conmemoramos un&#8230;<\/p>\n","protected":false},"author":1,"featured_media":22535,"comment_status":"closed","ping_status":"closed","sticky":false,"template":"","format":"standard","meta":{"_monsterinsights_skip_tracking":false,"_monsterinsights_sitenote_active":false,"_monsterinsights_sitenote_note":"","_monsterinsights_sitenote_category":0,"footnotes":""},"categories":[19],"tags":[],"class_list":["post-22532","post","type-post","status-publish","format-standard","has-post-thumbnail","hentry","category-pando"],"featured_image_urls":{"full":["https:\/\/diariotiempo.com.uy\/noticias\/wp-content\/uploads\/2026\/03\/expo-ajedrez.jpg",488,437,false],"thumbnail":["https:\/\/diariotiempo.com.uy\/noticias\/wp-content\/uploads\/2026\/03\/expo-ajedrez-150x150.jpg",150,150,true],"medium":["https:\/\/diariotiempo.com.uy\/noticias\/wp-content\/uploads\/2026\/03\/expo-ajedrez-300x269.jpg",300,269,true],"medium_large":["https:\/\/diariotiempo.com.uy\/noticias\/wp-content\/uploads\/2026\/03\/expo-ajedrez.jpg",488,437,false],"large":["https:\/\/diariotiempo.com.uy\/noticias\/wp-content\/uploads\/2026\/03\/expo-ajedrez.jpg",488,437,false],"rpg_gallery_admin_thumb":["https:\/\/diariotiempo.com.uy\/noticias\/wp-content\/uploads\/2026\/03\/expo-ajedrez-150x150.jpg",150,150,true],"rpg_gallery_thumb":["https:\/\/diariotiempo.com.uy\/noticias\/wp-content\/uploads\/2026\/03\/expo-ajedrez-150x150.jpg",150,150,true],"1536x1536":["https:\/\/diariotiempo.com.uy\/noticias\/wp-content\/uploads\/2026\/03\/expo-ajedrez.jpg",488,437,false],"2048x2048":["https:\/\/diariotiempo.com.uy\/noticias\/wp-content\/uploads\/2026\/03\/expo-ajedrez.jpg",488,437,false],"covernews-slider-full":["https:\/\/diariotiempo.com.uy\/noticias\/wp-content\/uploads\/2026\/03\/expo-ajedrez.jpg",488,437,false],"covernews-slider-center":["https:\/\/diariotiempo.com.uy\/noticias\/wp-content\/uploads\/2026\/03\/expo-ajedrez.jpg",488,437,false],"covernews-featured":["https:\/\/diariotiempo.com.uy\/noticias\/wp-content\/uploads\/2026\/03\/expo-ajedrez.jpg",488,437,false],"covernews-medium":["https:\/\/diariotiempo.com.uy\/noticias\/wp-content\/uploads\/2026\/03\/expo-ajedrez-488x340.jpg",488,340,true],"covernews-medium-square":["https:\/\/diariotiempo.com.uy\/noticias\/wp-content\/uploads\/2026\/03\/expo-ajedrez-400x250.jpg",400,250,true]},"author_info":{"display_name":"diario","author_link":"https:\/\/diariotiempo.com.uy\/noticias\/author\/diario\/"},"category_info":"<a href=\"https:\/\/diariotiempo.com.uy\/noticias\/category\/departamental\/pando\/\" rel=\"category tag\">Pando<\/a>","tag_info":"Pando","comment_count":"0","_links":{"self":[{"href":"https:\/\/diariotiempo.com.uy\/noticias\/wp-json\/wp\/v2\/posts\/22532","targetHints":{"allow":["GET"]}}],"collection":[{"href":"https:\/\/diariotiempo.com.uy\/noticias\/wp-json\/wp\/v2\/posts"}],"about":[{"href":"https:\/\/diariotiempo.com.uy\/noticias\/wp-json\/wp\/v2\/types\/post"}],"author":[{"embeddable":true,"href":"https:\/\/diariotiempo.com.uy\/noticias\/wp-json\/wp\/v2\/users\/1"}],"replies":[{"embeddable":true,"href":"https:\/\/diariotiempo.com.uy\/noticias\/wp-json\/wp\/v2\/comments?post=22532"}],"version-history":[{"count":1,"href":"https:\/\/diariotiempo.com.uy\/noticias\/wp-json\/wp\/v2\/posts\/22532\/revisions"}],"predecessor-version":[{"id":22536,"href":"https:\/\/diariotiempo.com.uy\/noticias\/wp-json\/wp\/v2\/posts\/22532\/revisions\/22536"}],"wp:featuredmedia":[{"embeddable":true,"href":"https:\/\/diariotiempo.com.uy\/noticias\/wp-json\/wp\/v2\/media\/22535"}],"wp:attachment":[{"href":"https:\/\/diariotiempo.com.uy\/noticias\/wp-json\/wp\/v2\/media?parent=22532"}],"wp:term":[{"taxonomy":"category","embeddable":true,"href":"https:\/\/diariotiempo.com.uy\/noticias\/wp-json\/wp\/v2\/categories?post=22532"},{"taxonomy":"post_tag","embeddable":true,"href":"https:\/\/diariotiempo.com.uy\/noticias\/wp-json\/wp\/v2\/tags?post=22532"}],"curies":[{"name":"wp","href":"https:\/\/api.w.org\/{rel}","templated":true}]}}