{"id":22537,"date":"2026-03-27T14:40:46","date_gmt":"2026-03-27T14:40:46","guid":{"rendered":"https:\/\/diariotiempo.com.uy\/noticias\/?p=22537"},"modified":"2026-03-27T14:40:48","modified_gmt":"2026-03-27T14:40:48","slug":"comenzaron-las-celebraciones-por-los-100-anos-del-hospital-de-pando","status":"publish","type":"post","link":"https:\/\/diariotiempo.com.uy\/noticias\/2026\/03\/27\/comenzaron-las-celebraciones-por-los-100-anos-del-hospital-de-pando\/","title":{"rendered":"Comenzaron las celebraciones por los 100 a\u00f1os del Hospital de Pando"},"content":{"rendered":"\n<figure class=\"wp-block-gallery has-nested-images columns-default is-cropped wp-block-gallery-1 is-layout-flex wp-block-gallery-is-layout-flex\">\n<figure class=\"wp-block-image size-large\"><img loading=\"lazy\" decoding=\"async\" width=\"700\" height=\"367\" data-id=\"22538\" src=\"https:\/\/diariotiempo.com.uy\/noticias\/wp-content\/uploads\/2026\/03\/hospital-aplausos.jpg\" alt=\"\" class=\"wp-image-22538\" srcset=\"https:\/\/diariotiempo.com.uy\/noticias\/wp-content\/uploads\/2026\/03\/hospital-aplausos.jpg 700w, https:\/\/diariotiempo.com.uy\/noticias\/wp-content\/uploads\/2026\/03\/hospital-aplausos-300x157.jpg 300w\" sizes=\"auto, (max-width: 700px) 100vw, 700px\" \/><\/figure>\n\n\n\n<figure class=\"wp-block-image size-large\"><img loading=\"lazy\" decoding=\"async\" width=\"700\" height=\"367\" data-id=\"22539\" src=\"https:\/\/diariotiempo.com.uy\/noticias\/wp-content\/uploads\/2026\/03\/hospital-haro.jpg\" alt=\"\" class=\"wp-image-22539\" srcset=\"https:\/\/diariotiempo.com.uy\/noticias\/wp-content\/uploads\/2026\/03\/hospital-haro.jpg 700w, https:\/\/diariotiempo.com.uy\/noticias\/wp-content\/uploads\/2026\/03\/hospital-haro-300x157.jpg 300w\" sizes=\"auto, (max-width: 700px) 100vw, 700px\" \/><\/figure>\n\n\n\n<figure class=\"wp-block-image size-large\"><img loading=\"lazy\" decoding=\"async\" width=\"700\" height=\"367\" data-id=\"22540\" src=\"https:\/\/diariotiempo.com.uy\/noticias\/wp-content\/uploads\/2026\/03\/hospital-logo.jpg\" alt=\"\" class=\"wp-image-22540\" srcset=\"https:\/\/diariotiempo.com.uy\/noticias\/wp-content\/uploads\/2026\/03\/hospital-logo.jpg 700w, https:\/\/diariotiempo.com.uy\/noticias\/wp-content\/uploads\/2026\/03\/hospital-logo-300x157.jpg 300w\" sizes=\"auto, (max-width: 700px) 100vw, 700px\" \/><\/figure>\n\n\n\n<figure class=\"wp-block-image size-large\"><img loading=\"lazy\" decoding=\"async\" width=\"900\" height=\"472\" data-id=\"22541\" src=\"https:\/\/diariotiempo.com.uy\/noticias\/wp-content\/uploads\/2026\/03\/hospital-viejo.jpg\" alt=\"\" class=\"wp-image-22541\" srcset=\"https:\/\/diariotiempo.com.uy\/noticias\/wp-content\/uploads\/2026\/03\/hospital-viejo.jpg 900w, https:\/\/diariotiempo.com.uy\/noticias\/wp-content\/uploads\/2026\/03\/hospital-viejo-300x157.jpg 300w, https:\/\/diariotiempo.com.uy\/noticias\/wp-content\/uploads\/2026\/03\/hospital-viejo-768x403.jpg 768w\" sizes=\"auto, (max-width: 900px) 100vw, 900px\" \/><\/figure>\n<\/figure>\n\n\n\n<p>El viernes 20 comenzaron las celebraciones por los 100 a\u00f1os del Hospital de Pando, bajo el lema \u00ab100 a\u00f1os de historias, salud y comunidad. Honrando el pasado, construyendo el futuro\u00bb.En el acto de lanzamiento, se conoci\u00f3 el dise\u00f1o de sello conmemorativo. Fuente y fotos ASSE<\/p>\n\n\n\n<p>El presidente de la Administraci\u00f3n de los Servicios de Salud del Estado (ASSE), Dr. \u00c1lvaro Danza expres\u00f3: \u00abLos 100 a\u00f1os del Hospital de Pando no son una efem\u00e9ride m\u00e1s. Son la historia de una instituci\u00f3n profundamente ligada a la vida de su comunidad y a la expansi\u00f3n del derecho a la salud en Canelones.Con el tiempo, Pando dej\u00f3 de ser un centro auxiliar para proyectarse como hospital de segundo nivel, incorporando mayor complejidad, emergencia, block quir\u00fargico y capacidad de respuesta para una zona de influencia que incluye Pando, Empalme Olmos, Barros Blancos, Su\u00e1rez y Toledo, con una cobertura estimada de unas 100.000 personas. Las obras y ampliaciones realizadas en distintos momentos tambi\u00e9n fortalecieron la imagenolog\u00eda, la consulta externa y la resolutividad del hospital en la regi\u00f3n. &nbsp;?Celebrar este centenario es reconocer a generaciones de trabajadores y trabajadoras de la salud, y tambi\u00e9n reafirmar algo esencial: los hospitales p\u00fablicos no son s\u00f3lo edificios. Son memoria, cuidado, cercan\u00eda y futuro.Que sean 100 a\u00f1os honrando esa historia y construyendo lo que viene.\u00bb<\/p>\n\n\n\n<p><\/p>\n","protected":false},"excerpt":{"rendered":"<p>El viernes 20 comenzaron las celebraciones por los 100 a\u00f1os del Hospital de Pando, bajo&#8230;<\/p>\n","protected":false},"author":1,"featured_media":22540,"comment_status":"closed","ping_status":"closed","sticky":false,"template":"","format":"standard","meta":{"_monsterinsights_skip_tracking":false,"_monsterinsights_sitenote_active":false,"_monsterinsights_sitenote_note":"","_monsterinsights_sitenote_category":0,"footnotes":""},"categories":[19],"tags":[],"class_list":["post-22537","post","type-post","status-publish","format-standard","has-post-thumbnail","hentry","category-pando"],"featured_image_urls":{"full":["https:\/\/diariotiempo.com.uy\/noticias\/wp-content\/uploads\/2026\/03\/hospital-logo.jpg",700,367,false],"thumbnail":["https:\/\/diariotiempo.com.uy\/noticias\/wp-content\/uploads\/2026\/03\/hospital-logo-150x150.jpg",150,150,true],"medium":["https:\/\/diariotiempo.com.uy\/noticias\/wp-content\/uploads\/2026\/03\/hospital-logo-300x157.jpg",300,157,true],"medium_large":["https:\/\/diariotiempo.com.uy\/noticias\/wp-content\/uploads\/2026\/03\/hospital-logo.jpg",640,336,false],"large":["https:\/\/diariotiempo.com.uy\/noticias\/wp-content\/uploads\/2026\/03\/hospital-logo.jpg",640,336,false],"rpg_gallery_admin_thumb":["https:\/\/diariotiempo.com.uy\/noticias\/wp-content\/uploads\/2026\/03\/hospital-logo-150x150.jpg",150,150,true],"rpg_gallery_thumb":["https:\/\/diariotiempo.com.uy\/noticias\/wp-content\/uploads\/2026\/03\/hospital-logo-150x150.jpg",150,150,true],"1536x1536":["https:\/\/diariotiempo.com.uy\/noticias\/wp-content\/uploads\/2026\/03\/hospital-logo.jpg",700,367,false],"2048x2048":["https:\/\/diariotiempo.com.uy\/noticias\/wp-content\/uploads\/2026\/03\/hospital-logo.jpg",700,367,false],"covernews-slider-full":["https:\/\/diariotiempo.com.uy\/noticias\/wp-content\/uploads\/2026\/03\/hospital-logo.jpg",700,367,false],"covernews-slider-center":["https:\/\/diariotiempo.com.uy\/noticias\/wp-content\/uploads\/2026\/03\/hospital-logo.jpg",700,367,false],"covernews-featured":["https:\/\/diariotiempo.com.uy\/noticias\/wp-content\/uploads\/2026\/03\/hospital-logo.jpg",700,367,false],"covernews-medium":["https:\/\/diariotiempo.com.uy\/noticias\/wp-content\/uploads\/2026\/03\/hospital-logo-540x340.jpg",540,340,true],"covernews-medium-square":["https:\/\/diariotiempo.com.uy\/noticias\/wp-content\/uploads\/2026\/03\/hospital-logo-400x250.jpg",400,250,true]},"author_info":{"display_name":"diario","author_link":"https:\/\/diariotiempo.com.uy\/noticias\/author\/diario\/"},"category_info":"<a href=\"https:\/\/diariotiempo.com.uy\/noticias\/category\/departamental\/pando\/\" rel=\"category tag\">Pando<\/a>","tag_info":"Pando","comment_count":"0","_links":{"self":[{"href":"https:\/\/diariotiempo.com.uy\/noticias\/wp-json\/wp\/v2\/posts\/22537","targetHints":{"allow":["GET"]}}],"collection":[{"href":"https:\/\/diariotiempo.com.uy\/noticias\/wp-json\/wp\/v2\/posts"}],"about":[{"href":"https:\/\/diariotiempo.com.uy\/noticias\/wp-json\/wp\/v2\/types\/post"}],"author":[{"embeddable":true,"href":"https:\/\/diariotiempo.com.uy\/noticias\/wp-json\/wp\/v2\/users\/1"}],"replies":[{"embeddable":true,"href":"https:\/\/diariotiempo.com.uy\/noticias\/wp-json\/wp\/v2\/comments?post=22537"}],"version-history":[{"count":1,"href":"https:\/\/diariotiempo.com.uy\/noticias\/wp-json\/wp\/v2\/posts\/22537\/revisions"}],"predecessor-version":[{"id":22542,"href":"https:\/\/diariotiempo.com.uy\/noticias\/wp-json\/wp\/v2\/posts\/22537\/revisions\/22542"}],"wp:featuredmedia":[{"embeddable":true,"href":"https:\/\/diariotiempo.com.uy\/noticias\/wp-json\/wp\/v2\/media\/22540"}],"wp:attachment":[{"href":"https:\/\/diariotiempo.com.uy\/noticias\/wp-json\/wp\/v2\/media?parent=22537"}],"wp:term":[{"taxonomy":"category","embeddable":true,"href":"https:\/\/diariotiempo.com.uy\/noticias\/wp-json\/wp\/v2\/categories?post=22537"},{"taxonomy":"post_tag","embeddable":true,"href":"https:\/\/diariotiempo.com.uy\/noticias\/wp-json\/wp\/v2\/tags?post=22537"}],"curies":[{"name":"wp","href":"https:\/\/api.w.org\/{rel}","templated":true}]}}