{"id":22546,"date":"2026-03-27T14:57:24","date_gmt":"2026-03-27T14:57:24","guid":{"rendered":"https:\/\/diariotiempo.com.uy\/noticias\/?p=22546"},"modified":"2026-03-27T14:57:49","modified_gmt":"2026-03-27T14:57:49","slug":"se-lanzo-la-45a-edicion-de-la-criolla-del-parque-roosevelt-que-se-realizara-del-1-al-5-de-abril","status":"publish","type":"post","link":"https:\/\/diariotiempo.com.uy\/noticias\/2026\/03\/27\/se-lanzo-la-45a-edicion-de-la-criolla-del-parque-roosevelt-que-se-realizara-del-1-al-5-de-abril\/","title":{"rendered":"Se lanz\u00f3 la 45\u00aa edici\u00f3n de la Criolla del Parque Roosevelt, que se realizar\u00e1 del 1 al 5 de abril"},"content":{"rendered":"\n<figure class=\"wp-block-gallery has-nested-images columns-default is-cropped wp-block-gallery-1 is-layout-flex wp-block-gallery-is-layout-flex\">\n<figure class=\"wp-block-image size-large\"><img loading=\"lazy\" decoding=\"async\" width=\"700\" height=\"394\" data-id=\"22547\" src=\"https:\/\/diariotiempo.com.uy\/noticias\/wp-content\/uploads\/2026\/03\/ROOSVELT-HOMBRE.jpeg\" alt=\"\" class=\"wp-image-22547\" srcset=\"https:\/\/diariotiempo.com.uy\/noticias\/wp-content\/uploads\/2026\/03\/ROOSVELT-HOMBRE.jpeg 700w, https:\/\/diariotiempo.com.uy\/noticias\/wp-content\/uploads\/2026\/03\/ROOSVELT-HOMBRE-300x169.jpeg 300w\" sizes=\"auto, (max-width: 700px) 100vw, 700px\" \/><\/figure>\n\n\n\n<figure class=\"wp-block-image size-large\"><img loading=\"lazy\" decoding=\"async\" width=\"700\" height=\"525\" data-id=\"22548\" src=\"https:\/\/diariotiempo.com.uy\/noticias\/wp-content\/uploads\/2026\/03\/ROOSVELT.jpeg\" alt=\"\" class=\"wp-image-22548\" srcset=\"https:\/\/diariotiempo.com.uy\/noticias\/wp-content\/uploads\/2026\/03\/ROOSVELT.jpeg 700w, https:\/\/diariotiempo.com.uy\/noticias\/wp-content\/uploads\/2026\/03\/ROOSVELT-300x225.jpeg 300w\" sizes=\"auto, (max-width: 700px) 100vw, 700px\" \/><\/figure>\n<\/figure>\n\n\n\n<p>El Gobierno de Canelones y el Club de Leones de Shangril\u00e1 presentaron este martes la 45\u00aa edici\u00f3n de la Fiesta Criolla del Parque Roosevelt, que se desarrollar\u00e1 del 1 al 5 de abril en el principal espacio p\u00fablico del \u00e1rea metropolitana y que llevar\u00e1 la denominaci\u00f3n \u201c50 Aniversario del Club de Leones de Shangril\u00e1\u201d. La actividad, una de las celebraciones tradicionales m\u00e1s convocantes del departamento, volver\u00e1 a presentar propuestas culturales, art\u00edsticas y productivas durante la Semana de Turismo.<\/p>\n\n\n\n<p>En un importante trabajo de organizaci\u00f3n que involucra al Club de Leones de Shangril\u00e1, el Gobierno de Canelones, el Municipio de Paso Carrasco y la empresa Montevideo Music Group, la criolla combinar\u00e1 durante cinco jornadas espect\u00e1culos en el ruedo, una destacada grilla art\u00edstica y una amplia feria de emprendedores, con participaci\u00f3n de programas productivos canarios y propuestas para toda la familia.Como siempre, tendr\u00e1 como eje central las jineteadas y actividades tradicionales, con participaci\u00f3n de delegaciones nacionales e internacionales, junto a una programaci\u00f3n musical que reunir\u00e1 a artistas de distintos g\u00e9neros en el escenario principal. A esto se suman los espacios y actividades del Gobierno de Canelones, que incluyen iniciativas vinculadas al desarrollo productivo, la promoci\u00f3n de emprendimientos y actividades recreativas. Se desplegar\u00e1n propuestas espec\u00edficas orientadas a distintos p\u00fablicos, incluyendo espacios para infancias, juegos, espect\u00e1culos de payadores y danzas folcl\u00f3ricas, as\u00ed como servicios y dispositivos institucionales que buscan fortalecer la cercan\u00eda con la ciudadan\u00eda.Las puertas de la edici\u00f3n 2026 se abrir\u00e1n desde el mi\u00e9rcoles 1 de abril, siempre a las 10:00 horas. Los espect\u00e1culos estelares tendr\u00e1n lugar en el ruedo central, comenzando a las 19:00 horas, seg\u00fan el siguiente detalle:<\/p>\n\n\n\n<p><strong>Mi\u00e9rcoles 1 de abril:<\/strong> Pablo Altesor \u2013 Catherine Vergnes \u2013 Mat\u00edas Vald\u00e9z \u2013 La Pen\u00faltima.<\/p>\n\n\n\n<p><strong>Jueves 2 de abril:<\/strong> Rienda Suelta \u2013 El Alem\u00e1n \u2013 Luana \u2013 Lucas Sugo.<\/p>\n\n\n\n<p><strong>Viernes 3 de abril:<\/strong> Guadalupe Romero \u2013 Larbanois &amp; Carrero \u2013 La Dosis \u2013 Herederos Para Vos.<\/p>\n\n\n\n<p><strong>S\u00e1bado 4 de abril:<\/strong> D\u00fao Coames \u2013 Copla Alta \u2013 La Nueva Escuela \u2013 Cumbia Club.<\/p>\n\n\n\n<p>Domingo 5 de abril: La Misma Cuadra \u2013 Emiliano y el Zurdo + Alejandro Balbis \u2013 Chacho Ramos.Desde el Club de Leones, el presidente del Comit\u00e9 Organizador, Jaime Bandeira, destac\u00f3 el car\u00e1cter familiar de la propuesta y la continuidad de una tradici\u00f3n que se sostiene en el tiempo. Se\u00f1al\u00f3 que la criolla mantiene su esencia ofreciendo actividades durante toda la jornada, donde el ruedo ocupa un lugar central.<\/p>\n\n\n\n<p>Indic\u00f3 que se espera superar los 50.000 visitantes, en l\u00ednea con las \u00faltimas ediciones, y subray\u00f3 el alcance nacional e internacional del evento, que integra delegaciones de distintos pa\u00edses y convoca tanto al p\u00fablico urbano como al vinculado al \u00e1mbito rural. Tambi\u00e9n remarc\u00f3 el componente solidario e inform\u00f3 que, en esta oportunidad, la recaudaci\u00f3n ser\u00e1 destinada al Centro Horizonte, instituci\u00f3n que brinda educaci\u00f3n y contenci\u00f3n a ni\u00f1as y ni\u00f1os con par\u00e1lisis cerebral excluidos del sistema educativo.<\/p>\n\n\n\n<p>Foto IMC<\/p>\n","protected":false},"excerpt":{"rendered":"<p>El Gobierno de Canelones y el Club de Leones de Shangril\u00e1 presentaron este martes la&#8230;<\/p>\n","protected":false},"author":1,"featured_media":22548,"comment_status":"closed","ping_status":"closed","sticky":false,"template":"","format":"standard","meta":{"_monsterinsights_skip_tracking":false,"_monsterinsights_sitenote_active":false,"_monsterinsights_sitenote_note":"","_monsterinsights_sitenote_category":0,"footnotes":""},"categories":[83],"tags":[],"class_list":["post-22546","post","type-post","status-publish","format-standard","has-post-thumbnail","hentry","category-ciudad-de-la-costa"],"featured_image_urls":{"full":["https:\/\/diariotiempo.com.uy\/noticias\/wp-content\/uploads\/2026\/03\/ROOSVELT.jpeg",700,525,false],"thumbnail":["https:\/\/diariotiempo.com.uy\/noticias\/wp-content\/uploads\/2026\/03\/ROOSVELT-150x150.jpeg",150,150,true],"medium":["https:\/\/diariotiempo.com.uy\/noticias\/wp-content\/uploads\/2026\/03\/ROOSVELT-300x225.jpeg",300,225,true],"medium_large":["https:\/\/diariotiempo.com.uy\/noticias\/wp-content\/uploads\/2026\/03\/ROOSVELT.jpeg",640,480,false],"large":["https:\/\/diariotiempo.com.uy\/noticias\/wp-content\/uploads\/2026\/03\/ROOSVELT.jpeg",640,480,false],"rpg_gallery_admin_thumb":["https:\/\/diariotiempo.com.uy\/noticias\/wp-content\/uploads\/2026\/03\/ROOSVELT-150x150.jpeg",150,150,true],"rpg_gallery_thumb":["https:\/\/diariotiempo.com.uy\/noticias\/wp-content\/uploads\/2026\/03\/ROOSVELT-150x150.jpeg",150,150,true],"1536x1536":["https:\/\/diariotiempo.com.uy\/noticias\/wp-content\/uploads\/2026\/03\/ROOSVELT.jpeg",700,525,false],"2048x2048":["https:\/\/diariotiempo.com.uy\/noticias\/wp-content\/uploads\/2026\/03\/ROOSVELT.jpeg",700,525,false],"covernews-slider-full":["https:\/\/diariotiempo.com.uy\/noticias\/wp-content\/uploads\/2026\/03\/ROOSVELT.jpeg",700,525,false],"covernews-slider-center":["https:\/\/diariotiempo.com.uy\/noticias\/wp-content\/uploads\/2026\/03\/ROOSVELT-700x500.jpeg",700,500,true],"covernews-featured":["https:\/\/diariotiempo.com.uy\/noticias\/wp-content\/uploads\/2026\/03\/ROOSVELT.jpeg",700,525,false],"covernews-medium":["https:\/\/diariotiempo.com.uy\/noticias\/wp-content\/uploads\/2026\/03\/ROOSVELT-540x340.jpeg",540,340,true],"covernews-medium-square":["https:\/\/diariotiempo.com.uy\/noticias\/wp-content\/uploads\/2026\/03\/ROOSVELT-400x250.jpeg",400,250,true]},"author_info":{"display_name":"diario","author_link":"https:\/\/diariotiempo.com.uy\/noticias\/author\/diario\/"},"category_info":"<a href=\"https:\/\/diariotiempo.com.uy\/noticias\/category\/departamental\/ciudad-de-la-costa\/\" rel=\"category tag\">Ciudad de la Costa<\/a>","tag_info":"Ciudad de la Costa","comment_count":"0","_links":{"self":[{"href":"https:\/\/diariotiempo.com.uy\/noticias\/wp-json\/wp\/v2\/posts\/22546","targetHints":{"allow":["GET"]}}],"collection":[{"href":"https:\/\/diariotiempo.com.uy\/noticias\/wp-json\/wp\/v2\/posts"}],"about":[{"href":"https:\/\/diariotiempo.com.uy\/noticias\/wp-json\/wp\/v2\/types\/post"}],"author":[{"embeddable":true,"href":"https:\/\/diariotiempo.com.uy\/noticias\/wp-json\/wp\/v2\/users\/1"}],"replies":[{"embeddable":true,"href":"https:\/\/diariotiempo.com.uy\/noticias\/wp-json\/wp\/v2\/comments?post=22546"}],"version-history":[{"count":3,"href":"https:\/\/diariotiempo.com.uy\/noticias\/wp-json\/wp\/v2\/posts\/22546\/revisions"}],"predecessor-version":[{"id":22551,"href":"https:\/\/diariotiempo.com.uy\/noticias\/wp-json\/wp\/v2\/posts\/22546\/revisions\/22551"}],"wp:featuredmedia":[{"embeddable":true,"href":"https:\/\/diariotiempo.com.uy\/noticias\/wp-json\/wp\/v2\/media\/22548"}],"wp:attachment":[{"href":"https:\/\/diariotiempo.com.uy\/noticias\/wp-json\/wp\/v2\/media?parent=22546"}],"wp:term":[{"taxonomy":"category","embeddable":true,"href":"https:\/\/diariotiempo.com.uy\/noticias\/wp-json\/wp\/v2\/categories?post=22546"},{"taxonomy":"post_tag","embeddable":true,"href":"https:\/\/diariotiempo.com.uy\/noticias\/wp-json\/wp\/v2\/tags?post=22546"}],"curies":[{"name":"wp","href":"https:\/\/api.w.org\/{rel}","templated":true}]}}