{"id":22556,"date":"2026-03-27T15:02:21","date_gmt":"2026-03-27T15:02:21","guid":{"rendered":"https:\/\/diariotiempo.com.uy\/noticias\/?p=22556"},"modified":"2026-03-27T15:02:22","modified_gmt":"2026-03-27T15:02:22","slug":"se-conmemoraron-110-anos-de-canelones-como-ciudad-y-capital-departamental","status":"publish","type":"post","link":"https:\/\/diariotiempo.com.uy\/noticias\/2026\/03\/27\/se-conmemoraron-110-anos-de-canelones-como-ciudad-y-capital-departamental\/","title":{"rendered":"Se conmemoraron 110 a\u00f1os de Canelones\u00a0como ciudad y capital departamental"},"content":{"rendered":"\n<figure class=\"wp-block-image size-full\"><img loading=\"lazy\" decoding=\"async\" width=\"900\" height=\"506\" src=\"https:\/\/diariotiempo.com.uy\/noticias\/wp-content\/uploads\/2026\/03\/CANELONES.jpg\" alt=\"\" class=\"wp-image-22557\" srcset=\"https:\/\/diariotiempo.com.uy\/noticias\/wp-content\/uploads\/2026\/03\/CANELONES.jpg 900w, https:\/\/diariotiempo.com.uy\/noticias\/wp-content\/uploads\/2026\/03\/CANELONES-300x169.jpg 300w, https:\/\/diariotiempo.com.uy\/noticias\/wp-content\/uploads\/2026\/03\/CANELONES-768x432.jpg 768w\" sizes=\"auto, (max-width: 900px) 100vw, 900px\" \/><figcaption class=\"wp-element-caption\">Screenshot<\/figcaption><\/figure>\n\n\n\n<p>El Gobierno de Canelones conmemor\u00f3 los 110 a\u00f1os de la declaraci\u00f3n de la ciudad de Canelones como ciudad y capital departamental, en un acto cargado de identidad y proyecci\u00f3n de futuro, que reuni\u00f3 a autoridades, vecinos y estudiantes. La instancia record\u00f3 que la entonces Villa de Guadalupe, fundada en 1783, fue elevada oficialmente a la categor\u00eda de ciudad mediante la Ley N\u00b0 5400, aprobada el 22 de marzo de 1916 por la Asamblea General, marcando un hito en la historia institucional del departamento.<\/p>\n\n\n\n<p>El alcalde del Municipio de Canelones, Am\u00e9rico Puga, destac\u00f3 la relevancia hist\u00f3rica de la ciudad como epicentro del desarrollo regional y nacional, subrayando que \u201cquien no reconoce el pasado y no reconoce sus ra\u00edces est\u00e1 condenado a fracasar en el futuro\u201d. Asimismo, remarc\u00f3 el valor de los hitos hist\u00f3ricos locales y el papel de Canelones en la construcci\u00f3n del ideario artiguista, concluyendo con un enf\u00e1tico llamado a seguir proyectando el crecimiento del departamento: \u201ceste es un d\u00eda muy especial para nosotros (\u2026) hoy y siempre, arriba Canelones\u201d. Por su parte, el historiador Daniel Torena realiz\u00f3 un recorrido detallado por los acontecimientos que marcaron la consolidaci\u00f3n de Canelones como ciudad y su rol en la historia nacional. Record\u00f3 la promulgaci\u00f3n de la ley en 1916 y contextualiz\u00f3 ese proceso en un per\u00edodo de grandes transformaciones, tanto a nivel nacional como internacional. Adem\u00e1s, destac\u00f3 la relevancia de Canelones como sede de acontecimientos fundamentales, como la instalaci\u00f3n del primer gobierno patrio, subrayando que \u201cmuchas de las normas que hoy sostienen nuestra democracia nacieron aqu\u00ed\u201d. En ese sentido, inst\u00f3 especialmente a los j\u00f3venes a preservar y defender los valores republicanos y democr\u00e1ticos. La pro secretaria general del Gobierno de Canelones, Sandra Saffores, transmiti\u00f3 el saludo del intendente Francisco Legnani y expres\u00f3 la emoci\u00f3n de compartir la jornada con estudiantes y vecinos. Resalt\u00f3 el sentido de pertenencia y el orgullo de ser parte de la ciudad, al tiempo que valor\u00f3 su proyecci\u00f3n actual, mencionando que el pa\u00eds tiene hoy como presidente a Yamand\u00fa Orsi, oriundo del departamento.<\/p>\n\n\n\n<p>En su mensaje final, exhort\u00f3 a las nuevas generaciones a asumir el compromiso con el futuro: \u201cdecirles a nuestras ni\u00f1as y ni\u00f1os que est\u00e9n orgullosos de este Canelones, que es un Canelones que va hacia m\u00e1s y que tenemos que estudiar much\u00edsimo para que siga siendo bien representado\u201d.Estuvieron tambi\u00e9n presentes en el acto el pro secretario general del Gobierno de Canelones,Diego N\u00fa\u00f1ez, el presidente de la Junta Departamental, Daniel Pereira, la coordinadora del Gabinete Institucional, Silvia Santa Cruz, y el Jefe de Polic\u00eda de la Jefatura de Canelones, Fabio Quevedo.Al cierre del acto, Daniel Pereira entreg\u00f3 al alcalde de Canelones una copia enmarcada de la Ley N\u00b0 5400, cuyo original se conserva en la Junta Departamental. De esta manera, el acto no solo evoc\u00f3 el pasado hist\u00f3rico de la ciudad, sino que reafirm\u00f3 su vigencia como s\u00edmbolo de identidad, desarrollo y compromiso democr\u00e1tico, proyectando a Canelones hacia los desaf\u00edos del porvenir. <\/p>\n\n\n\n<p>Foto IMC<\/p>\n\n\n\n<p><\/p>\n","protected":false},"excerpt":{"rendered":"<p>El Gobierno de Canelones conmemor\u00f3 los 110 a\u00f1os de la declaraci\u00f3n de la ciudad de&#8230;<\/p>\n","protected":false},"author":1,"featured_media":22557,"comment_status":"closed","ping_status":"closed","sticky":false,"template":"","format":"standard","meta":{"_monsterinsights_skip_tracking":false,"_monsterinsights_sitenote_active":false,"_monsterinsights_sitenote_note":"","_monsterinsights_sitenote_category":0,"footnotes":""},"categories":[4],"tags":[],"class_list":["post-22556","post","type-post","status-publish","format-standard","has-post-thumbnail","hentry","category-departamental"],"featured_image_urls":{"full":["https:\/\/diariotiempo.com.uy\/noticias\/wp-content\/uploads\/2026\/03\/CANELONES.jpg",900,506,false],"thumbnail":["https:\/\/diariotiempo.com.uy\/noticias\/wp-content\/uploads\/2026\/03\/CANELONES-150x150.jpg",150,150,true],"medium":["https:\/\/diariotiempo.com.uy\/noticias\/wp-content\/uploads\/2026\/03\/CANELONES-300x169.jpg",300,169,true],"medium_large":["https:\/\/diariotiempo.com.uy\/noticias\/wp-content\/uploads\/2026\/03\/CANELONES-768x432.jpg",640,360,true],"large":["https:\/\/diariotiempo.com.uy\/noticias\/wp-content\/uploads\/2026\/03\/CANELONES.jpg",640,360,false],"rpg_gallery_admin_thumb":["https:\/\/diariotiempo.com.uy\/noticias\/wp-content\/uploads\/2026\/03\/CANELONES-150x150.jpg",150,150,true],"rpg_gallery_thumb":["https:\/\/diariotiempo.com.uy\/noticias\/wp-content\/uploads\/2026\/03\/CANELONES-150x150.jpg",150,150,true],"1536x1536":["https:\/\/diariotiempo.com.uy\/noticias\/wp-content\/uploads\/2026\/03\/CANELONES.jpg",900,506,false],"2048x2048":["https:\/\/diariotiempo.com.uy\/noticias\/wp-content\/uploads\/2026\/03\/CANELONES.jpg",900,506,false],"covernews-slider-full":["https:\/\/diariotiempo.com.uy\/noticias\/wp-content\/uploads\/2026\/03\/CANELONES.jpg",900,506,false],"covernews-slider-center":["https:\/\/diariotiempo.com.uy\/noticias\/wp-content\/uploads\/2026\/03\/CANELONES-800x500.jpg",800,500,true],"covernews-featured":["https:\/\/diariotiempo.com.uy\/noticias\/wp-content\/uploads\/2026\/03\/CANELONES.jpg",900,506,false],"covernews-medium":["https:\/\/diariotiempo.com.uy\/noticias\/wp-content\/uploads\/2026\/03\/CANELONES-540x340.jpg",540,340,true],"covernews-medium-square":["https:\/\/diariotiempo.com.uy\/noticias\/wp-content\/uploads\/2026\/03\/CANELONES-400x250.jpg",400,250,true]},"author_info":{"display_name":"diario","author_link":"https:\/\/diariotiempo.com.uy\/noticias\/author\/diario\/"},"category_info":"<a href=\"https:\/\/diariotiempo.com.uy\/noticias\/category\/departamental\/\" rel=\"category tag\">DEPARTAMENTAL<\/a>","tag_info":"DEPARTAMENTAL","comment_count":"0","_links":{"self":[{"href":"https:\/\/diariotiempo.com.uy\/noticias\/wp-json\/wp\/v2\/posts\/22556","targetHints":{"allow":["GET"]}}],"collection":[{"href":"https:\/\/diariotiempo.com.uy\/noticias\/wp-json\/wp\/v2\/posts"}],"about":[{"href":"https:\/\/diariotiempo.com.uy\/noticias\/wp-json\/wp\/v2\/types\/post"}],"author":[{"embeddable":true,"href":"https:\/\/diariotiempo.com.uy\/noticias\/wp-json\/wp\/v2\/users\/1"}],"replies":[{"embeddable":true,"href":"https:\/\/diariotiempo.com.uy\/noticias\/wp-json\/wp\/v2\/comments?post=22556"}],"version-history":[{"count":1,"href":"https:\/\/diariotiempo.com.uy\/noticias\/wp-json\/wp\/v2\/posts\/22556\/revisions"}],"predecessor-version":[{"id":22558,"href":"https:\/\/diariotiempo.com.uy\/noticias\/wp-json\/wp\/v2\/posts\/22556\/revisions\/22558"}],"wp:featuredmedia":[{"embeddable":true,"href":"https:\/\/diariotiempo.com.uy\/noticias\/wp-json\/wp\/v2\/media\/22557"}],"wp:attachment":[{"href":"https:\/\/diariotiempo.com.uy\/noticias\/wp-json\/wp\/v2\/media?parent=22556"}],"wp:term":[{"taxonomy":"category","embeddable":true,"href":"https:\/\/diariotiempo.com.uy\/noticias\/wp-json\/wp\/v2\/categories?post=22556"},{"taxonomy":"post_tag","embeddable":true,"href":"https:\/\/diariotiempo.com.uy\/noticias\/wp-json\/wp\/v2\/tags?post=22556"}],"curies":[{"name":"wp","href":"https:\/\/api.w.org\/{rel}","templated":true}]}}