{"id":22610,"date":"2026-04-06T14:50:11","date_gmt":"2026-04-06T14:50:11","guid":{"rendered":"https:\/\/diariotiempo.com.uy\/noticias\/?p=22610"},"modified":"2026-04-06T14:50:24","modified_gmt":"2026-04-06T14:50:24","slug":"casi-3000-vehiculos-por-hora-en-promedio-pasaron-por-el-peaje-de-pando","status":"publish","type":"post","link":"https:\/\/diariotiempo.com.uy\/noticias\/2026\/04\/06\/casi-3000-vehiculos-por-hora-en-promedio-pasaron-por-el-peaje-de-pando\/","title":{"rendered":"Casi 3000 veh\u00edculos por hora en promedio pasaron por el peaje de Pando"},"content":{"rendered":"\n<figure class=\"wp-block-image size-full\"><img loading=\"lazy\" decoding=\"async\" width=\"900\" height=\"407\" src=\"https:\/\/diariotiempo.com.uy\/noticias\/wp-content\/uploads\/2026\/04\/peajee.jpg\" alt=\"\" class=\"wp-image-22604\" srcset=\"https:\/\/diariotiempo.com.uy\/noticias\/wp-content\/uploads\/2026\/04\/peajee.jpg 900w, https:\/\/diariotiempo.com.uy\/noticias\/wp-content\/uploads\/2026\/04\/peajee-300x136.jpg 300w, https:\/\/diariotiempo.com.uy\/noticias\/wp-content\/uploads\/2026\/04\/peajee-768x347.jpg 768w\" sizes=\"auto, (max-width: 900px) 100vw, 900px\" \/><\/figure>\n\n\n\n<p>El vocero de Polic\u00eda Caminera, Belso Rodr\u00edguez valor\u00f3 como normal el regreso de turistas por la Ruta Interbalnearia, una de las v\u00edas m\u00e1s concurridas en esta jornada.<\/p>\n\n\n\n<p>Destac\u00f3 tambi\u00e9n el despliegue tecnol\u00f3gico con drones y la cooperaci\u00f3n de la aviaci\u00f3n policial para controlar el tr\u00e1nsito en las rutas nacionales..Por otra parte, Rodr\u00edguez lament\u00f3 el alto n\u00famero de siniestros de tr\u00e1nsito en esta semana de turismo.Remarc\u00f3 tambi\u00e9n que son de caracter\u00edsticas importantes, y ejemplific\u00f3 con el que sucedi\u00f3 en Florida, donde perdieron la vida cuatro personas, entre ellas, dos menores de edad.<\/p>\n\n\n\n<p>Asimismo, se refiri\u00f3 al tr\u00e1fico en los pasos fronterizos, y destac\u00f3 a R\u00edo Branco y Chuy como los m\u00e1s concurridos..<\/p>\n\n\n\n<p><\/p>\n","protected":false},"excerpt":{"rendered":"<p>El vocero de Polic\u00eda Caminera, Belso Rodr\u00edguez valor\u00f3 como normal el regreso de turistas por&#8230;<\/p>\n","protected":false},"author":1,"featured_media":22604,"comment_status":"closed","ping_status":"closed","sticky":false,"template":"","format":"standard","meta":{"_monsterinsights_skip_tracking":false,"_monsterinsights_sitenote_active":false,"_monsterinsights_sitenote_note":"","_monsterinsights_sitenote_category":0,"footnotes":""},"categories":[11],"tags":[],"class_list":["post-22610","post","type-post","status-publish","format-standard","has-post-thumbnail","hentry","category-noticia-destacada"],"featured_image_urls":{"full":["https:\/\/diariotiempo.com.uy\/noticias\/wp-content\/uploads\/2026\/04\/peajee.jpg",900,407,false],"thumbnail":["https:\/\/diariotiempo.com.uy\/noticias\/wp-content\/uploads\/2026\/04\/peajee-150x150.jpg",150,150,true],"medium":["https:\/\/diariotiempo.com.uy\/noticias\/wp-content\/uploads\/2026\/04\/peajee-300x136.jpg",300,136,true],"medium_large":["https:\/\/diariotiempo.com.uy\/noticias\/wp-content\/uploads\/2026\/04\/peajee-768x347.jpg",640,289,true],"large":["https:\/\/diariotiempo.com.uy\/noticias\/wp-content\/uploads\/2026\/04\/peajee.jpg",640,289,false],"rpg_gallery_admin_thumb":["https:\/\/diariotiempo.com.uy\/noticias\/wp-content\/uploads\/2026\/04\/peajee-150x150.jpg",150,150,true],"rpg_gallery_thumb":["https:\/\/diariotiempo.com.uy\/noticias\/wp-content\/uploads\/2026\/04\/peajee-150x150.jpg",150,150,true],"1536x1536":["https:\/\/diariotiempo.com.uy\/noticias\/wp-content\/uploads\/2026\/04\/peajee.jpg",900,407,false],"2048x2048":["https:\/\/diariotiempo.com.uy\/noticias\/wp-content\/uploads\/2026\/04\/peajee.jpg",900,407,false],"covernews-slider-full":["https:\/\/diariotiempo.com.uy\/noticias\/wp-content\/uploads\/2026\/04\/peajee.jpg",900,407,false],"covernews-slider-center":["https:\/\/diariotiempo.com.uy\/noticias\/wp-content\/uploads\/2026\/04\/peajee-800x407.jpg",800,407,true],"covernews-featured":["https:\/\/diariotiempo.com.uy\/noticias\/wp-content\/uploads\/2026\/04\/peajee.jpg",900,407,false],"covernews-medium":["https:\/\/diariotiempo.com.uy\/noticias\/wp-content\/uploads\/2026\/04\/peajee-540x340.jpg",540,340,true],"covernews-medium-square":["https:\/\/diariotiempo.com.uy\/noticias\/wp-content\/uploads\/2026\/04\/peajee-400x250.jpg",400,250,true]},"author_info":{"display_name":"diario","author_link":"https:\/\/diariotiempo.com.uy\/noticias\/author\/diario\/"},"category_info":"<a href=\"https:\/\/diariotiempo.com.uy\/noticias\/category\/noticia-destacada\/\" rel=\"category tag\">NOTICIA DESTACADA<\/a>","tag_info":"NOTICIA DESTACADA","comment_count":"0","_links":{"self":[{"href":"https:\/\/diariotiempo.com.uy\/noticias\/wp-json\/wp\/v2\/posts\/22610","targetHints":{"allow":["GET"]}}],"collection":[{"href":"https:\/\/diariotiempo.com.uy\/noticias\/wp-json\/wp\/v2\/posts"}],"about":[{"href":"https:\/\/diariotiempo.com.uy\/noticias\/wp-json\/wp\/v2\/types\/post"}],"author":[{"embeddable":true,"href":"https:\/\/diariotiempo.com.uy\/noticias\/wp-json\/wp\/v2\/users\/1"}],"replies":[{"embeddable":true,"href":"https:\/\/diariotiempo.com.uy\/noticias\/wp-json\/wp\/v2\/comments?post=22610"}],"version-history":[{"count":1,"href":"https:\/\/diariotiempo.com.uy\/noticias\/wp-json\/wp\/v2\/posts\/22610\/revisions"}],"predecessor-version":[{"id":22611,"href":"https:\/\/diariotiempo.com.uy\/noticias\/wp-json\/wp\/v2\/posts\/22610\/revisions\/22611"}],"wp:featuredmedia":[{"embeddable":true,"href":"https:\/\/diariotiempo.com.uy\/noticias\/wp-json\/wp\/v2\/media\/22604"}],"wp:attachment":[{"href":"https:\/\/diariotiempo.com.uy\/noticias\/wp-json\/wp\/v2\/media?parent=22610"}],"wp:term":[{"taxonomy":"category","embeddable":true,"href":"https:\/\/diariotiempo.com.uy\/noticias\/wp-json\/wp\/v2\/categories?post=22610"},{"taxonomy":"post_tag","embeddable":true,"href":"https:\/\/diariotiempo.com.uy\/noticias\/wp-json\/wp\/v2\/tags?post=22610"}],"curies":[{"name":"wp","href":"https:\/\/api.w.org\/{rel}","templated":true}]}}