{"id":22617,"date":"2026-04-06T14:55:58","date_gmt":"2026-04-06T14:55:58","guid":{"rendered":"https:\/\/diariotiempo.com.uy\/noticias\/?p=22617"},"modified":"2026-04-06T14:55:59","modified_gmt":"2026-04-06T14:55:59","slug":"pablo-bonilla-hace-historia-y-se-consagra-campeon-de-la-81-vuelta-ciclista-del-uruguay","status":"publish","type":"post","link":"https:\/\/diariotiempo.com.uy\/noticias\/2026\/04\/06\/pablo-bonilla-hace-historia-y-se-consagra-campeon-de-la-81-vuelta-ciclista-del-uruguay\/","title":{"rendered":"Pablo Bonilla hace historia y se consagra campe\u00f3n de la 81 Vuelta Ciclista del Uruguay"},"content":{"rendered":"\n<figure class=\"wp-block-image size-full\"><img loading=\"lazy\" decoding=\"async\" width=\"492\" height=\"635\" src=\"https:\/\/diariotiempo.com.uy\/noticias\/wp-content\/uploads\/2026\/04\/captura.jpg\" alt=\"\" class=\"wp-image-22618\" srcset=\"https:\/\/diariotiempo.com.uy\/noticias\/wp-content\/uploads\/2026\/04\/captura.jpg 492w, https:\/\/diariotiempo.com.uy\/noticias\/wp-content\/uploads\/2026\/04\/captura-232x300.jpg 232w\" sizes=\"auto, (max-width: 492px) 100vw, 492px\" \/><\/figure>\n\n\n\n<p>Pablo Bonilla, de Club N\u00e1utico y de Pesca Boca de Cufr\u00e9, Malla oro l\u00edder de la competencia, Ganador de la 81\u00aa Vuelta Ciclista del Uruguay. Etapa 11 Trinidad \u2013 Montevideo sobre 190,6 km de la 81\u00aa Vuelta Ciclista del Uruguay el 5 de abril de 2026. \u00a0<\/p>\n\n\n\n<p>Foto: captura<\/p>\n\n\n\n<p>La edici\u00f3n 81 de la Vuelta Ciclista del Uruguay lleg\u00f3 a su fin este domingo frente a la Intendencia de Montevideo, a donde la caravana lleg\u00f3 desde Trinidad tras un recorrido de 190,600 kil\u00f3metros en la 11\u00aa etapa.<\/p>\n\n\n\n<p>El m\u00e1s r\u00e1pido fue Roderyck Asconeguy, del Dolores Cycles, con un tiempo de cuatro horas, 17 minutos y 29 segundos. Su m\u00e1s cercano perseguidor fue Leonel Rodr\u00edguez, del N\u00e1utico Boca del Cufr\u00e9, y ganador de tres etapas.<\/p>\n\n\n\n<p>Pablo Bonilla, tambi\u00e9n del N\u00e1utico Boca del Cufr\u00e9, confirm\u00f3 el t\u00edtulo. El competidor de 21 a\u00f1os lleg\u00f3 a la capital con 42 segundos de ventaja en la cima de la general y cuid\u00f3 la malla oro al llegar con el pelot\u00f3n.<\/p>\n\n\n\n<p>El brasile\u00f1o Matheus Constantino, del Localiza Meoo, fue el ganador del premio sprinter, Sebasti\u00e1n Rodr\u00edguez de Cerro Largo se qued\u00f3 con el de la cima, y el de la regularidad fue para Leonel Rodr\u00edguez.<\/p>\n\n\n\n<p><\/p>\n","protected":false},"excerpt":{"rendered":"<p>Pablo Bonilla, de Club N\u00e1utico y de Pesca Boca de Cufr\u00e9, Malla oro l\u00edder de&#8230;<\/p>\n","protected":false},"author":1,"featured_media":22618,"comment_status":"closed","ping_status":"closed","sticky":false,"template":"","format":"standard","meta":{"_monsterinsights_skip_tracking":false,"_monsterinsights_sitenote_active":false,"_monsterinsights_sitenote_note":"","_monsterinsights_sitenote_category":0,"footnotes":""},"categories":[8],"tags":[],"class_list":["post-22617","post","type-post","status-publish","format-standard","has-post-thumbnail","hentry","category-deporte"],"featured_image_urls":{"full":["https:\/\/diariotiempo.com.uy\/noticias\/wp-content\/uploads\/2026\/04\/captura.jpg",492,635,false],"thumbnail":["https:\/\/diariotiempo.com.uy\/noticias\/wp-content\/uploads\/2026\/04\/captura-150x150.jpg",150,150,true],"medium":["https:\/\/diariotiempo.com.uy\/noticias\/wp-content\/uploads\/2026\/04\/captura-232x300.jpg",232,300,true],"medium_large":["https:\/\/diariotiempo.com.uy\/noticias\/wp-content\/uploads\/2026\/04\/captura.jpg",492,635,false],"large":["https:\/\/diariotiempo.com.uy\/noticias\/wp-content\/uploads\/2026\/04\/captura.jpg",492,635,false],"rpg_gallery_admin_thumb":["https:\/\/diariotiempo.com.uy\/noticias\/wp-content\/uploads\/2026\/04\/captura-150x150.jpg",150,150,true],"rpg_gallery_thumb":["https:\/\/diariotiempo.com.uy\/noticias\/wp-content\/uploads\/2026\/04\/captura-150x150.jpg",150,150,true],"1536x1536":["https:\/\/diariotiempo.com.uy\/noticias\/wp-content\/uploads\/2026\/04\/captura.jpg",492,635,false],"2048x2048":["https:\/\/diariotiempo.com.uy\/noticias\/wp-content\/uploads\/2026\/04\/captura.jpg",492,635,false],"covernews-slider-full":["https:\/\/diariotiempo.com.uy\/noticias\/wp-content\/uploads\/2026\/04\/captura.jpg",492,635,false],"covernews-slider-center":["https:\/\/diariotiempo.com.uy\/noticias\/wp-content\/uploads\/2026\/04\/captura-492x500.jpg",492,500,true],"covernews-featured":["https:\/\/diariotiempo.com.uy\/noticias\/wp-content\/uploads\/2026\/04\/captura.jpg",492,635,false],"covernews-medium":["https:\/\/diariotiempo.com.uy\/noticias\/wp-content\/uploads\/2026\/04\/captura-492x340.jpg",492,340,true],"covernews-medium-square":["https:\/\/diariotiempo.com.uy\/noticias\/wp-content\/uploads\/2026\/04\/captura-400x250.jpg",400,250,true]},"author_info":{"display_name":"diario","author_link":"https:\/\/diariotiempo.com.uy\/noticias\/author\/diario\/"},"category_info":"<a href=\"https:\/\/diariotiempo.com.uy\/noticias\/category\/deporte\/\" rel=\"category tag\">DEPORTE<\/a>","tag_info":"DEPORTE","comment_count":"0","_links":{"self":[{"href":"https:\/\/diariotiempo.com.uy\/noticias\/wp-json\/wp\/v2\/posts\/22617","targetHints":{"allow":["GET"]}}],"collection":[{"href":"https:\/\/diariotiempo.com.uy\/noticias\/wp-json\/wp\/v2\/posts"}],"about":[{"href":"https:\/\/diariotiempo.com.uy\/noticias\/wp-json\/wp\/v2\/types\/post"}],"author":[{"embeddable":true,"href":"https:\/\/diariotiempo.com.uy\/noticias\/wp-json\/wp\/v2\/users\/1"}],"replies":[{"embeddable":true,"href":"https:\/\/diariotiempo.com.uy\/noticias\/wp-json\/wp\/v2\/comments?post=22617"}],"version-history":[{"count":1,"href":"https:\/\/diariotiempo.com.uy\/noticias\/wp-json\/wp\/v2\/posts\/22617\/revisions"}],"predecessor-version":[{"id":22619,"href":"https:\/\/diariotiempo.com.uy\/noticias\/wp-json\/wp\/v2\/posts\/22617\/revisions\/22619"}],"wp:featuredmedia":[{"embeddable":true,"href":"https:\/\/diariotiempo.com.uy\/noticias\/wp-json\/wp\/v2\/media\/22618"}],"wp:attachment":[{"href":"https:\/\/diariotiempo.com.uy\/noticias\/wp-json\/wp\/v2\/media?parent=22617"}],"wp:term":[{"taxonomy":"category","embeddable":true,"href":"https:\/\/diariotiempo.com.uy\/noticias\/wp-json\/wp\/v2\/categories?post=22617"},{"taxonomy":"post_tag","embeddable":true,"href":"https:\/\/diariotiempo.com.uy\/noticias\/wp-json\/wp\/v2\/tags?post=22617"}],"curies":[{"name":"wp","href":"https:\/\/api.w.org\/{rel}","templated":true}]}}