{"id":2279,"date":"2021-10-22T15:35:36","date_gmt":"2021-10-22T15:35:36","guid":{"rendered":"https:\/\/diariotiempo.com.uy\/noticias\/?p=2279"},"modified":"2021-10-22T15:35:37","modified_gmt":"2021-10-22T15:35:37","slug":"encuentro-de-mujeres-rurales-de-canelones-se-celebro-en-el-parque-roosevelt","status":"publish","type":"post","link":"https:\/\/diariotiempo.com.uy\/noticias\/2021\/10\/22\/encuentro-de-mujeres-rurales-de-canelones-se-celebro-en-el-parque-roosevelt\/","title":{"rendered":"Encuentro de mujeres rurales de Canelones se celebr\u00f3 en el Parque Roosevelt"},"content":{"rendered":"\n<figure class=\"wp-block-image size-full\"><img loading=\"lazy\" decoding=\"async\" width=\"800\" height=\"432\" src=\"https:\/\/diariotiempo.com.uy\/noticias\/wp-content\/uploads\/2021\/10\/6-1.jpg\" alt=\"\" class=\"wp-image-2280\" srcset=\"https:\/\/diariotiempo.com.uy\/noticias\/wp-content\/uploads\/2021\/10\/6-1.jpg 800w, https:\/\/diariotiempo.com.uy\/noticias\/wp-content\/uploads\/2021\/10\/6-1-300x162.jpg 300w, https:\/\/diariotiempo.com.uy\/noticias\/wp-content\/uploads\/2021\/10\/6-1-768x415.jpg 768w\" sizes=\"auto, (max-width: 800px) 100vw, 800px\" \/><\/figure>\n\n\n\n<p>El pasado viernes 15 de octubre, en el marco del D\u00eda Internacional de las Mujeres Rurales, se realiz\u00f3 un encuentro denominado Hilando Sue\u00f1os, Hilando Cuentos en el parque F. D. Roosevelt. La instancia cont\u00f3 con la participaci\u00f3n de unos 40 grupos de mujeres rurales de todo el departamento, as\u00ed como con la presencia del Intendente de Canelones, Yamand\u00fa Orsi, y otras autoridades departamentales y locales.<\/p>\n\n\n\n<p>Canelones es el departamento del pa\u00eds que tiene la mayor proporci\u00f3n de mujeres que habitan en el medio rural (47 % en el departamento y 44 % a nivel nacional). Al mismo tiempo, un 33,5 % son asalariadas, mientras que en el total del pa\u00eds son un 27 %. Durante el encuentro se realizaron distintas actividades, como un espacio de humor que cont\u00f3 con la presentaci\u00f3n de la comediante Laura Falero, un almuerzo compartido, baile y m\u00fasica en vivo, la plantaci\u00f3n de un \u00e1rbol con la participaci\u00f3n del Intendente Orsi, donde algunas mujeres de forma simb\u00f3lica colocaron tierra que trajeron de sus lugares de residencia.<\/p>\n\n\n\n<p>Orsi consider\u00f3 que este encuentro fue un d\u00eda de fiesta para las mujeres rurales: \u201ces el festejo de tantos d\u00edas de sacrificio y de trabajo, pero tambi\u00e9n es un festejo porque encontraron la forma de organizarse y no s\u00f3lo para reclamar sus derechos sino para lograr muchas cosas\u201d. En esta l\u00ednea, explic\u00f3 que muchos aspectos tienen que ver con lo cotidiano, \u201cdesde pelear por la escuela rural, trabajar en una comisi\u00f3n de fomento rural por la producci\u00f3n, hasta articular con el resto de las organizaciones sociales del pa\u00eds\u201d, y manifest\u00f3 que los planteos no son solamente reivindicativos, sino de alegr\u00eda por el encuentro que se suele organizar todos los a\u00f1os, con consignas vinculadas a lo nacional. \u201cQuienes somos de Canelones entendemos que la ruralidad nuestra es distinta, que tiene ventajas, por ejemplo, que lo urbano y lo rural se unen de manera mucho m\u00e1s din\u00e1mica que en el resto del pa\u00eds y eso es bueno\u201d, afirm\u00f3.<\/p>\n\n\n\n<p>El Intendente destac\u00f3 el rol de los productores y las productoras familiares e inform\u00f3 que el 27 % de la poblaci\u00f3n rural del pa\u00eds est\u00e1 en Canelones. \u201cEl rol que tiene la familia en la producci\u00f3n rural es fundamental, parece una obviedad pero hay tareas muy marcadas, desde los gurises, el matrimonio, todos se hacen cargo e incluso a veces tienen tareas diferenciadas\u201d, puntualiz\u00f3, y agreg\u00f3 que \u201clas mujeres rurales organizadas son una fuerza necesaria y que nos llena de alegr\u00eda porque suelen, por lo general, ser muy divertidas en lo que hacen\u201d.<\/p>\n\n\n\n<p>Perspectiva desde la<br>Agencia de Desarrollo Rural<\/p>\n\n\n\n<p>Desde la Agencia de Desarrollo Rural, su Director, Pablo Gonz\u00e1lez, sostuvo que el encuentro fue muy especial e importante. \u201cM\u00e1s all\u00e1 del regocijo de habernos encontrado nuevamente despu\u00e9s de m\u00e1s de un a\u00f1o, nos parece fundamental para festejar la lucha y las reivindicaciones que han hecho las mujeres rurales\u201d, asever\u00f3. Inform\u00f3, adem\u00e1s, que la agencia integra la Mesa de Desarrollo Rural, donde mayoritariamente participan sociedades de fomento y grupos de productores, \u201cah\u00ed es donde se ve reflejada la participaci\u00f3n social que tiene la mujer y la incidencia que tiene en el medio rural\u201d.<\/p>\n\n\n\n<p>Por su parte, la Responsable del \u00c1rea Social de la Agencia de Desarrollo Rural, Manuela Posada, indic\u00f3 que del encuentro participaron m\u00e1s de 500 mujeres de 40 grupos de diferentes partes del departamento y comunic\u00f3 que esta instancia se realiza desde el a\u00f1o 2015 con el objetivo de \u201ccelebrar y poder hacer visible lo que hacen las mujeres rurales\u201d. En este sentido, dijo que mensualmente se re\u00fanen de manera virtual en una mesa de participaci\u00f3n y que trabajaron en distintos talleres con el objetivo de dejar un mensaje. \u201cFuimos construyendo algunas frases, algunas ideas que quer\u00edan transmitir ellas el d\u00eda de hoy\u201d, explic\u00f3, y a\u00f1adi\u00f3 que la jornada tuvo dos partes: por un lado, la celebraci\u00f3n y, por otro, dejar un mensaje, que quedar\u00e1 como intervenci\u00f3n en el parque Roosevelt.<\/p>\n\n\n\n<p>Testimonios del encuentro<\/p>\n\n\n\n<p>Yanina, del grupo de Mujeres Rurales de los Arenales, cont\u00f3 que participa del encuentro desde hace varios a\u00f1os y que esta jornada fue m\u00e1s especial por ser la primera pos pandemia: \u201cel volver a encontrarnos con tantas amigas, con tantas compa\u00f1eras, con nuestras pares de todo el territorio realmente es incre\u00edble y emocionante, es un d\u00eda de celebraci\u00f3n pero tambi\u00e9n de reivindicar nuestro rol de mujeres rurales de cada d\u00eda\u201d. Asimismo, hizo hincapi\u00e9 en que la mujer tiene un rol muy relevante en el medio rural, \u201cnosotras como grupo siempre decimos que no consideramos que seamos m\u00e1s importantes que los hombres pero entendemos que tenemos un rol muy importante\u201d, ya que \u201ca muchas nos toca ser jefas de familia, despu\u00e9s el trabajo siempre a la par de nuestros compa\u00f1eros de vida y muchas solas enfrentando todo lo que son sus trabajos, sea porque sus esposos no se dedican al rubro o porque no est\u00e1n\u201d. Por esto, enfatiz\u00f3 que trabajan d\u00eda a d\u00eda para sacar adelante a sus familias y que es un trabajo que hacen \u201ccon mucho amor y mucho gusto; fue una elecci\u00f3n ser mujeres rurales y disfrutamos de serlo con mucho orgullo\u201d.<\/p>\n\n\n\n<p>Finalmente, Mabel, del mismo grupo de mujeres, inform\u00f3 que en su zona se realizan tareas m\u00e1s que nada en chacras pero tambi\u00e9n en plantaciones en invern\u00e1culos y criaderos de animales. A su vez, manifest\u00f3 que desde muy peque\u00f1a, a partir de los 11 a\u00f1os, trabaj\u00f3 con sus padres en el campo. Para ella, participar del encuentro es una gran experiencia: \u201ca m\u00ed me gusta much\u00edsimo todo lo que es participar, el intercambio de pareceres, las vivencias y las maneras de trabajar en el campo\u201d, por lo que sostuvo que seguir\u00e1 participando de los encuentros en el futuro.<\/p>\n","protected":false},"excerpt":{"rendered":"<p>El pasado viernes 15 de octubre, en el marco del D\u00eda Internacional de las Mujeres&#8230;<\/p>\n","protected":false},"author":1,"featured_media":2280,"comment_status":"open","ping_status":"open","sticky":false,"template":"","format":"standard","meta":{"_monsterinsights_skip_tracking":false,"_monsterinsights_sitenote_active":false,"_monsterinsights_sitenote_note":"","_monsterinsights_sitenote_category":0,"footnotes":""},"categories":[20],"tags":[],"class_list":["post-2279","post","type-post","status-publish","format-standard","has-post-thumbnail","hentry","category-costa-de-oro"],"featured_image_urls":{"full":["https:\/\/diariotiempo.com.uy\/noticias\/wp-content\/uploads\/2021\/10\/6-1.jpg",800,432,false],"thumbnail":["https:\/\/diariotiempo.com.uy\/noticias\/wp-content\/uploads\/2021\/10\/6-1-150x150.jpg",150,150,true],"medium":["https:\/\/diariotiempo.com.uy\/noticias\/wp-content\/uploads\/2021\/10\/6-1-300x162.jpg",300,162,true],"medium_large":["https:\/\/diariotiempo.com.uy\/noticias\/wp-content\/uploads\/2021\/10\/6-1-768x415.jpg",640,346,true],"large":["https:\/\/diariotiempo.com.uy\/noticias\/wp-content\/uploads\/2021\/10\/6-1.jpg",640,346,false],"rpg_gallery_admin_thumb":["https:\/\/diariotiempo.com.uy\/noticias\/wp-content\/uploads\/2021\/10\/6-1.jpg",150,81,false],"rpg_gallery_thumb":["https:\/\/diariotiempo.com.uy\/noticias\/wp-content\/uploads\/2021\/10\/6-1.jpg",150,81,false],"1536x1536":["https:\/\/diariotiempo.com.uy\/noticias\/wp-content\/uploads\/2021\/10\/6-1.jpg",800,432,false],"2048x2048":["https:\/\/diariotiempo.com.uy\/noticias\/wp-content\/uploads\/2021\/10\/6-1.jpg",800,432,false],"covernews-slider-full":["https:\/\/diariotiempo.com.uy\/noticias\/wp-content\/uploads\/2021\/10\/6-1.jpg",800,432,false],"covernews-slider-center":["https:\/\/diariotiempo.com.uy\/noticias\/wp-content\/uploads\/2021\/10\/6-1.jpg",800,432,false],"covernews-featured":["https:\/\/diariotiempo.com.uy\/noticias\/wp-content\/uploads\/2021\/10\/6-1.jpg",800,432,false],"covernews-medium":["https:\/\/diariotiempo.com.uy\/noticias\/wp-content\/uploads\/2021\/10\/6-1-540x340.jpg",540,340,true],"covernews-medium-square":["https:\/\/diariotiempo.com.uy\/noticias\/wp-content\/uploads\/2021\/10\/6-1-400x250.jpg",400,250,true]},"author_info":{"display_name":"diario","author_link":"https:\/\/diariotiempo.com.uy\/noticias\/author\/diario\/"},"category_info":"<a href=\"https:\/\/diariotiempo.com.uy\/noticias\/category\/departamental\/costa-de-oro\/\" rel=\"category tag\">Costa de Oro<\/a>","tag_info":"Costa de Oro","comment_count":"0","_links":{"self":[{"href":"https:\/\/diariotiempo.com.uy\/noticias\/wp-json\/wp\/v2\/posts\/2279","targetHints":{"allow":["GET"]}}],"collection":[{"href":"https:\/\/diariotiempo.com.uy\/noticias\/wp-json\/wp\/v2\/posts"}],"about":[{"href":"https:\/\/diariotiempo.com.uy\/noticias\/wp-json\/wp\/v2\/types\/post"}],"author":[{"embeddable":true,"href":"https:\/\/diariotiempo.com.uy\/noticias\/wp-json\/wp\/v2\/users\/1"}],"replies":[{"embeddable":true,"href":"https:\/\/diariotiempo.com.uy\/noticias\/wp-json\/wp\/v2\/comments?post=2279"}],"version-history":[{"count":1,"href":"https:\/\/diariotiempo.com.uy\/noticias\/wp-json\/wp\/v2\/posts\/2279\/revisions"}],"predecessor-version":[{"id":2281,"href":"https:\/\/diariotiempo.com.uy\/noticias\/wp-json\/wp\/v2\/posts\/2279\/revisions\/2281"}],"wp:featuredmedia":[{"embeddable":true,"href":"https:\/\/diariotiempo.com.uy\/noticias\/wp-json\/wp\/v2\/media\/2280"}],"wp:attachment":[{"href":"https:\/\/diariotiempo.com.uy\/noticias\/wp-json\/wp\/v2\/media?parent=2279"}],"wp:term":[{"taxonomy":"category","embeddable":true,"href":"https:\/\/diariotiempo.com.uy\/noticias\/wp-json\/wp\/v2\/categories?post=2279"},{"taxonomy":"post_tag","embeddable":true,"href":"https:\/\/diariotiempo.com.uy\/noticias\/wp-json\/wp\/v2\/tags?post=2279"}],"curies":[{"name":"wp","href":"https:\/\/api.w.org\/{rel}","templated":true}]}}