{"id":22859,"date":"2026-04-27T13:55:54","date_gmt":"2026-04-27T13:55:54","guid":{"rendered":"https:\/\/diariotiempo.com.uy\/noticias\/?p=22859"},"modified":"2026-04-27T13:55:56","modified_gmt":"2026-04-27T13:55:56","slug":"maestras-generacion-1987-se-reencuentran-en-pando","status":"publish","type":"post","link":"https:\/\/diariotiempo.com.uy\/noticias\/2026\/04\/27\/maestras-generacion-1987-se-reencuentran-en-pando\/","title":{"rendered":"Maestras generaci\u00f3n 1987 se reencuentran en Pando"},"content":{"rendered":"\n<figure class=\"wp-block-gallery has-nested-images columns-2 is-cropped wp-block-gallery-1 is-layout-flex wp-block-gallery-is-layout-flex\">\n<figure class=\"wp-block-image size-large\"><img loading=\"lazy\" decoding=\"async\" width=\"700\" height=\"615\" data-id=\"22861\" src=\"https:\/\/diariotiempo.com.uy\/noticias\/wp-content\/uploads\/2026\/04\/fany-antess.jpg\" alt=\"\" class=\"wp-image-22861\" srcset=\"https:\/\/diariotiempo.com.uy\/noticias\/wp-content\/uploads\/2026\/04\/fany-antess.jpg 700w, https:\/\/diariotiempo.com.uy\/noticias\/wp-content\/uploads\/2026\/04\/fany-antess-300x264.jpg 300w\" sizes=\"auto, (max-width: 700px) 100vw, 700px\" \/><\/figure>\n\n\n\n<figure class=\"wp-block-image size-large\"><img loading=\"lazy\" decoding=\"async\" width=\"700\" height=\"367\" data-id=\"22860\" src=\"https:\/\/diariotiempo.com.uy\/noticias\/wp-content\/uploads\/2026\/04\/fany-titulo.jpg\" alt=\"\" class=\"wp-image-22860\" srcset=\"https:\/\/diariotiempo.com.uy\/noticias\/wp-content\/uploads\/2026\/04\/fany-titulo.jpg 700w, https:\/\/diariotiempo.com.uy\/noticias\/wp-content\/uploads\/2026\/04\/fany-titulo-300x157.jpg 300w\" sizes=\"auto, (max-width: 700px) 100vw, 700px\" \/><\/figure>\n\n\n\n<figure class=\"wp-block-image size-large\"><img loading=\"lazy\" decoding=\"async\" width=\"900\" height=\"675\" data-id=\"22862\" src=\"https:\/\/diariotiempo.com.uy\/noticias\/wp-content\/uploads\/2026\/04\/fany-nuevo.jpg\" alt=\"\" class=\"wp-image-22862\" srcset=\"https:\/\/diariotiempo.com.uy\/noticias\/wp-content\/uploads\/2026\/04\/fany-nuevo.jpg 900w, https:\/\/diariotiempo.com.uy\/noticias\/wp-content\/uploads\/2026\/04\/fany-nuevo-300x225.jpg 300w, https:\/\/diariotiempo.com.uy\/noticias\/wp-content\/uploads\/2026\/04\/fany-nuevo-768x576.jpg 768w\" sizes=\"auto, (max-width: 900px) 100vw, 900px\" \/><\/figure>\n<\/figure>\n\n\n\n<p>A casi 39 a\u00f1os de haber comenzado su camino , la Generaci\u00f3n de Maestras de 1987 volvi\u00f3 a encontrarse en Pando.<\/p>\n\n\n\n<p>Tal como lo hicieran cuando ten\u00edan 20 a\u00f1os , donde &nbsp;nuestro medio de prensa document\u00f3 y apoy\u00f3 esta iniciativa, las maestras compartieron una tarde recordando sus a\u00f1os de estudio , repasando su trayectoria en la educaci\u00f3n , compartiendo sus vivencias y actividades actuales, revivieron el esp\u00edritu de aquellos a\u00f1os.<\/p>\n\n\n\n<p>\u2002\u2002\u2002\u2002\u2002\u2002Estuvimos conversando con la maestra Fany Volont\u00e9, sobre su profesi\u00f3n, el rol de la familia, la importancia del trabajo en equipo, &nbsp;el sentimiento que las une y las convoca en cada oportunidad para que &nbsp;se reencuentren .<\/p>\n\n\n\n<p>\u00abSiempre estamos aprendiendo\u00bb<\/p>\n\n\n\n<p>En cuanto a la profesi\u00f3n, a ser maestra, sin ninguna duda es de vocaci\u00f3n. &nbsp; Nadie resiste en el tiempo si no por vocaci\u00f3n. Eso es intuitivo, es de querer, es de ponerle el coraz\u00f3n y las ganas y adem\u00e1s , todos los d\u00edas es un nuevo desaf\u00edo ,en realidad &nbsp; depende mucho de qui\u00e9n te form\u00f3, depende tambi\u00e9n de tu responsabilidad, de c\u00f3mo sos como persona &nbsp;y es fundamental el saber transmitir los conocimientos, o sea es aprender, para despu\u00e9s ense\u00f1ar ,reaprender junto a los ni\u00f1os.<\/p>\n\n\n\n<p>Y lo fundamental, en equipo. si uno cree que lo que tiene uno es mejor o compite eso no es calidad, eso pasa por otra l\u00ednea.<\/p>\n\n\n\n<p>Nuestro grupo &nbsp;tiene de todo, maestras que s\u00ed trabajaron, maestras que siguen trabajando y maestras &nbsp;jubiladas.<\/p>\n\n\n\n<p>Creo que no nos pasa el tiempo&#8230; al rev\u00e9s, como que lo estamos disfrutando y cuando nos encontramos con alumnos, con ex-alumnos que ya son grandes, que tienen hijos y que est\u00e1n en las aulas &nbsp;sus hijos y nos dicen : &nbsp;nos marc\u00f3 como maestra.<\/p>\n\n\n\n<p>Eso es impagable. &nbsp;es un mimo al alma<\/p>\n\n\n\n<p>&nbsp;\u00bfC\u00f3mo nos reunimos? Porque nosotras &nbsp;nos fortalecimos en esos dos a\u00f1os de &nbsp;premagisterio haciendo cosas que eran inusuales, hoy &nbsp;no te las da la carrera hoy por hoy no &nbsp;te dan esas obras de teatro, esos encuentros, &nbsp;tocar m\u00fasica , hacer arte ..<\/p>\n\n\n\n<p>El rol de la familia<\/p>\n\n\n\n<p>&nbsp;La familia ha cambiado. La familia antes estaba m\u00e1s presente. Hoy por hoy los ni\u00f1os -sentimos- que est\u00e1n un poco m\u00e1s solos y eso tambi\u00e9n dificulta en aprender comportamientos, en mejorar la conducta.<\/p>\n\n\n\n<p>&nbsp;Entonces hay una diferencia entre los ni\u00f1os en los cual ten\u00edamos en las aulas tiempos pasados y los actuales. Actualmente, est\u00e1 m\u00e1s compleja la situaci\u00f3n del comportamiento de algunos ni\u00f1os, donde como dec\u00eda anteriormente; no tienen la posibilidad de tener a su familia m\u00e1s presente. &nbsp;<\/p>\n\n\n\n<p>Porque generalmente, en el pasado, &nbsp;las madres no trabajaban, estaban en sus hogares y pod\u00edan acompa\u00f1ar un poco m\u00e1s a sus ni\u00f1os. Hoy por hoy los ni\u00f1os tienen &nbsp;otra realidad.<\/p>\n\n\n\n<p>UN BRINDIS POR ELLAS Y POR LA EDUCACI\u00d3N<\/p>\n\n\n\n<p>Marianela Cano, Sandra Bellomo, M\u00f3nica Olaz\u00e1bal, Claudia Ramos, Marta Barbizan, Adriana Nova, Yaqueline &nbsp;Sarantes, Azalia Rossi, Soledad Romero, Nora Lacruz, Rosita Rios, Rita Mart\u00ednez, Karen Rey, Stella Guelfi, Daniela Ferreira, &nbsp;Silvia Larrosa y Fany Volont\u00e9.<\/p>\n","protected":false},"excerpt":{"rendered":"<p>A casi 39 a\u00f1os de haber comenzado su camino , la Generaci\u00f3n de Maestras de&#8230;<\/p>\n","protected":false},"author":1,"featured_media":22861,"comment_status":"closed","ping_status":"closed","sticky":false,"template":"","format":"standard","meta":{"_monsterinsights_skip_tracking":false,"_monsterinsights_sitenote_active":false,"_monsterinsights_sitenote_note":"","_monsterinsights_sitenote_category":0,"footnotes":""},"categories":[11],"tags":[],"class_list":["post-22859","post","type-post","status-publish","format-standard","has-post-thumbnail","hentry","category-noticia-destacada"],"featured_image_urls":{"full":["https:\/\/diariotiempo.com.uy\/noticias\/wp-content\/uploads\/2026\/04\/fany-antess.jpg",700,615,false],"thumbnail":["https:\/\/diariotiempo.com.uy\/noticias\/wp-content\/uploads\/2026\/04\/fany-antess-150x150.jpg",150,150,true],"medium":["https:\/\/diariotiempo.com.uy\/noticias\/wp-content\/uploads\/2026\/04\/fany-antess-300x264.jpg",300,264,true],"medium_large":["https:\/\/diariotiempo.com.uy\/noticias\/wp-content\/uploads\/2026\/04\/fany-antess.jpg",640,562,false],"large":["https:\/\/diariotiempo.com.uy\/noticias\/wp-content\/uploads\/2026\/04\/fany-antess.jpg",640,562,false],"rpg_gallery_admin_thumb":["https:\/\/diariotiempo.com.uy\/noticias\/wp-content\/uploads\/2026\/04\/fany-antess-150x150.jpg",150,150,true],"rpg_gallery_thumb":["https:\/\/diariotiempo.com.uy\/noticias\/wp-content\/uploads\/2026\/04\/fany-antess-150x150.jpg",150,150,true],"1536x1536":["https:\/\/diariotiempo.com.uy\/noticias\/wp-content\/uploads\/2026\/04\/fany-antess.jpg",700,615,false],"2048x2048":["https:\/\/diariotiempo.com.uy\/noticias\/wp-content\/uploads\/2026\/04\/fany-antess.jpg",700,615,false],"covernews-slider-full":["https:\/\/diariotiempo.com.uy\/noticias\/wp-content\/uploads\/2026\/04\/fany-antess.jpg",700,615,false],"covernews-slider-center":["https:\/\/diariotiempo.com.uy\/noticias\/wp-content\/uploads\/2026\/04\/fany-antess-700x500.jpg",700,500,true],"covernews-featured":["https:\/\/diariotiempo.com.uy\/noticias\/wp-content\/uploads\/2026\/04\/fany-antess.jpg",700,615,false],"covernews-medium":["https:\/\/diariotiempo.com.uy\/noticias\/wp-content\/uploads\/2026\/04\/fany-antess-540x340.jpg",540,340,true],"covernews-medium-square":["https:\/\/diariotiempo.com.uy\/noticias\/wp-content\/uploads\/2026\/04\/fany-antess-400x250.jpg",400,250,true]},"author_info":{"display_name":"diario","author_link":"https:\/\/diariotiempo.com.uy\/noticias\/author\/diario\/"},"category_info":"<a href=\"https:\/\/diariotiempo.com.uy\/noticias\/category\/noticia-destacada\/\" rel=\"category tag\">NOTICIA DESTACADA<\/a>","tag_info":"NOTICIA DESTACADA","comment_count":"0","_links":{"self":[{"href":"https:\/\/diariotiempo.com.uy\/noticias\/wp-json\/wp\/v2\/posts\/22859","targetHints":{"allow":["GET"]}}],"collection":[{"href":"https:\/\/diariotiempo.com.uy\/noticias\/wp-json\/wp\/v2\/posts"}],"about":[{"href":"https:\/\/diariotiempo.com.uy\/noticias\/wp-json\/wp\/v2\/types\/post"}],"author":[{"embeddable":true,"href":"https:\/\/diariotiempo.com.uy\/noticias\/wp-json\/wp\/v2\/users\/1"}],"replies":[{"embeddable":true,"href":"https:\/\/diariotiempo.com.uy\/noticias\/wp-json\/wp\/v2\/comments?post=22859"}],"version-history":[{"count":1,"href":"https:\/\/diariotiempo.com.uy\/noticias\/wp-json\/wp\/v2\/posts\/22859\/revisions"}],"predecessor-version":[{"id":22863,"href":"https:\/\/diariotiempo.com.uy\/noticias\/wp-json\/wp\/v2\/posts\/22859\/revisions\/22863"}],"wp:featuredmedia":[{"embeddable":true,"href":"https:\/\/diariotiempo.com.uy\/noticias\/wp-json\/wp\/v2\/media\/22861"}],"wp:attachment":[{"href":"https:\/\/diariotiempo.com.uy\/noticias\/wp-json\/wp\/v2\/media?parent=22859"}],"wp:term":[{"taxonomy":"category","embeddable":true,"href":"https:\/\/diariotiempo.com.uy\/noticias\/wp-json\/wp\/v2\/categories?post=22859"},{"taxonomy":"post_tag","embeddable":true,"href":"https:\/\/diariotiempo.com.uy\/noticias\/wp-json\/wp\/v2\/tags?post=22859"}],"curies":[{"name":"wp","href":"https:\/\/api.w.org\/{rel}","templated":true}]}}