{"id":22864,"date":"2026-04-27T14:49:55","date_gmt":"2026-04-27T14:49:55","guid":{"rendered":"https:\/\/diariotiempo.com.uy\/noticias\/?p=22864"},"modified":"2026-04-27T14:49:57","modified_gmt":"2026-04-27T14:49:57","slug":"centro-coordinador-de-emergencias-de-canelones-brindo-un-reporte-de-las-solicitudes-recibidas","status":"publish","type":"post","link":"https:\/\/diariotiempo.com.uy\/noticias\/2026\/04\/27\/centro-coordinador-de-emergencias-de-canelones-brindo-un-reporte-de-las-solicitudes-recibidas\/","title":{"rendered":"Centro Coordinador de Emergencias de Canelones brind\u00f3 un reporte de las solicitudes recibidas"},"content":{"rendered":"\n<figure class=\"wp-block-image size-full\"><img loading=\"lazy\" decoding=\"async\" width=\"900\" height=\"506\" src=\"https:\/\/diariotiempo.com.uy\/noticias\/wp-content\/uploads\/2026\/04\/arbol-2.jpg\" alt=\"\" class=\"wp-image-22865\" srcset=\"https:\/\/diariotiempo.com.uy\/noticias\/wp-content\/uploads\/2026\/04\/arbol-2.jpg 900w, https:\/\/diariotiempo.com.uy\/noticias\/wp-content\/uploads\/2026\/04\/arbol-2-300x169.jpg 300w, https:\/\/diariotiempo.com.uy\/noticias\/wp-content\/uploads\/2026\/04\/arbol-2-768x432.jpg 768w\" sizes=\"auto, (max-width: 900px) 100vw, 900px\" \/><\/figure>\n\n\n\n<p>El Centro Coordinador de Emergencias Departamental (CECOED) de Canelones dio a conocer la cantidad de solicitudes recibidas en el marco de la emergencia clim\u00e1tica que azot\u00f3 el departamento en las \u00faltimas horas. La zona costera fue la m\u00e1s afectada mientras las localidades del eje de Ruta 5, Canelones y Santa Luc\u00eda, tambi\u00e9n fueron afectadas aunque en menor medida.<\/p>\n\n\n\n<p><strong>60 solicitudes a trav\u00e9s de CECOED durante la alerta meteorol\u00f3gica:<\/strong><\/p>\n\n\n\n<p>&#8211; 34 por arbolado, &#8211; Cuatro calles cortadas &#8211; 21 tendido el\u00e9ctrico &#8211; Una vivienda<\/p>\n\n\n\n<p><strong>Distribuci\u00f3n por municipio<\/strong><\/p>\n\n\n\n<p>&#8211; Una en 18 de Mayo &#8211; Una en Atl\u00e1ntida<\/p>\n\n\n\n<p>&#8211; Una en B. Blancos &nbsp;&#8211; Dos en Canelones<\/p>\n\n\n\n<p>&#8211; 24 en Ciudad de la Costa &nbsp;&#8211; Cuatro en La Floresta<\/p>\n\n\n\n<p>&#8211; Cuatro en La Paz &#8211; Tres en Las Piedras<\/p>\n\n\n\n<p>&#8211; Cuatro en Parque del Plata &#8211; Cuatro en Paso Carrasco &nbsp;&#8211; Dos en Progreso &nbsp;&#8211; Seis en Salinas<\/p>\n\n\n\n<p>&#8211; Una en Santa Luc\u00eda &nbsp;&#8211; Tres en Soca<\/p>\n\n\n\n<p>Por solicitudes por emergencias clim\u00e1ticas, comunicarse al 0800 2022 (l\u00ednea gratuita), al *2022 (l\u00ednea gratuita desde celulares) o la aplicaci\u00f3n SIREC (desde Android o iOS). <\/p>\n\n\n\n<p>Foto IMC<\/p>\n","protected":false},"excerpt":{"rendered":"<p>El Centro Coordinador de Emergencias Departamental (CECOED) de Canelones dio a conocer la cantidad de&#8230;<\/p>\n","protected":false},"author":1,"featured_media":22865,"comment_status":"closed","ping_status":"closed","sticky":false,"template":"","format":"standard","meta":{"_monsterinsights_skip_tracking":false,"_monsterinsights_sitenote_active":false,"_monsterinsights_sitenote_note":"","_monsterinsights_sitenote_category":0,"footnotes":""},"categories":[4],"tags":[],"class_list":["post-22864","post","type-post","status-publish","format-standard","has-post-thumbnail","hentry","category-departamental"],"featured_image_urls":{"full":["https:\/\/diariotiempo.com.uy\/noticias\/wp-content\/uploads\/2026\/04\/arbol-2.jpg",900,506,false],"thumbnail":["https:\/\/diariotiempo.com.uy\/noticias\/wp-content\/uploads\/2026\/04\/arbol-2-150x150.jpg",150,150,true],"medium":["https:\/\/diariotiempo.com.uy\/noticias\/wp-content\/uploads\/2026\/04\/arbol-2-300x169.jpg",300,169,true],"medium_large":["https:\/\/diariotiempo.com.uy\/noticias\/wp-content\/uploads\/2026\/04\/arbol-2-768x432.jpg",640,360,true],"large":["https:\/\/diariotiempo.com.uy\/noticias\/wp-content\/uploads\/2026\/04\/arbol-2.jpg",640,360,false],"rpg_gallery_admin_thumb":["https:\/\/diariotiempo.com.uy\/noticias\/wp-content\/uploads\/2026\/04\/arbol-2-150x150.jpg",150,150,true],"rpg_gallery_thumb":["https:\/\/diariotiempo.com.uy\/noticias\/wp-content\/uploads\/2026\/04\/arbol-2-150x150.jpg",150,150,true],"1536x1536":["https:\/\/diariotiempo.com.uy\/noticias\/wp-content\/uploads\/2026\/04\/arbol-2.jpg",900,506,false],"2048x2048":["https:\/\/diariotiempo.com.uy\/noticias\/wp-content\/uploads\/2026\/04\/arbol-2.jpg",900,506,false],"covernews-slider-full":["https:\/\/diariotiempo.com.uy\/noticias\/wp-content\/uploads\/2026\/04\/arbol-2.jpg",900,506,false],"covernews-slider-center":["https:\/\/diariotiempo.com.uy\/noticias\/wp-content\/uploads\/2026\/04\/arbol-2-800x500.jpg",800,500,true],"covernews-featured":["https:\/\/diariotiempo.com.uy\/noticias\/wp-content\/uploads\/2026\/04\/arbol-2.jpg",900,506,false],"covernews-medium":["https:\/\/diariotiempo.com.uy\/noticias\/wp-content\/uploads\/2026\/04\/arbol-2-540x340.jpg",540,340,true],"covernews-medium-square":["https:\/\/diariotiempo.com.uy\/noticias\/wp-content\/uploads\/2026\/04\/arbol-2-400x250.jpg",400,250,true]},"author_info":{"display_name":"diario","author_link":"https:\/\/diariotiempo.com.uy\/noticias\/author\/diario\/"},"category_info":"<a href=\"https:\/\/diariotiempo.com.uy\/noticias\/category\/departamental\/\" rel=\"category tag\">DEPARTAMENTAL<\/a>","tag_info":"DEPARTAMENTAL","comment_count":"0","_links":{"self":[{"href":"https:\/\/diariotiempo.com.uy\/noticias\/wp-json\/wp\/v2\/posts\/22864","targetHints":{"allow":["GET"]}}],"collection":[{"href":"https:\/\/diariotiempo.com.uy\/noticias\/wp-json\/wp\/v2\/posts"}],"about":[{"href":"https:\/\/diariotiempo.com.uy\/noticias\/wp-json\/wp\/v2\/types\/post"}],"author":[{"embeddable":true,"href":"https:\/\/diariotiempo.com.uy\/noticias\/wp-json\/wp\/v2\/users\/1"}],"replies":[{"embeddable":true,"href":"https:\/\/diariotiempo.com.uy\/noticias\/wp-json\/wp\/v2\/comments?post=22864"}],"version-history":[{"count":1,"href":"https:\/\/diariotiempo.com.uy\/noticias\/wp-json\/wp\/v2\/posts\/22864\/revisions"}],"predecessor-version":[{"id":22866,"href":"https:\/\/diariotiempo.com.uy\/noticias\/wp-json\/wp\/v2\/posts\/22864\/revisions\/22866"}],"wp:featuredmedia":[{"embeddable":true,"href":"https:\/\/diariotiempo.com.uy\/noticias\/wp-json\/wp\/v2\/media\/22865"}],"wp:attachment":[{"href":"https:\/\/diariotiempo.com.uy\/noticias\/wp-json\/wp\/v2\/media?parent=22864"}],"wp:term":[{"taxonomy":"category","embeddable":true,"href":"https:\/\/diariotiempo.com.uy\/noticias\/wp-json\/wp\/v2\/categories?post=22864"},{"taxonomy":"post_tag","embeddable":true,"href":"https:\/\/diariotiempo.com.uy\/noticias\/wp-json\/wp\/v2\/tags?post=22864"}],"curies":[{"name":"wp","href":"https:\/\/api.w.org\/{rel}","templated":true}]}}