{"id":22890,"date":"2026-04-30T12:34:56","date_gmt":"2026-04-30T12:34:56","guid":{"rendered":"https:\/\/diariotiempo.com.uy\/noticias\/?p=22890"},"modified":"2026-04-30T12:34:59","modified_gmt":"2026-04-30T12:34:59","slug":"gobierno-de-canelones-reconocio-a-funcionarios-municipales-por-su-labor","status":"publish","type":"post","link":"https:\/\/diariotiempo.com.uy\/noticias\/2026\/04\/30\/gobierno-de-canelones-reconocio-a-funcionarios-municipales-por-su-labor\/","title":{"rendered":"Gobierno de Canelones reconoci\u00f3 a\u00a0funcionarios municipales por su labor"},"content":{"rendered":"\n<figure class=\"wp-block-image size-full\"><img loading=\"lazy\" decoding=\"async\" width=\"900\" height=\"600\" src=\"https:\/\/diariotiempo.com.uy\/noticias\/wp-content\/uploads\/2026\/04\/PANDO.jpg\" alt=\"\" class=\"wp-image-22891\" srcset=\"https:\/\/diariotiempo.com.uy\/noticias\/wp-content\/uploads\/2026\/04\/PANDO.jpg 900w, https:\/\/diariotiempo.com.uy\/noticias\/wp-content\/uploads\/2026\/04\/PANDO-300x200.jpg 300w, https:\/\/diariotiempo.com.uy\/noticias\/wp-content\/uploads\/2026\/04\/PANDO-768x512.jpg 768w\" sizes=\"auto, (max-width: 900px) 100vw, 900px\" \/><\/figure>\n\n\n\n<p>Como cada a\u00f1o, el Gobierno de Canelones realiz\u00f3 la ceremonia de reconocimiento a casi 300 funcionarios que cumplieron 25, 30 y 40 a\u00f1os de labor. El director general de Administraci\u00f3n, Christian Fierro, destac\u00f3 la importancia del esfuerzo que los trabajadores hacen d\u00eda a d\u00eda, ya que \u201csin ellos la administraci\u00f3n no funcionar\u00eda.<\/p>\n\n\n\n<p>Sobre todo teniendo en cuenta que muchas veces pasan m\u00e1s tiempo en la instituci\u00f3n que con sus propias familias\u201d. Por su parte, uno de los funcionarios que recibi\u00f3 un reconocimiento por 40 a\u00f1os de trabajo, Hugo Amarillo, record\u00f3 toda la trayectoria de vida recorrida dentro de la instituci\u00f3n. \u201cAprend\u00ed de todo. Mis compa\u00f1eros me ayudaron a caminar y me acompa\u00f1aron\u201d, dijo, al tiempo que expres\u00f3 que siente orgullo por todas las veces que tuvo la oportunidad de ayudar a alguien a solucionar alguna necesidad. <\/p>\n\n\n\n<p>Foto IMC<\/p>\n\n\n\n<p><\/p>\n","protected":false},"excerpt":{"rendered":"<p>Como cada a\u00f1o, el Gobierno de Canelones realiz\u00f3 la ceremonia de reconocimiento a casi 300&#8230;<\/p>\n","protected":false},"author":1,"featured_media":22891,"comment_status":"closed","ping_status":"closed","sticky":false,"template":"","format":"standard","meta":{"_monsterinsights_skip_tracking":false,"_monsterinsights_sitenote_active":false,"_monsterinsights_sitenote_note":"","_monsterinsights_sitenote_category":0,"footnotes":""},"categories":[4],"tags":[],"class_list":["post-22890","post","type-post","status-publish","format-standard","has-post-thumbnail","hentry","category-departamental"],"featured_image_urls":{"full":["https:\/\/diariotiempo.com.uy\/noticias\/wp-content\/uploads\/2026\/04\/PANDO.jpg",900,600,false],"thumbnail":["https:\/\/diariotiempo.com.uy\/noticias\/wp-content\/uploads\/2026\/04\/PANDO-150x150.jpg",150,150,true],"medium":["https:\/\/diariotiempo.com.uy\/noticias\/wp-content\/uploads\/2026\/04\/PANDO-300x200.jpg",300,200,true],"medium_large":["https:\/\/diariotiempo.com.uy\/noticias\/wp-content\/uploads\/2026\/04\/PANDO-768x512.jpg",640,427,true],"large":["https:\/\/diariotiempo.com.uy\/noticias\/wp-content\/uploads\/2026\/04\/PANDO.jpg",640,427,false],"rpg_gallery_admin_thumb":["https:\/\/diariotiempo.com.uy\/noticias\/wp-content\/uploads\/2026\/04\/PANDO-150x150.jpg",150,150,true],"rpg_gallery_thumb":["https:\/\/diariotiempo.com.uy\/noticias\/wp-content\/uploads\/2026\/04\/PANDO-150x150.jpg",150,150,true],"1536x1536":["https:\/\/diariotiempo.com.uy\/noticias\/wp-content\/uploads\/2026\/04\/PANDO.jpg",900,600,false],"2048x2048":["https:\/\/diariotiempo.com.uy\/noticias\/wp-content\/uploads\/2026\/04\/PANDO.jpg",900,600,false],"covernews-slider-full":["https:\/\/diariotiempo.com.uy\/noticias\/wp-content\/uploads\/2026\/04\/PANDO.jpg",900,600,false],"covernews-slider-center":["https:\/\/diariotiempo.com.uy\/noticias\/wp-content\/uploads\/2026\/04\/PANDO-800x500.jpg",800,500,true],"covernews-featured":["https:\/\/diariotiempo.com.uy\/noticias\/wp-content\/uploads\/2026\/04\/PANDO.jpg",900,600,false],"covernews-medium":["https:\/\/diariotiempo.com.uy\/noticias\/wp-content\/uploads\/2026\/04\/PANDO-540x340.jpg",540,340,true],"covernews-medium-square":["https:\/\/diariotiempo.com.uy\/noticias\/wp-content\/uploads\/2026\/04\/PANDO-400x250.jpg",400,250,true]},"author_info":{"display_name":"diario","author_link":"https:\/\/diariotiempo.com.uy\/noticias\/author\/diario\/"},"category_info":"<a href=\"https:\/\/diariotiempo.com.uy\/noticias\/category\/departamental\/\" rel=\"category tag\">DEPARTAMENTAL<\/a>","tag_info":"DEPARTAMENTAL","comment_count":"0","_links":{"self":[{"href":"https:\/\/diariotiempo.com.uy\/noticias\/wp-json\/wp\/v2\/posts\/22890","targetHints":{"allow":["GET"]}}],"collection":[{"href":"https:\/\/diariotiempo.com.uy\/noticias\/wp-json\/wp\/v2\/posts"}],"about":[{"href":"https:\/\/diariotiempo.com.uy\/noticias\/wp-json\/wp\/v2\/types\/post"}],"author":[{"embeddable":true,"href":"https:\/\/diariotiempo.com.uy\/noticias\/wp-json\/wp\/v2\/users\/1"}],"replies":[{"embeddable":true,"href":"https:\/\/diariotiempo.com.uy\/noticias\/wp-json\/wp\/v2\/comments?post=22890"}],"version-history":[{"count":1,"href":"https:\/\/diariotiempo.com.uy\/noticias\/wp-json\/wp\/v2\/posts\/22890\/revisions"}],"predecessor-version":[{"id":22892,"href":"https:\/\/diariotiempo.com.uy\/noticias\/wp-json\/wp\/v2\/posts\/22890\/revisions\/22892"}],"wp:featuredmedia":[{"embeddable":true,"href":"https:\/\/diariotiempo.com.uy\/noticias\/wp-json\/wp\/v2\/media\/22891"}],"wp:attachment":[{"href":"https:\/\/diariotiempo.com.uy\/noticias\/wp-json\/wp\/v2\/media?parent=22890"}],"wp:term":[{"taxonomy":"category","embeddable":true,"href":"https:\/\/diariotiempo.com.uy\/noticias\/wp-json\/wp\/v2\/categories?post=22890"},{"taxonomy":"post_tag","embeddable":true,"href":"https:\/\/diariotiempo.com.uy\/noticias\/wp-json\/wp\/v2\/tags?post=22890"}],"curies":[{"name":"wp","href":"https:\/\/api.w.org\/{rel}","templated":true}]}}