{"id":22901,"date":"2026-04-30T12:42:25","date_gmt":"2026-04-30T12:42:25","guid":{"rendered":"https:\/\/diariotiempo.com.uy\/noticias\/?p=22901"},"modified":"2026-04-30T12:42:27","modified_gmt":"2026-04-30T12:42:27","slug":"unasev-y-el-movimiento-mayo-amarillo-lanzaron-la-campana-internacional-en-montevideo","status":"publish","type":"post","link":"https:\/\/diariotiempo.com.uy\/noticias\/2026\/04\/30\/unasev-y-el-movimiento-mayo-amarillo-lanzaron-la-campana-internacional-en-montevideo\/","title":{"rendered":"UNASEV y el Movimiento Mayo Amarillo lanzaron la campa\u00f1a internacional en Montevideo"},"content":{"rendered":"\n<figure class=\"wp-block-image size-full\"><img loading=\"lazy\" decoding=\"async\" width=\"900\" height=\"401\" src=\"https:\/\/diariotiempo.com.uy\/noticias\/wp-content\/uploads\/2026\/04\/unasev.jpg\" alt=\"\" class=\"wp-image-22902\" srcset=\"https:\/\/diariotiempo.com.uy\/noticias\/wp-content\/uploads\/2026\/04\/unasev.jpg 900w, https:\/\/diariotiempo.com.uy\/noticias\/wp-content\/uploads\/2026\/04\/unasev-300x134.jpg 300w, https:\/\/diariotiempo.com.uy\/noticias\/wp-content\/uploads\/2026\/04\/unasev-768x342.jpg 768w\" sizes=\"auto, (max-width: 900px) 100vw, 900px\" \/><\/figure>\n\n\n\n<p>Montevideo fue la ciudad seleccionada para realizar el lanzamiento internacional de la campa\u00f1a Mayo Amarillo 2026 bajo el lema \u201cEn el tr\u00e1nsito, ver al otro es salvar vidas\u201d.De este modo, la Unidad Nacional de Seguridad Vial fue la anfitriona de este lanzamiento que se desarroll\u00f3 con actividades y paneles durante toda la jornada del lunes 27 de abril, junto a Paulo Guimar\u00e3es Jr., Director Ejecutivo del Observatorio Nacional de Seguridad Vial de Brasil.<\/p>\n\n\n\n<p>El Movimiento Mayo Amarillo surgi\u00f3, en Brasil en el a\u00f1o 2014, como respuesta a la D\u00e9cada de Acci\u00f3n para la Seguridad Vial propuesta por Naciones Unidas en el a\u00f1o 2011. R\u00e1pidamente, este movimiento se convirti\u00f3 en una iniciativa global de concientizaci\u00f3n que busca reducir la siniestralidad vial mediante la educaci\u00f3n y la responsabilidad compartida, pero, sobre todo, poniendo estos temas en la agenda p\u00fablica durante todo el mes de mayo, para que mensuremos la tragedia que significan las consecuencias de la toma de decisiones equivocadas en el tr\u00e1nsito y la movilidad. <\/p>\n\n\n\n<p>Su distintivo es un lazo amarillo, que simboliza la atenci\u00f3n y las se\u00f1ales preventivas en el tr\u00e1nsito. En Uruguay, el Movimiento Mayo Amarillo cobra vida a trav\u00e9s de cientos de actividades y propuestas de concientizaci\u00f3n que las Unidades Locales de Seguridad Vial, centros educativos, organizaciones, organizaciones sociales, empresas y entidades gubernamentales llevan adelante. Este a\u00f1o, son m\u00e1s de 140 las actividades que al momento forman parte de la esta nutrida grilla que a\u00fan sigue en construcci\u00f3n.<\/p>\n\n\n\n<p><\/p>\n","protected":false},"excerpt":{"rendered":"<p>Montevideo fue la ciudad seleccionada para realizar el lanzamiento internacional de la campa\u00f1a Mayo Amarillo&#8230;<\/p>\n","protected":false},"author":1,"featured_media":22902,"comment_status":"closed","ping_status":"closed","sticky":false,"template":"","format":"standard","meta":{"_monsterinsights_skip_tracking":false,"_monsterinsights_sitenote_active":false,"_monsterinsights_sitenote_note":"","_monsterinsights_sitenote_category":0,"footnotes":""},"categories":[79],"tags":[],"class_list":["post-22901","post","type-post","status-publish","format-standard","has-post-thumbnail","hentry","category-nacionales"],"featured_image_urls":{"full":["https:\/\/diariotiempo.com.uy\/noticias\/wp-content\/uploads\/2026\/04\/unasev.jpg",900,401,false],"thumbnail":["https:\/\/diariotiempo.com.uy\/noticias\/wp-content\/uploads\/2026\/04\/unasev-150x150.jpg",150,150,true],"medium":["https:\/\/diariotiempo.com.uy\/noticias\/wp-content\/uploads\/2026\/04\/unasev-300x134.jpg",300,134,true],"medium_large":["https:\/\/diariotiempo.com.uy\/noticias\/wp-content\/uploads\/2026\/04\/unasev-768x342.jpg",640,285,true],"large":["https:\/\/diariotiempo.com.uy\/noticias\/wp-content\/uploads\/2026\/04\/unasev.jpg",640,285,false],"rpg_gallery_admin_thumb":["https:\/\/diariotiempo.com.uy\/noticias\/wp-content\/uploads\/2026\/04\/unasev-150x150.jpg",150,150,true],"rpg_gallery_thumb":["https:\/\/diariotiempo.com.uy\/noticias\/wp-content\/uploads\/2026\/04\/unasev-150x150.jpg",150,150,true],"1536x1536":["https:\/\/diariotiempo.com.uy\/noticias\/wp-content\/uploads\/2026\/04\/unasev.jpg",900,401,false],"2048x2048":["https:\/\/diariotiempo.com.uy\/noticias\/wp-content\/uploads\/2026\/04\/unasev.jpg",900,401,false],"covernews-slider-full":["https:\/\/diariotiempo.com.uy\/noticias\/wp-content\/uploads\/2026\/04\/unasev.jpg",900,401,false],"covernews-slider-center":["https:\/\/diariotiempo.com.uy\/noticias\/wp-content\/uploads\/2026\/04\/unasev-800x401.jpg",800,401,true],"covernews-featured":["https:\/\/diariotiempo.com.uy\/noticias\/wp-content\/uploads\/2026\/04\/unasev.jpg",900,401,false],"covernews-medium":["https:\/\/diariotiempo.com.uy\/noticias\/wp-content\/uploads\/2026\/04\/unasev-540x340.jpg",540,340,true],"covernews-medium-square":["https:\/\/diariotiempo.com.uy\/noticias\/wp-content\/uploads\/2026\/04\/unasev-400x250.jpg",400,250,true]},"author_info":{"display_name":"diario","author_link":"https:\/\/diariotiempo.com.uy\/noticias\/author\/diario\/"},"category_info":"<a href=\"https:\/\/diariotiempo.com.uy\/noticias\/category\/nacionales\/\" rel=\"category tag\">NACIONALES<\/a>","tag_info":"NACIONALES","comment_count":"0","_links":{"self":[{"href":"https:\/\/diariotiempo.com.uy\/noticias\/wp-json\/wp\/v2\/posts\/22901","targetHints":{"allow":["GET"]}}],"collection":[{"href":"https:\/\/diariotiempo.com.uy\/noticias\/wp-json\/wp\/v2\/posts"}],"about":[{"href":"https:\/\/diariotiempo.com.uy\/noticias\/wp-json\/wp\/v2\/types\/post"}],"author":[{"embeddable":true,"href":"https:\/\/diariotiempo.com.uy\/noticias\/wp-json\/wp\/v2\/users\/1"}],"replies":[{"embeddable":true,"href":"https:\/\/diariotiempo.com.uy\/noticias\/wp-json\/wp\/v2\/comments?post=22901"}],"version-history":[{"count":1,"href":"https:\/\/diariotiempo.com.uy\/noticias\/wp-json\/wp\/v2\/posts\/22901\/revisions"}],"predecessor-version":[{"id":22903,"href":"https:\/\/diariotiempo.com.uy\/noticias\/wp-json\/wp\/v2\/posts\/22901\/revisions\/22903"}],"wp:featuredmedia":[{"embeddable":true,"href":"https:\/\/diariotiempo.com.uy\/noticias\/wp-json\/wp\/v2\/media\/22902"}],"wp:attachment":[{"href":"https:\/\/diariotiempo.com.uy\/noticias\/wp-json\/wp\/v2\/media?parent=22901"}],"wp:term":[{"taxonomy":"category","embeddable":true,"href":"https:\/\/diariotiempo.com.uy\/noticias\/wp-json\/wp\/v2\/categories?post=22901"},{"taxonomy":"post_tag","embeddable":true,"href":"https:\/\/diariotiempo.com.uy\/noticias\/wp-json\/wp\/v2\/tags?post=22901"}],"curies":[{"name":"wp","href":"https:\/\/api.w.org\/{rel}","templated":true}]}}