{"id":22904,"date":"2026-04-30T12:46:41","date_gmt":"2026-04-30T12:46:41","guid":{"rendered":"https:\/\/diariotiempo.com.uy\/noticias\/?p=22904"},"modified":"2026-04-30T12:46:44","modified_gmt":"2026-04-30T12:46:44","slug":"ninos-y-ninas-del-futbol-infantil-canario-conocieron-el-complejo-uruguay-celeste-recibieron-calzado-deportivo-fabricado-por-una-cooperativa-pandense","status":"publish","type":"post","link":"https:\/\/diariotiempo.com.uy\/noticias\/2026\/04\/30\/ninos-y-ninas-del-futbol-infantil-canario-conocieron-el-complejo-uruguay-celeste-recibieron-calzado-deportivo-fabricado-por-una-cooperativa-pandense\/","title":{"rendered":"Ni\u00f1os y ni\u00f1as del f\u00fatbol infantil canario conocieron el Complejo Uruguay Celeste\u00a0Recibieron calzado deportivo fabricado por una cooperativa pandense"},"content":{"rendered":"\n<figure class=\"wp-block-gallery has-nested-images columns-default is-cropped wp-block-gallery-1 is-layout-flex wp-block-gallery-is-layout-flex\">\n<figure class=\"wp-block-image size-large\"><img loading=\"lazy\" decoding=\"async\" width=\"700\" height=\"467\" data-id=\"22905\" src=\"https:\/\/diariotiempo.com.uy\/noticias\/wp-content\/uploads\/2026\/04\/nina-zapato.jpg\" alt=\"\" class=\"wp-image-22905\" srcset=\"https:\/\/diariotiempo.com.uy\/noticias\/wp-content\/uploads\/2026\/04\/nina-zapato.jpg 700w, https:\/\/diariotiempo.com.uy\/noticias\/wp-content\/uploads\/2026\/04\/nina-zapato-300x200.jpg 300w\" sizes=\"auto, (max-width: 700px) 100vw, 700px\" \/><\/figure>\n\n\n\n<figure class=\"wp-block-image size-large\"><img loading=\"lazy\" decoding=\"async\" width=\"700\" height=\"467\" data-id=\"22906\" src=\"https:\/\/diariotiempo.com.uy\/noticias\/wp-content\/uploads\/2026\/04\/nino-intendente.jpg\" alt=\"\" class=\"wp-image-22906\" srcset=\"https:\/\/diariotiempo.com.uy\/noticias\/wp-content\/uploads\/2026\/04\/nino-intendente.jpg 700w, https:\/\/diariotiempo.com.uy\/noticias\/wp-content\/uploads\/2026\/04\/nino-intendente-300x200.jpg 300w\" sizes=\"auto, (max-width: 700px) 100vw, 700px\" \/><\/figure>\n\n\n\n<figure class=\"wp-block-image size-large\"><img loading=\"lazy\" decoding=\"async\" width=\"700\" height=\"467\" data-id=\"22907\" src=\"https:\/\/diariotiempo.com.uy\/noticias\/wp-content\/uploads\/2026\/04\/ninos-bienvenidos.jpg\" alt=\"\" class=\"wp-image-22907\" srcset=\"https:\/\/diariotiempo.com.uy\/noticias\/wp-content\/uploads\/2026\/04\/ninos-bienvenidos.jpg 700w, https:\/\/diariotiempo.com.uy\/noticias\/wp-content\/uploads\/2026\/04\/ninos-bienvenidos-300x200.jpg 300w\" sizes=\"auto, (max-width: 700px) 100vw, 700px\" \/><\/figure>\n\n\n\n<figure class=\"wp-block-image size-large\"><img loading=\"lazy\" decoding=\"async\" width=\"900\" height=\"600\" data-id=\"22908\" src=\"https:\/\/diariotiempo.com.uy\/noticias\/wp-content\/uploads\/2026\/04\/ninos-cartel.jpg\" alt=\"\" class=\"wp-image-22908\" srcset=\"https:\/\/diariotiempo.com.uy\/noticias\/wp-content\/uploads\/2026\/04\/ninos-cartel.jpg 900w, https:\/\/diariotiempo.com.uy\/noticias\/wp-content\/uploads\/2026\/04\/ninos-cartel-300x200.jpg 300w, https:\/\/diariotiempo.com.uy\/noticias\/wp-content\/uploads\/2026\/04\/ninos-cartel-768x512.jpg 768w\" sizes=\"auto, (max-width: 900px) 100vw, 900px\" \/><\/figure>\n<\/figure>\n\n\n\n<p>Un entusiasta grupo de ni\u00f1os y ni\u00f1as pertenecientes a las siete ligas de f\u00fatbol infantil del departamento conocieron y recorrieron las instalaciones del Complejo Uruguay Celeste, el centro de entrenamiento de la selecci\u00f3n uruguaya de f\u00fatbol. Adem\u00e1s, recibieron calzado deportivo fabricado por una cooperativa canaria, en una apuesta por seguir contribuyendo al desarrollo del deporte a nivel departamental. Este recorrido es una de las muchas iniciativas que el Gobierno de Canelones estar\u00e1 desarrollando en conjunto con la Asociaci\u00f3n Uruguaya de F\u00fatbol (AUF) en el marco del convenio suscrito el pasado mes de marzo. Esta visita, que dio inicio al programa Sue\u00f1o Celeste, comenz\u00f3 con una bienvenida por parte de las autoridades del Gobierno de Canelones, encabezadas por el intendente Francisco Legnani, y parte del cuerpo t\u00e9cnico de la selecci\u00f3n nacional, y un almuerzo en las instalaciones del complejo. \u201cEstamos muy pero muy contentos de que los chiquilines tengan la posibilidad de venir y poder compartir una jornada donde habitualmente est\u00e1n sus \u00eddolos\u201d, valor\u00f3 Legnani. <\/p>\n\n\n\n<p>Pronto lleg\u00f3 uno de los hitos de la jornada: la entrega de kits deportivos a cada uno de los participantes, que inclu\u00edan un par de zapatos de f\u00fatbol. El calzado fue elaborado localmente por la Cooperativa Cadena Productiva de Cuero, ubicada en el Polo de Econom\u00eda Circular de Pando. El Intendente destac\u00f3 que \u201cde alguna manera, tambi\u00e9n le damos la posibilidad a una cooperativa canaria de calzar a nuestros gurises\u201d, contribuyendo a la econom\u00eda local. La jornada continu\u00f3 con un recorrido guiado por las distintas zonas del complejo, incluyendo las canchas donde practican los \u00eddolos celestes. Las canchas est\u00e1n en la recta final de las obras de mejoramiento, donde intervino el Gobierno de Canelones tambi\u00e9n a trav\u00e9s del ya mencionado convenio. Sobre la recorrida, Irigoin se\u00f1al\u00f3 que \u201cdesde lo humano, ver a los gurises disfrutando con los ojos maravillados es muy emocionante. No debe pasar en ning\u00fan otro lugar del mundo que la selecci\u00f3n abra sus puertas a los ni\u00f1os y ni\u00f1as, y eso hay que valorarlo mucho\u201d. El broche de oro del d\u00eda fue una actividad recreativa, a cargo de profesores de la Direcci\u00f3n General de Deportes del Gobierno de Canelones, en una de las canchas cerradas que tiene el complejo. \u201cQue los chiquilines puedan venir, conocer, jugar, almorzar, y entrenar donde entrena la selecci\u00f3n la verdad que es un sue\u00f1o cumplido para ellos\u201d, coment\u00f3 Legnani. <\/p>\n\n\n\n<p>Adem\u00e1s, el Intendente y el Secretario General Pedro Irigoin se refirieron a futuras iniciativas conjuntas que desarrollar\u00e1n junto a AUF a partir del convenio: \u201ceste convenio no solo abarca la visita de los gurises al complejo, sino tambi\u00e9n incluye entradas para los partidos de la selecci\u00f3n, charlas del cuerpo t\u00e9cnico en distintas instituciones deportivas y escuelas de Canelones\u201d, aport\u00f3 Legnani. Irigoin anunci\u00f3 que en las pr\u00f3ximas semanas m\u00e1s ni\u00f1os y ni\u00f1as del f\u00fatbol infantil canario visitar\u00e1n las instalaciones, adem\u00e1s de que la selecci\u00f3n mayor realizar\u00e1 entrenamientos de cara a la Copa del Mundo en el estadio Mart\u00ednez Monegal de la ciudad de Canelones y en el Estadio Municipal de Pando. \u201cEsperemos que tambi\u00e9n la selecci\u00f3n uruguaya sienta ese elemento de cercan\u00eda con la gente que siempre suma en la preparaci\u00f3n de un evento tan importante como un Mundial. Estamos muy orgullosos que la casa de la Celeste est\u00e9 en Canelones\u201d, agreg\u00f3. <\/p>\n\n\n\n<p>Fotos IMC<\/p>\n","protected":false},"excerpt":{"rendered":"<p>Un entusiasta grupo de ni\u00f1os y ni\u00f1as pertenecientes a las siete ligas de f\u00fatbol infantil&#8230;<\/p>\n","protected":false},"author":1,"featured_media":22908,"comment_status":"closed","ping_status":"closed","sticky":false,"template":"","format":"standard","meta":{"_monsterinsights_skip_tracking":false,"_monsterinsights_sitenote_active":false,"_monsterinsights_sitenote_note":"","_monsterinsights_sitenote_category":0,"footnotes":""},"categories":[8],"tags":[],"class_list":["post-22904","post","type-post","status-publish","format-standard","has-post-thumbnail","hentry","category-deporte"],"featured_image_urls":{"full":["https:\/\/diariotiempo.com.uy\/noticias\/wp-content\/uploads\/2026\/04\/ninos-cartel.jpg",900,600,false],"thumbnail":["https:\/\/diariotiempo.com.uy\/noticias\/wp-content\/uploads\/2026\/04\/ninos-cartel-150x150.jpg",150,150,true],"medium":["https:\/\/diariotiempo.com.uy\/noticias\/wp-content\/uploads\/2026\/04\/ninos-cartel-300x200.jpg",300,200,true],"medium_large":["https:\/\/diariotiempo.com.uy\/noticias\/wp-content\/uploads\/2026\/04\/ninos-cartel-768x512.jpg",640,427,true],"large":["https:\/\/diariotiempo.com.uy\/noticias\/wp-content\/uploads\/2026\/04\/ninos-cartel.jpg",640,427,false],"rpg_gallery_admin_thumb":["https:\/\/diariotiempo.com.uy\/noticias\/wp-content\/uploads\/2026\/04\/ninos-cartel-150x150.jpg",150,150,true],"rpg_gallery_thumb":["https:\/\/diariotiempo.com.uy\/noticias\/wp-content\/uploads\/2026\/04\/ninos-cartel-150x150.jpg",150,150,true],"1536x1536":["https:\/\/diariotiempo.com.uy\/noticias\/wp-content\/uploads\/2026\/04\/ninos-cartel.jpg",900,600,false],"2048x2048":["https:\/\/diariotiempo.com.uy\/noticias\/wp-content\/uploads\/2026\/04\/ninos-cartel.jpg",900,600,false],"covernews-slider-full":["https:\/\/diariotiempo.com.uy\/noticias\/wp-content\/uploads\/2026\/04\/ninos-cartel.jpg",900,600,false],"covernews-slider-center":["https:\/\/diariotiempo.com.uy\/noticias\/wp-content\/uploads\/2026\/04\/ninos-cartel-800x500.jpg",800,500,true],"covernews-featured":["https:\/\/diariotiempo.com.uy\/noticias\/wp-content\/uploads\/2026\/04\/ninos-cartel.jpg",900,600,false],"covernews-medium":["https:\/\/diariotiempo.com.uy\/noticias\/wp-content\/uploads\/2026\/04\/ninos-cartel-540x340.jpg",540,340,true],"covernews-medium-square":["https:\/\/diariotiempo.com.uy\/noticias\/wp-content\/uploads\/2026\/04\/ninos-cartel-400x250.jpg",400,250,true]},"author_info":{"display_name":"diario","author_link":"https:\/\/diariotiempo.com.uy\/noticias\/author\/diario\/"},"category_info":"<a href=\"https:\/\/diariotiempo.com.uy\/noticias\/category\/deporte\/\" rel=\"category tag\">DEPORTE<\/a>","tag_info":"DEPORTE","comment_count":"0","_links":{"self":[{"href":"https:\/\/diariotiempo.com.uy\/noticias\/wp-json\/wp\/v2\/posts\/22904","targetHints":{"allow":["GET"]}}],"collection":[{"href":"https:\/\/diariotiempo.com.uy\/noticias\/wp-json\/wp\/v2\/posts"}],"about":[{"href":"https:\/\/diariotiempo.com.uy\/noticias\/wp-json\/wp\/v2\/types\/post"}],"author":[{"embeddable":true,"href":"https:\/\/diariotiempo.com.uy\/noticias\/wp-json\/wp\/v2\/users\/1"}],"replies":[{"embeddable":true,"href":"https:\/\/diariotiempo.com.uy\/noticias\/wp-json\/wp\/v2\/comments?post=22904"}],"version-history":[{"count":1,"href":"https:\/\/diariotiempo.com.uy\/noticias\/wp-json\/wp\/v2\/posts\/22904\/revisions"}],"predecessor-version":[{"id":22909,"href":"https:\/\/diariotiempo.com.uy\/noticias\/wp-json\/wp\/v2\/posts\/22904\/revisions\/22909"}],"wp:featuredmedia":[{"embeddable":true,"href":"https:\/\/diariotiempo.com.uy\/noticias\/wp-json\/wp\/v2\/media\/22908"}],"wp:attachment":[{"href":"https:\/\/diariotiempo.com.uy\/noticias\/wp-json\/wp\/v2\/media?parent=22904"}],"wp:term":[{"taxonomy":"category","embeddable":true,"href":"https:\/\/diariotiempo.com.uy\/noticias\/wp-json\/wp\/v2\/categories?post=22904"},{"taxonomy":"post_tag","embeddable":true,"href":"https:\/\/diariotiempo.com.uy\/noticias\/wp-json\/wp\/v2\/tags?post=22904"}],"curies":[{"name":"wp","href":"https:\/\/api.w.org\/{rel}","templated":true}]}}