{"id":2320,"date":"2021-10-26T15:50:14","date_gmt":"2021-10-26T15:50:14","guid":{"rendered":"https:\/\/diariotiempo.com.uy\/noticias\/?p=2320"},"modified":"2021-10-26T15:50:16","modified_gmt":"2021-10-26T15:50:16","slug":"inau-incrementa-presencia-en-territorio-ante-aumento-de-casos-de-violencia-intrafamiliar","status":"publish","type":"post","link":"https:\/\/diariotiempo.com.uy\/noticias\/2021\/10\/26\/inau-incrementa-presencia-en-territorio-ante-aumento-de-casos-de-violencia-intrafamiliar\/","title":{"rendered":"INAU incrementa presencia en territorio ante aumento de casos de violencia intrafamiliar"},"content":{"rendered":"\n<figure class=\"wp-block-image size-full\"><img loading=\"lazy\" decoding=\"async\" width=\"800\" height=\"471\" src=\"https:\/\/diariotiempo.com.uy\/noticias\/wp-content\/uploads\/2021\/10\/4-10.jpg\" alt=\"\" class=\"wp-image-2321\" srcset=\"https:\/\/diariotiempo.com.uy\/noticias\/wp-content\/uploads\/2021\/10\/4-10.jpg 800w, https:\/\/diariotiempo.com.uy\/noticias\/wp-content\/uploads\/2021\/10\/4-10-300x177.jpg 300w, https:\/\/diariotiempo.com.uy\/noticias\/wp-content\/uploads\/2021\/10\/4-10-768x452.jpg 768w\" sizes=\"auto, (max-width: 800px) 100vw, 800px\" \/><\/figure>\n\n\n\n<p>En una jornada que reuni\u00f3 a representantes de instituciones p\u00fablicas y privadas, el presidente del Instituto del Ni\u00f1o y Adolescente del Uruguay (INAU), Pablo Abdala, inform\u00f3 que durante la primera mitad del a\u00f1o se registraron 3.957 intervenciones ante situaciones de violencia. Se\u00f1al\u00f3 que a la creciente presencia territorial del instituto se suma un proceso de incorporaci\u00f3n de 350 t\u00e9cnicos.<br>\u201cEn el primer semestre del a\u00f1o, hubo 3.957 casos de situaciones de violencia, en los que intervino el Sistema Integral de Protecci\u00f3n a la Infancia y la Adolescencia contra la Violencia (Sipiav), de los cuales casi 1.400 son nuevos\u201d, adelant\u00f3 Abdala, en una rueda de prensa, este viernes 22, en el marco de una jornada de abordaje de la tem\u00e1tica que se llev\u00f3 a cabo en la sala Acu\u00f1a de Figueroa del Palacio Legislativo.<br>En ese sentido, la coordinadora nacional de Sipiav, Mar\u00eda Elena Mizrahi, inform\u00f3 que esas actuaciones fueron antecedidas de 2.559 casos en 2020 y 3.688 en 2019, tambi\u00e9n registrados en los primeros seis meses.<br>La discriminaci\u00f3n por tramos etarios en el per\u00edodo enero-junio de este a\u00f1o mostr\u00f3 que un 38% de los casos se dio en el grupo de entre 13 y 17 a\u00f1os; 36%, de entre 6 y 12 a\u00f1os; 12%, de 18 a\u00f1os y m\u00e1s; 8%, de 4 y 5 a\u00f1os, y 6%, de hasta 3 a\u00f1os. Los tipos de violencia constatados evidenciaron un 34% de maltrato emocional; un 24%, de negligencia; un 22%, de abuso sexual; un 18%, de maltrato f\u00edsico, y un 2%, de explotaci\u00f3n sexual.<br>\u201cEn Uruguay, el problema social de la violencia hacia ni\u00f1os, ni\u00f1as, adolescentes y mujeres contin\u00faa siendo grave y representa una de las formas m\u00e1s extremas de vulneraci\u00f3n de derechos\u201d, sostuvo Mizrahi. \u201cEsta violencia se ha perpetuado y tolerado como resultado de inequidades hist\u00f3ricas, culturales y estructurales arregladas en las relaciones sociales en los \u00e1mbitos socioculturales, econ\u00f3micos y pol\u00edticos\u201d, afirm\u00f3.<br>\u201cEstamos frente a un crecimiento sistem\u00e1tico que nos debe llevar a actuar\u201d, expres\u00f3 Abdala. En ese sentido, afirm\u00f3 que el instituto que preside se encuentra abocado a la tarea de expandir su presencia en territorio a trav\u00e9s de los centros de atenci\u00f3n a la infancia y la familia (CAIF), la apertura de nuevos clubes de ni\u00f1os y entidades de car\u00e1cter comunitario. A esto debe sumarse el ingreso, a\u00fan en proceso, de 350 profesionales, entre educadores, asistentes sociales y psic\u00f3logos, de los cuales ya lo hicieron 110. El jerarca dijo que esto contribuir\u00e1 a incrementar la presencia del Estado y la sociedad civil en territorio y posibilitar\u00e1 advertir situaciones de este tipo.<br>En los casos de violencia hacia ni\u00f1os y adolescentes, incidi\u00f3 la pandemia de COVID-19, aunque se trata de una realidad de larga data, advirti\u00f3. Explic\u00f3 que, cuando debi\u00f3 interrumpirse la actividad de los CAIF por la crisis sanitaria, se gener\u00f3 un escenario de necesario aislamiento, con mayor permanencia de este segmento de la sociedad en sus casas, lo que pudo haber generado mayor violencia familiar.<br>Para la atenci\u00f3n a los ni\u00f1os y adolescentes que hayan sido testigos de femicidios, manifest\u00f3 Abdala, existe un convenio con la Fiscal\u00eda General de la Naci\u00f3n y la Facultad de Psicolog\u00eda, a partir del cual se elaboran gu\u00edas y protocolos de actuaci\u00f3n. Estos chicos \u201cson v\u00edctimas cuando acontecen los hechos y, a partir de all\u00ed, se inicia un proceso con ellos que debe continuar con el reingreso al sistema educativo\u201d, expres\u00f3.<br>Adem\u00e1s de Abdala y Mizrahi, participaron de la actividad el vicepresidente del INAU, Aldo Vel\u00e1zquez; la coordinadora del \u00c1rea Program\u00e1tica de Salud de la Ni\u00f1ez, Alicia Fern\u00e1ndez; la integrante del \u00c1rea Program\u00e1tica de Salud de Adolescencia y Juventud Lorena Quintana y la representante del Fondo de las Naciones Unidas para la Infancia (Unicef) para Uruguay, Luz Angela Melo, entre otras autoridades.<\/p>\n","protected":false},"excerpt":{"rendered":"<p>En una jornada que reuni\u00f3 a representantes de instituciones p\u00fablicas y privadas, el presidente del&#8230;<\/p>\n","protected":false},"author":1,"featured_media":2321,"comment_status":"open","ping_status":"open","sticky":false,"template":"","format":"standard","meta":{"_monsterinsights_skip_tracking":false,"_monsterinsights_sitenote_active":false,"_monsterinsights_sitenote_note":"","_monsterinsights_sitenote_category":0,"footnotes":""},"categories":[79],"tags":[],"class_list":["post-2320","post","type-post","status-publish","format-standard","has-post-thumbnail","hentry","category-nacionales"],"featured_image_urls":{"full":["https:\/\/diariotiempo.com.uy\/noticias\/wp-content\/uploads\/2021\/10\/4-10.jpg",800,471,false],"thumbnail":["https:\/\/diariotiempo.com.uy\/noticias\/wp-content\/uploads\/2021\/10\/4-10-150x150.jpg",150,150,true],"medium":["https:\/\/diariotiempo.com.uy\/noticias\/wp-content\/uploads\/2021\/10\/4-10-300x177.jpg",300,177,true],"medium_large":["https:\/\/diariotiempo.com.uy\/noticias\/wp-content\/uploads\/2021\/10\/4-10-768x452.jpg",640,377,true],"large":["https:\/\/diariotiempo.com.uy\/noticias\/wp-content\/uploads\/2021\/10\/4-10.jpg",640,377,false],"rpg_gallery_admin_thumb":["https:\/\/diariotiempo.com.uy\/noticias\/wp-content\/uploads\/2021\/10\/4-10.jpg",150,88,false],"rpg_gallery_thumb":["https:\/\/diariotiempo.com.uy\/noticias\/wp-content\/uploads\/2021\/10\/4-10.jpg",150,88,false],"1536x1536":["https:\/\/diariotiempo.com.uy\/noticias\/wp-content\/uploads\/2021\/10\/4-10.jpg",800,471,false],"2048x2048":["https:\/\/diariotiempo.com.uy\/noticias\/wp-content\/uploads\/2021\/10\/4-10.jpg",800,471,false],"covernews-slider-full":["https:\/\/diariotiempo.com.uy\/noticias\/wp-content\/uploads\/2021\/10\/4-10.jpg",800,471,false],"covernews-slider-center":["https:\/\/diariotiempo.com.uy\/noticias\/wp-content\/uploads\/2021\/10\/4-10.jpg",800,471,false],"covernews-featured":["https:\/\/diariotiempo.com.uy\/noticias\/wp-content\/uploads\/2021\/10\/4-10.jpg",800,471,false],"covernews-medium":["https:\/\/diariotiempo.com.uy\/noticias\/wp-content\/uploads\/2021\/10\/4-10-540x340.jpg",540,340,true],"covernews-medium-square":["https:\/\/diariotiempo.com.uy\/noticias\/wp-content\/uploads\/2021\/10\/4-10-400x250.jpg",400,250,true]},"author_info":{"display_name":"diario","author_link":"https:\/\/diariotiempo.com.uy\/noticias\/author\/diario\/"},"category_info":"<a href=\"https:\/\/diariotiempo.com.uy\/noticias\/category\/nacionales\/\" rel=\"category tag\">NACIONALES<\/a>","tag_info":"NACIONALES","comment_count":"0","_links":{"self":[{"href":"https:\/\/diariotiempo.com.uy\/noticias\/wp-json\/wp\/v2\/posts\/2320","targetHints":{"allow":["GET"]}}],"collection":[{"href":"https:\/\/diariotiempo.com.uy\/noticias\/wp-json\/wp\/v2\/posts"}],"about":[{"href":"https:\/\/diariotiempo.com.uy\/noticias\/wp-json\/wp\/v2\/types\/post"}],"author":[{"embeddable":true,"href":"https:\/\/diariotiempo.com.uy\/noticias\/wp-json\/wp\/v2\/users\/1"}],"replies":[{"embeddable":true,"href":"https:\/\/diariotiempo.com.uy\/noticias\/wp-json\/wp\/v2\/comments?post=2320"}],"version-history":[{"count":1,"href":"https:\/\/diariotiempo.com.uy\/noticias\/wp-json\/wp\/v2\/posts\/2320\/revisions"}],"predecessor-version":[{"id":2322,"href":"https:\/\/diariotiempo.com.uy\/noticias\/wp-json\/wp\/v2\/posts\/2320\/revisions\/2322"}],"wp:featuredmedia":[{"embeddable":true,"href":"https:\/\/diariotiempo.com.uy\/noticias\/wp-json\/wp\/v2\/media\/2321"}],"wp:attachment":[{"href":"https:\/\/diariotiempo.com.uy\/noticias\/wp-json\/wp\/v2\/media?parent=2320"}],"wp:term":[{"taxonomy":"category","embeddable":true,"href":"https:\/\/diariotiempo.com.uy\/noticias\/wp-json\/wp\/v2\/categories?post=2320"},{"taxonomy":"post_tag","embeddable":true,"href":"https:\/\/diariotiempo.com.uy\/noticias\/wp-json\/wp\/v2\/tags?post=2320"}],"curies":[{"name":"wp","href":"https:\/\/api.w.org\/{rel}","templated":true}]}}