{"id":2331,"date":"2021-10-27T16:04:17","date_gmt":"2021-10-27T16:04:17","guid":{"rendered":"https:\/\/diariotiempo.com.uy\/noticias\/?p=2331"},"modified":"2021-10-27T16:04:19","modified_gmt":"2021-10-27T16:04:19","slug":"joven-de-19-anos-asesinado-en-ataque-a-tiros-en-estacion-de-servicio-de-solymar","status":"publish","type":"post","link":"https:\/\/diariotiempo.com.uy\/noticias\/2021\/10\/27\/joven-de-19-anos-asesinado-en-ataque-a-tiros-en-estacion-de-servicio-de-solymar\/","title":{"rendered":"Joven de 19 a\u00f1os asesinado en ataque a tiros en Estaci\u00f3n de Servicio de Solymar"},"content":{"rendered":"\n<p>De J.P.C. De acuerdo a comunicado telef\u00f3nico, personal de la Seccional 18, concurrieron a calle Uruguay y Av. Giannattasio, donde en el predio de una estaci\u00f3n de servicio un masculino efectu\u00f3 varios disparos de arma de fuego hacia el interior de un veh\u00edculo que se encontraba all\u00ed estacionado.<\/p>\n\n\n\n<p>Como consecuencias de los disparos, el conductor del autom\u00f3vil un hombre de 47 a\u00f1os de edad (antecedentes por suministro de estupefacientes, rapi\u00f1a y hurto) present\u00f3 varios impactos de arma de fuego, su acompa\u00f1ante un joven de 19 a\u00f1os de edad carente de antecedentes penales, presento tambi\u00e9n varias heridas de bala, falleciendo en el momento.<\/p>\n\n\n\n<p>Toma intervenci\u00f3n personal del Departamento de Homicidios quienes ubican en el interior del rodado, municiones y un arma 9mm. con su numeraci\u00f3n adulterada. <\/p>\n\n\n\n<p>En las primeras actuaciones, se logra establecer, que el autor de los disparos se hab\u00eda dado a la fuga a pie, ascendiendo a un autom\u00f3vil de color gris, emprendiendo la fuga por Rambla Costanera, por lo cual fue alertadas todas las unidades, siendo personal del Grupo PADO de la jefatura Operacional VI, quienes, en la intersecci\u00f3n con calle Burlich avistan al citado autom\u00f3vil, logr\u00e1ndose detener a su conductor, trat\u00e1ndose de un hombre de 39 a\u00f1os de edad (antecedentes por tenencia de estupefacientes, rapi\u00f1a y hurto) incaut\u00e1ndose una pistola 9mm. y m\u00e1s de 50 municiones del mismo calibre, estableci\u00e9ndose que el auto en que viajaba se encontraba requerido por hurto el pasado 3 de los corrientes en Jurisdicci\u00f3n de la Seccional 15 de Montevideo. <\/p>\n\n\n\n<p>El procedimiento se encuentra a cargo la Fiscal de 3er. Turno Dra. Falcomer<\/p>\n","protected":false},"excerpt":{"rendered":"<p>De J.P.C. De acuerdo a comunicado telef\u00f3nico, personal de la Seccional 18, concurrieron a calle&#8230;<\/p>\n","protected":false},"author":1,"featured_media":2332,"comment_status":"open","ping_status":"open","sticky":false,"template":"","format":"standard","meta":{"_monsterinsights_skip_tracking":false,"_monsterinsights_sitenote_active":false,"_monsterinsights_sitenote_note":"","_monsterinsights_sitenote_category":0,"footnotes":""},"categories":[11],"tags":[],"class_list":["post-2331","post","type-post","status-publish","format-standard","has-post-thumbnail","hentry","category-noticia-destacada"],"featured_image_urls":{"full":["https:\/\/diariotiempo.com.uy\/noticias\/wp-content\/uploads\/2021\/10\/1-12.jpg",460,264,false],"thumbnail":["https:\/\/diariotiempo.com.uy\/noticias\/wp-content\/uploads\/2021\/10\/1-12-150x150.jpg",150,150,true],"medium":["https:\/\/diariotiempo.com.uy\/noticias\/wp-content\/uploads\/2021\/10\/1-12-300x172.jpg",300,172,true],"medium_large":["https:\/\/diariotiempo.com.uy\/noticias\/wp-content\/uploads\/2021\/10\/1-12.jpg",460,264,false],"large":["https:\/\/diariotiempo.com.uy\/noticias\/wp-content\/uploads\/2021\/10\/1-12.jpg",460,264,false],"rpg_gallery_admin_thumb":["https:\/\/diariotiempo.com.uy\/noticias\/wp-content\/uploads\/2021\/10\/1-12.jpg",150,86,false],"rpg_gallery_thumb":["https:\/\/diariotiempo.com.uy\/noticias\/wp-content\/uploads\/2021\/10\/1-12.jpg",150,86,false],"1536x1536":["https:\/\/diariotiempo.com.uy\/noticias\/wp-content\/uploads\/2021\/10\/1-12.jpg",460,264,false],"2048x2048":["https:\/\/diariotiempo.com.uy\/noticias\/wp-content\/uploads\/2021\/10\/1-12.jpg",460,264,false],"covernews-slider-full":["https:\/\/diariotiempo.com.uy\/noticias\/wp-content\/uploads\/2021\/10\/1-12.jpg",460,264,false],"covernews-slider-center":["https:\/\/diariotiempo.com.uy\/noticias\/wp-content\/uploads\/2021\/10\/1-12.jpg",460,264,false],"covernews-featured":["https:\/\/diariotiempo.com.uy\/noticias\/wp-content\/uploads\/2021\/10\/1-12.jpg",460,264,false],"covernews-medium":["https:\/\/diariotiempo.com.uy\/noticias\/wp-content\/uploads\/2021\/10\/1-12.jpg",460,264,false],"covernews-medium-square":["https:\/\/diariotiempo.com.uy\/noticias\/wp-content\/uploads\/2021\/10\/1-12-400x250.jpg",400,250,true]},"author_info":{"display_name":"diario","author_link":"https:\/\/diariotiempo.com.uy\/noticias\/author\/diario\/"},"category_info":"<a href=\"https:\/\/diariotiempo.com.uy\/noticias\/category\/noticia-destacada\/\" rel=\"category tag\">NOTICIA DESTACADA<\/a>","tag_info":"NOTICIA DESTACADA","comment_count":"0","_links":{"self":[{"href":"https:\/\/diariotiempo.com.uy\/noticias\/wp-json\/wp\/v2\/posts\/2331","targetHints":{"allow":["GET"]}}],"collection":[{"href":"https:\/\/diariotiempo.com.uy\/noticias\/wp-json\/wp\/v2\/posts"}],"about":[{"href":"https:\/\/diariotiempo.com.uy\/noticias\/wp-json\/wp\/v2\/types\/post"}],"author":[{"embeddable":true,"href":"https:\/\/diariotiempo.com.uy\/noticias\/wp-json\/wp\/v2\/users\/1"}],"replies":[{"embeddable":true,"href":"https:\/\/diariotiempo.com.uy\/noticias\/wp-json\/wp\/v2\/comments?post=2331"}],"version-history":[{"count":1,"href":"https:\/\/diariotiempo.com.uy\/noticias\/wp-json\/wp\/v2\/posts\/2331\/revisions"}],"predecessor-version":[{"id":2333,"href":"https:\/\/diariotiempo.com.uy\/noticias\/wp-json\/wp\/v2\/posts\/2331\/revisions\/2333"}],"wp:featuredmedia":[{"embeddable":true,"href":"https:\/\/diariotiempo.com.uy\/noticias\/wp-json\/wp\/v2\/media\/2332"}],"wp:attachment":[{"href":"https:\/\/diariotiempo.com.uy\/noticias\/wp-json\/wp\/v2\/media?parent=2331"}],"wp:term":[{"taxonomy":"category","embeddable":true,"href":"https:\/\/diariotiempo.com.uy\/noticias\/wp-json\/wp\/v2\/categories?post=2331"},{"taxonomy":"post_tag","embeddable":true,"href":"https:\/\/diariotiempo.com.uy\/noticias\/wp-json\/wp\/v2\/tags?post=2331"}],"curies":[{"name":"wp","href":"https:\/\/api.w.org\/{rel}","templated":true}]}}