{"id":2501,"date":"2021-11-09T14:36:29","date_gmt":"2021-11-09T14:36:29","guid":{"rendered":"https:\/\/diariotiempo.com.uy\/noticias\/?p=2501"},"modified":"2021-11-09T14:36:30","modified_gmt":"2021-11-09T14:36:30","slug":"brou-habilito-los-prestamos-especiales-de-fin-de-ano-para-jubilados-a-traves-de-ebrou","status":"publish","type":"post","link":"https:\/\/diariotiempo.com.uy\/noticias\/2021\/11\/09\/brou-habilito-los-prestamos-especiales-de-fin-de-ano-para-jubilados-a-traves-de-ebrou\/","title":{"rendered":"Brou habilit\u00f3 los pr\u00e9stamos especiales de fin de a\u00f1o para jubilados a trav\u00e9s de eBrou"},"content":{"rendered":"\n<figure class=\"wp-block-image size-full\"><img loading=\"lazy\" decoding=\"async\" width=\"800\" height=\"445\" src=\"https:\/\/diariotiempo.com.uy\/noticias\/wp-content\/uploads\/2021\/11\/brou.jpg\" alt=\"\" class=\"wp-image-2502\" srcset=\"https:\/\/diariotiempo.com.uy\/noticias\/wp-content\/uploads\/2021\/11\/brou.jpg 800w, https:\/\/diariotiempo.com.uy\/noticias\/wp-content\/uploads\/2021\/11\/brou-300x167.jpg 300w, https:\/\/diariotiempo.com.uy\/noticias\/wp-content\/uploads\/2021\/11\/brou-768x427.jpg 768w\" sizes=\"auto, (max-width: 800px) 100vw, 800px\" \/><\/figure>\n\n\n\n<p>A partir del 17 de noviembre los que cobran su pasividad a trav\u00e9s del banco podr\u00e1n hacer los tr\u00e1mites de manera presencial en cualquier sucursal.<\/p>\n\n\n\n<p>El Banco Rep\u00fablica (Brou) inform\u00f3 v\u00eda la red social Twitter que a partir de este s\u00e1bado 6 de noviembre volvieron a estar habilitados por eBrou los pr\u00e9stamos especiales para jubilados, con tasas m\u00e1s bajas, plazos extendidos y que se acredita al instante.<\/p>\n\n\n\n<p>A su vez, se comunic\u00f3 que los pasivos que cobran a trav\u00e9s de la instituci\u00f3n bancaria se podr\u00e1n concurrir a cualquier sucursal del Brou desde el mi\u00e9rcoles 17 de noviembre, fecha en la que se ofrecer\u00e1 horario extendido de 9 a 12 horas y de 13 a 18 horas.<\/p>\n\n\n\n<p>Para lo solicitud del pr\u00e9stamo, el banco dividi\u00f3 a los que deseen realizar el tr\u00e1mite de manera presencial por el \u00faltimo n\u00famero de la c\u00e9dula (despu\u00e9s del guion).<br>Advertisement<\/p>\n\n\n\n<p>Los que cobran su jubilaci\u00f3n por el Brou el \u00faltimo d\u00edgito sea 0 y 1 deber\u00e1n concurrir el mi\u00e9rcoles 17; 2 y 3 el jueves 18; 4 y 5 viernes 18; 6 y 7 el lunes 22; 8 y 9 el martes 23.<\/p>\n\n\n\n<p>En tanto, los que no perciban su pasividad a trav\u00e9s de la instituci\u00f3n estatal deber\u00e1n concurrir a partir del mi\u00e9rcoles 24 de noviembre: d\u00edgitos 0 y 1 el mi\u00e9rcoles 24, d\u00edgitos 2 y 3 el jueves 25, d\u00edgitos 4 y 5 el viernes 26, d\u00edgitos 6 y 7 el lunes 29 y d\u00edgitos 8 y 9 el martes 30.<\/p>\n\n\n\n<p>\u201cSi tu jubilaci\u00f3n o pensi\u00f3n es menor a $30.000 nominales, tambi\u00e9n pod\u00e9s pedirlo v\u00eda telef\u00f3nica de lunes a viernes de 10 a 19 horas, o por WhatsApp al 2 1996 000 a partir del mi\u00e9rcoles 17 de noviembre\u201d, inform\u00f3 el Brou, que adem\u00e1s agreg\u00f3 que en diciembre habr\u00e1 otro per\u00edodo para pedir el pr\u00e9stamo.<\/p>\n","protected":false},"excerpt":{"rendered":"<p>A partir del 17 de noviembre los que cobran su pasividad a trav\u00e9s del banco&#8230;<\/p>\n","protected":false},"author":1,"featured_media":2502,"comment_status":"open","ping_status":"open","sticky":false,"template":"","format":"standard","meta":{"_monsterinsights_skip_tracking":false,"_monsterinsights_sitenote_active":false,"_monsterinsights_sitenote_note":"","_monsterinsights_sitenote_category":0,"footnotes":""},"categories":[79],"tags":[],"class_list":["post-2501","post","type-post","status-publish","format-standard","has-post-thumbnail","hentry","category-nacionales"],"featured_image_urls":{"full":["https:\/\/diariotiempo.com.uy\/noticias\/wp-content\/uploads\/2021\/11\/brou.jpg",800,445,false],"thumbnail":["https:\/\/diariotiempo.com.uy\/noticias\/wp-content\/uploads\/2021\/11\/brou-150x150.jpg",150,150,true],"medium":["https:\/\/diariotiempo.com.uy\/noticias\/wp-content\/uploads\/2021\/11\/brou-300x167.jpg",300,167,true],"medium_large":["https:\/\/diariotiempo.com.uy\/noticias\/wp-content\/uploads\/2021\/11\/brou-768x427.jpg",640,356,true],"large":["https:\/\/diariotiempo.com.uy\/noticias\/wp-content\/uploads\/2021\/11\/brou.jpg",640,356,false],"rpg_gallery_admin_thumb":["https:\/\/diariotiempo.com.uy\/noticias\/wp-content\/uploads\/2021\/11\/brou.jpg",150,83,false],"rpg_gallery_thumb":["https:\/\/diariotiempo.com.uy\/noticias\/wp-content\/uploads\/2021\/11\/brou.jpg",150,83,false],"1536x1536":["https:\/\/diariotiempo.com.uy\/noticias\/wp-content\/uploads\/2021\/11\/brou.jpg",800,445,false],"2048x2048":["https:\/\/diariotiempo.com.uy\/noticias\/wp-content\/uploads\/2021\/11\/brou.jpg",800,445,false],"covernews-slider-full":["https:\/\/diariotiempo.com.uy\/noticias\/wp-content\/uploads\/2021\/11\/brou.jpg",800,445,false],"covernews-slider-center":["https:\/\/diariotiempo.com.uy\/noticias\/wp-content\/uploads\/2021\/11\/brou.jpg",800,445,false],"covernews-featured":["https:\/\/diariotiempo.com.uy\/noticias\/wp-content\/uploads\/2021\/11\/brou.jpg",800,445,false],"covernews-medium":["https:\/\/diariotiempo.com.uy\/noticias\/wp-content\/uploads\/2021\/11\/brou-540x340.jpg",540,340,true],"covernews-medium-square":["https:\/\/diariotiempo.com.uy\/noticias\/wp-content\/uploads\/2021\/11\/brou-400x250.jpg",400,250,true]},"author_info":{"display_name":"diario","author_link":"https:\/\/diariotiempo.com.uy\/noticias\/author\/diario\/"},"category_info":"<a href=\"https:\/\/diariotiempo.com.uy\/noticias\/category\/nacionales\/\" rel=\"category tag\">NACIONALES<\/a>","tag_info":"NACIONALES","comment_count":"0","_links":{"self":[{"href":"https:\/\/diariotiempo.com.uy\/noticias\/wp-json\/wp\/v2\/posts\/2501","targetHints":{"allow":["GET"]}}],"collection":[{"href":"https:\/\/diariotiempo.com.uy\/noticias\/wp-json\/wp\/v2\/posts"}],"about":[{"href":"https:\/\/diariotiempo.com.uy\/noticias\/wp-json\/wp\/v2\/types\/post"}],"author":[{"embeddable":true,"href":"https:\/\/diariotiempo.com.uy\/noticias\/wp-json\/wp\/v2\/users\/1"}],"replies":[{"embeddable":true,"href":"https:\/\/diariotiempo.com.uy\/noticias\/wp-json\/wp\/v2\/comments?post=2501"}],"version-history":[{"count":1,"href":"https:\/\/diariotiempo.com.uy\/noticias\/wp-json\/wp\/v2\/posts\/2501\/revisions"}],"predecessor-version":[{"id":2503,"href":"https:\/\/diariotiempo.com.uy\/noticias\/wp-json\/wp\/v2\/posts\/2501\/revisions\/2503"}],"wp:featuredmedia":[{"embeddable":true,"href":"https:\/\/diariotiempo.com.uy\/noticias\/wp-json\/wp\/v2\/media\/2502"}],"wp:attachment":[{"href":"https:\/\/diariotiempo.com.uy\/noticias\/wp-json\/wp\/v2\/media?parent=2501"}],"wp:term":[{"taxonomy":"category","embeddable":true,"href":"https:\/\/diariotiempo.com.uy\/noticias\/wp-json\/wp\/v2\/categories?post=2501"},{"taxonomy":"post_tag","embeddable":true,"href":"https:\/\/diariotiempo.com.uy\/noticias\/wp-json\/wp\/v2\/tags?post=2501"}],"curies":[{"name":"wp","href":"https:\/\/api.w.org\/{rel}","templated":true}]}}