{"id":2591,"date":"2021-11-12T15:26:56","date_gmt":"2021-11-12T15:26:56","guid":{"rendered":"https:\/\/diariotiempo.com.uy\/noticias\/?p=2591"},"modified":"2021-11-12T15:26:58","modified_gmt":"2021-11-12T15:26:58","slug":"saucena-tatiana-carlini-de-13-anos-subio-al-podio-en-el-campeonato-nacional-de-atletismo-sub-16","status":"publish","type":"post","link":"https:\/\/diariotiempo.com.uy\/noticias\/2021\/11\/12\/saucena-tatiana-carlini-de-13-anos-subio-al-podio-en-el-campeonato-nacional-de-atletismo-sub-16\/","title":{"rendered":"Sauce\u00f1a Tatiana Carlini de 13 a\u00f1os subi\u00f3 al podio en el Campeonato Nacional de Atletismo Sub 16"},"content":{"rendered":"\n<div class=\"wp-block-image\"><figure class=\"aligncenter size-large\"><img loading=\"lazy\" decoding=\"async\" width=\"768\" height=\"1024\" src=\"https:\/\/diariotiempo.com.uy\/noticias\/wp-content\/uploads\/2021\/11\/7-768x1024.jpg\" alt=\"\" class=\"wp-image-2592\" srcset=\"https:\/\/diariotiempo.com.uy\/noticias\/wp-content\/uploads\/2021\/11\/7-768x1024.jpg 768w, https:\/\/diariotiempo.com.uy\/noticias\/wp-content\/uploads\/2021\/11\/7-225x300.jpg 225w, https:\/\/diariotiempo.com.uy\/noticias\/wp-content\/uploads\/2021\/11\/7.jpg 800w\" sizes=\"auto, (max-width: 768px) 100vw, 768px\" \/><\/figure><\/div>\n\n\n\n<p>La joven atleta sauce\u00f1a Tatiana Carlini de13 a\u00f1os tuvo una muy destacada actuaci\u00f3n compitiendo el pasado s\u00e1bado 6 en el Campeonato Nacional de Atletismo Sub 16 en la ciudad de Paysand\u00fa representando a Canelones.<br>Logr\u00f3 un 3er lugar en 300 Metros con vallas, 4ta. en Salto Alto, y 6to lugar en 2000 metros.<\/p>\n\n\n\n<p>Desde el Municipio de Sauce expresan \u00abnos alegramos enormemente con los logros obtenidos por dicha joven promesa local, as\u00ed como el haber contribuido humildemente a ello, y alentamos a seguir fomentando la participaci\u00f3n de j\u00f3venes talentos locales en los distintos \u00e1mbitos culturales y deportivos, para quienes este Municipio siempre estar\u00e1 dispuesto a ayudar y apoyar\u00bb.<\/p>\n","protected":false},"excerpt":{"rendered":"<p>La joven atleta sauce\u00f1a Tatiana Carlini de13 a\u00f1os tuvo una muy destacada actuaci\u00f3n compitiendo el&#8230;<\/p>\n","protected":false},"author":1,"featured_media":2592,"comment_status":"open","ping_status":"open","sticky":false,"template":"","format":"standard","meta":{"_monsterinsights_skip_tracking":false,"_monsterinsights_sitenote_active":false,"_monsterinsights_sitenote_note":"","_monsterinsights_sitenote_category":0,"footnotes":""},"categories":[8],"tags":[],"class_list":["post-2591","post","type-post","status-publish","format-standard","has-post-thumbnail","hentry","category-deporte"],"featured_image_urls":{"full":["https:\/\/diariotiempo.com.uy\/noticias\/wp-content\/uploads\/2021\/11\/7.jpg",800,1067,false],"thumbnail":["https:\/\/diariotiempo.com.uy\/noticias\/wp-content\/uploads\/2021\/11\/7-150x150.jpg",150,150,true],"medium":["https:\/\/diariotiempo.com.uy\/noticias\/wp-content\/uploads\/2021\/11\/7-225x300.jpg",225,300,true],"medium_large":["https:\/\/diariotiempo.com.uy\/noticias\/wp-content\/uploads\/2021\/11\/7-768x1024.jpg",640,853,true],"large":["https:\/\/diariotiempo.com.uy\/noticias\/wp-content\/uploads\/2021\/11\/7-768x1024.jpg",640,853,true],"rpg_gallery_admin_thumb":["https:\/\/diariotiempo.com.uy\/noticias\/wp-content\/uploads\/2021\/11\/7.jpg",112,150,false],"rpg_gallery_thumb":["https:\/\/diariotiempo.com.uy\/noticias\/wp-content\/uploads\/2021\/11\/7.jpg",112,150,false],"1536x1536":["https:\/\/diariotiempo.com.uy\/noticias\/wp-content\/uploads\/2021\/11\/7.jpg",800,1067,false],"2048x2048":["https:\/\/diariotiempo.com.uy\/noticias\/wp-content\/uploads\/2021\/11\/7.jpg",800,1067,false],"covernews-slider-full":["https:\/\/diariotiempo.com.uy\/noticias\/wp-content\/uploads\/2021\/11\/7-800x715.jpg",800,715,true],"covernews-slider-center":["https:\/\/diariotiempo.com.uy\/noticias\/wp-content\/uploads\/2021\/11\/7-800x500.jpg",800,500,true],"covernews-featured":["https:\/\/diariotiempo.com.uy\/noticias\/wp-content\/uploads\/2021\/11\/7.jpg",800,1067,false],"covernews-medium":["https:\/\/diariotiempo.com.uy\/noticias\/wp-content\/uploads\/2021\/11\/7-540x340.jpg",540,340,true],"covernews-medium-square":["https:\/\/diariotiempo.com.uy\/noticias\/wp-content\/uploads\/2021\/11\/7-400x250.jpg",400,250,true]},"author_info":{"display_name":"diario","author_link":"https:\/\/diariotiempo.com.uy\/noticias\/author\/diario\/"},"category_info":"<a href=\"https:\/\/diariotiempo.com.uy\/noticias\/category\/deporte\/\" rel=\"category tag\">DEPORTE<\/a>","tag_info":"DEPORTE","comment_count":"0","_links":{"self":[{"href":"https:\/\/diariotiempo.com.uy\/noticias\/wp-json\/wp\/v2\/posts\/2591","targetHints":{"allow":["GET"]}}],"collection":[{"href":"https:\/\/diariotiempo.com.uy\/noticias\/wp-json\/wp\/v2\/posts"}],"about":[{"href":"https:\/\/diariotiempo.com.uy\/noticias\/wp-json\/wp\/v2\/types\/post"}],"author":[{"embeddable":true,"href":"https:\/\/diariotiempo.com.uy\/noticias\/wp-json\/wp\/v2\/users\/1"}],"replies":[{"embeddable":true,"href":"https:\/\/diariotiempo.com.uy\/noticias\/wp-json\/wp\/v2\/comments?post=2591"}],"version-history":[{"count":1,"href":"https:\/\/diariotiempo.com.uy\/noticias\/wp-json\/wp\/v2\/posts\/2591\/revisions"}],"predecessor-version":[{"id":2593,"href":"https:\/\/diariotiempo.com.uy\/noticias\/wp-json\/wp\/v2\/posts\/2591\/revisions\/2593"}],"wp:featuredmedia":[{"embeddable":true,"href":"https:\/\/diariotiempo.com.uy\/noticias\/wp-json\/wp\/v2\/media\/2592"}],"wp:attachment":[{"href":"https:\/\/diariotiempo.com.uy\/noticias\/wp-json\/wp\/v2\/media?parent=2591"}],"wp:term":[{"taxonomy":"category","embeddable":true,"href":"https:\/\/diariotiempo.com.uy\/noticias\/wp-json\/wp\/v2\/categories?post=2591"},{"taxonomy":"post_tag","embeddable":true,"href":"https:\/\/diariotiempo.com.uy\/noticias\/wp-json\/wp\/v2\/tags?post=2591"}],"curies":[{"name":"wp","href":"https:\/\/api.w.org\/{rel}","templated":true}]}}