{"id":3302,"date":"2021-12-30T14:08:56","date_gmt":"2021-12-30T14:08:56","guid":{"rendered":"https:\/\/diariotiempo.com.uy\/noticias\/?p=3302"},"modified":"2021-12-30T14:08:57","modified_gmt":"2021-12-30T14:08:57","slug":"ganaderia-declara-emergencia-agropecuaria-ante-sequia-en-el-territorio-nacional","status":"publish","type":"post","link":"https:\/\/diariotiempo.com.uy\/noticias\/2021\/12\/30\/ganaderia-declara-emergencia-agropecuaria-ante-sequia-en-el-territorio-nacional\/","title":{"rendered":"Ganader\u00eda declara emergencia agropecuaria ante sequ\u00eda en el territorio nacional"},"content":{"rendered":"\n<figure class=\"wp-block-image size-full\"><img loading=\"lazy\" decoding=\"async\" width=\"800\" height=\"471\" src=\"https:\/\/diariotiempo.com.uy\/noticias\/wp-content\/uploads\/2021\/12\/6-5.jpg\" alt=\"\" class=\"wp-image-3303\" srcset=\"https:\/\/diariotiempo.com.uy\/noticias\/wp-content\/uploads\/2021\/12\/6-5.jpg 800w, https:\/\/diariotiempo.com.uy\/noticias\/wp-content\/uploads\/2021\/12\/6-5-300x177.jpg 300w, https:\/\/diariotiempo.com.uy\/noticias\/wp-content\/uploads\/2021\/12\/6-5-768x452.jpg 768w\" sizes=\"auto, (max-width: 800px) 100vw, 800px\" \/><\/figure>\n\n\n\n<p>\u201dEs un hecho que se declarar\u00e1 ma\u00f1ana la emergencia agropecuaria\u201d, anunci\u00f3 el ministro de Ganader\u00eda, Agricultura y Pesca, Fernando Mattos, tras el Consejo de Ministros del mi\u00e9rcoles 29. A\u00fan no se encuentran definidas las seccionales que comprender\u00e1 el decreto, pero se incluir\u00eda a unos cinco departamentos afectados. Se prev\u00e9n transferencias de fondos y l\u00edneas de cr\u00e9dito, entre otras medidas para atender la situaci\u00f3n.<\/p>\n\n\n\n<p>Luego de reunirse con el Comit\u00e9 Agropecuario de Emergencia y exponer la situaci\u00f3n en el Consejo de Ministros, Mattos afirm\u00f3 en rueda de prensa que el d\u00e9ficit h\u00eddrico es una situaci\u00f3n generalizada en todo el territorio nacional. Por eso, el Ejecutivo se dispone a declarar la emergencia agropecuaria por decreto en las pr\u00f3ximas horas, adelant\u00f3.<br>El ministro record\u00f3 que en 2020 fue decretada en diciembre y afect\u00f3 a unas 10 millones de hect\u00e1reas. Sin embargo, declar\u00f3 que en este momento las zonas en cuesti\u00f3n no alcanzan esa cifra, pero que el pa\u00eds se encuentra ante un hecho din\u00e1mico, que puede variar. Los departamentos con mayores dificultades son Paysand\u00fa, R\u00edo Negro, Durazno y Florida.<br>Las medidas se impulsar\u00e1n mediante el Fondo Agropecuario de Emergencia (FAE), por diferentes v\u00edas, entre ellas, las intendencias departamentales. En ese sentido, Mattos inform\u00f3 que este jueves 30 habr\u00e1 una reuni\u00f3n con la Mesa del Congreso de Intendentes para coordinar acciones y transferir fondos, a fin de concretar extracci\u00f3n de aguas subterr\u00e1neas y limpieza de tajamares.<\/p>\n\n\n\n<p>Por otro lado, el Ministerio de Ganader\u00eda realiza gestiones ante el Banco de la Rep\u00fablica Oriental del Uruguay (BROU) para disponer de l\u00edneas de cr\u00e9dito, medida implementada tambi\u00e9n en 2020, y que demostr\u00f3 efectividad, seg\u00fan consider\u00f3. Desde el fondo agropecuario se ayudar\u00e1 a los productores m\u00e1s peque\u00f1os que no cuenten con capacidad de obtener cr\u00e9ditos a trav\u00e9s del sistema financiero.<\/p>\n\n\n\n<p>Asimismo, se extender\u00e1 a todo el pa\u00eds, con excepci\u00f3n de Montevideo, la medida de pastoreo en espacios p\u00fablicos, para lo que se deber\u00e1 cumplir con una serie de condiciones, se\u00f1al\u00f3 Mattos.<br>A\u00f1adi\u00f3 que los sectores productivos m\u00e1s afectados son el ganadero y el agr\u00edcola. La producci\u00f3n de carne, lana y leche fueron impactadas por la sequ\u00eda en los campos con menor capacidad de almacenamiento de agua. Adem\u00e1s, los cultivos, como el ma\u00edz, est\u00e1n en fase cr\u00edtica, coment\u00f3.<\/p>\n\n\n\n<p>Finalmente, el jerarca confirm\u00f3 que, por estas horas, hay familias residentes en el \u00e1mbito rural que est\u00e1n sin servicio de agua potable. Los gobiernos departamentales y OSE llevan adelante acciones de contingencia para estos casos, explic\u00f3.<\/p>\n","protected":false},"excerpt":{"rendered":"<p>\u201dEs un hecho que se declarar\u00e1 ma\u00f1ana la emergencia agropecuaria\u201d, anunci\u00f3 el ministro de Ganader\u00eda,&#8230;<\/p>\n","protected":false},"author":1,"featured_media":3303,"comment_status":"open","ping_status":"open","sticky":false,"template":"","format":"standard","meta":{"_monsterinsights_skip_tracking":false,"_monsterinsights_sitenote_active":false,"_monsterinsights_sitenote_note":"","_monsterinsights_sitenote_category":0,"footnotes":""},"categories":[79],"tags":[],"class_list":["post-3302","post","type-post","status-publish","format-standard","has-post-thumbnail","hentry","category-nacionales"],"featured_image_urls":{"full":["https:\/\/diariotiempo.com.uy\/noticias\/wp-content\/uploads\/2021\/12\/6-5.jpg",800,471,false],"thumbnail":["https:\/\/diariotiempo.com.uy\/noticias\/wp-content\/uploads\/2021\/12\/6-5-150x150.jpg",150,150,true],"medium":["https:\/\/diariotiempo.com.uy\/noticias\/wp-content\/uploads\/2021\/12\/6-5-300x177.jpg",300,177,true],"medium_large":["https:\/\/diariotiempo.com.uy\/noticias\/wp-content\/uploads\/2021\/12\/6-5-768x452.jpg",640,377,true],"large":["https:\/\/diariotiempo.com.uy\/noticias\/wp-content\/uploads\/2021\/12\/6-5.jpg",640,377,false],"rpg_gallery_admin_thumb":["https:\/\/diariotiempo.com.uy\/noticias\/wp-content\/uploads\/2021\/12\/6-5.jpg",150,88,false],"rpg_gallery_thumb":["https:\/\/diariotiempo.com.uy\/noticias\/wp-content\/uploads\/2021\/12\/6-5.jpg",150,88,false],"1536x1536":["https:\/\/diariotiempo.com.uy\/noticias\/wp-content\/uploads\/2021\/12\/6-5.jpg",800,471,false],"2048x2048":["https:\/\/diariotiempo.com.uy\/noticias\/wp-content\/uploads\/2021\/12\/6-5.jpg",800,471,false],"covernews-slider-full":["https:\/\/diariotiempo.com.uy\/noticias\/wp-content\/uploads\/2021\/12\/6-5.jpg",800,471,false],"covernews-slider-center":["https:\/\/diariotiempo.com.uy\/noticias\/wp-content\/uploads\/2021\/12\/6-5.jpg",800,471,false],"covernews-featured":["https:\/\/diariotiempo.com.uy\/noticias\/wp-content\/uploads\/2021\/12\/6-5.jpg",800,471,false],"covernews-medium":["https:\/\/diariotiempo.com.uy\/noticias\/wp-content\/uploads\/2021\/12\/6-5-540x340.jpg",540,340,true],"covernews-medium-square":["https:\/\/diariotiempo.com.uy\/noticias\/wp-content\/uploads\/2021\/12\/6-5-400x250.jpg",400,250,true]},"author_info":{"display_name":"diario","author_link":"https:\/\/diariotiempo.com.uy\/noticias\/author\/diario\/"},"category_info":"<a href=\"https:\/\/diariotiempo.com.uy\/noticias\/category\/nacionales\/\" rel=\"category tag\">NACIONALES<\/a>","tag_info":"NACIONALES","comment_count":"0","_links":{"self":[{"href":"https:\/\/diariotiempo.com.uy\/noticias\/wp-json\/wp\/v2\/posts\/3302","targetHints":{"allow":["GET"]}}],"collection":[{"href":"https:\/\/diariotiempo.com.uy\/noticias\/wp-json\/wp\/v2\/posts"}],"about":[{"href":"https:\/\/diariotiempo.com.uy\/noticias\/wp-json\/wp\/v2\/types\/post"}],"author":[{"embeddable":true,"href":"https:\/\/diariotiempo.com.uy\/noticias\/wp-json\/wp\/v2\/users\/1"}],"replies":[{"embeddable":true,"href":"https:\/\/diariotiempo.com.uy\/noticias\/wp-json\/wp\/v2\/comments?post=3302"}],"version-history":[{"count":1,"href":"https:\/\/diariotiempo.com.uy\/noticias\/wp-json\/wp\/v2\/posts\/3302\/revisions"}],"predecessor-version":[{"id":3304,"href":"https:\/\/diariotiempo.com.uy\/noticias\/wp-json\/wp\/v2\/posts\/3302\/revisions\/3304"}],"wp:featuredmedia":[{"embeddable":true,"href":"https:\/\/diariotiempo.com.uy\/noticias\/wp-json\/wp\/v2\/media\/3303"}],"wp:attachment":[{"href":"https:\/\/diariotiempo.com.uy\/noticias\/wp-json\/wp\/v2\/media?parent=3302"}],"wp:term":[{"taxonomy":"category","embeddable":true,"href":"https:\/\/diariotiempo.com.uy\/noticias\/wp-json\/wp\/v2\/categories?post=3302"},{"taxonomy":"post_tag","embeddable":true,"href":"https:\/\/diariotiempo.com.uy\/noticias\/wp-json\/wp\/v2\/tags?post=3302"}],"curies":[{"name":"wp","href":"https:\/\/api.w.org\/{rel}","templated":true}]}}