{"id":3305,"date":"2021-12-30T14:10:32","date_gmt":"2021-12-30T14:10:32","guid":{"rendered":"https:\/\/diariotiempo.com.uy\/noticias\/?p=3305"},"modified":"2021-12-30T14:10:33","modified_gmt":"2021-12-30T14:10:33","slug":"derechos-desalojo-y-autoridad","status":"publish","type":"post","link":"https:\/\/diariotiempo.com.uy\/noticias\/2021\/12\/30\/derechos-desalojo-y-autoridad\/","title":{"rendered":"DERECHOS, DESALOJO y AUTORIDAD"},"content":{"rendered":"\n<p>A nadie escapa que, el piquete dispuesto por sindicalistas del transporte de cargas en una de las entradas al Puerto de Montevideo, busc\u00f3 generar una suerte de \u201cpulseada\u201d con las autoridades p\u00fablicas, que tiene como claro trasfondo pol\u00edtico, las disposiciones que se pretenden derogar de la Ley de Urgente Consideraci\u00f3n. Pretenden desconocer el orden jur\u00eddico vigente y avasallar los derechos de otras personas a la libre circulaci\u00f3n y a ingresar a trabajar, como si \u201csu derecho\u201d estuviera por encima de los dem\u00e1s. Desconocen acaso el art\u00edculo 468 de la Ley de Urgente Consideraci\u00f3n, que con meridiana claridad declara ileg\u00edtimos este tipo de piquetes (que impidan la libre circulaci\u00f3n de personas, bienes o servicios, tanto en espacios p\u00fablicos como en espacios privados de uso p\u00fablico). Y el desalojo de esos sindicalistas, debe ser realizado por la Polic\u00eda, quien detenta leg\u00edtimamente el poder de coerci\u00f3n del Estado en cumplimiento de las \u00f3rdenes que jer\u00e1rquicamente se les impartan. Todo est\u00e1 reglado. <\/p>\n\n\n\n<p>En el caso que nos ocupa, no existi\u00f3 ning\u00fan proceder ileg\u00edtimo de las fuerzas del orden. Claro que en este tipo de procedimientos, existe un alto riesgo de que se produzcan hechos de violencia. Comenzando por la instalaci\u00f3n del propio piquete, que en s\u00ed mismo lo es. Ya que no les asiste derecho alguno a impedir el libre acceso a nuestra principal terminal portuaria, ni menos a tratar de confundir unos derechos con otros. Aqu\u00ed no se trat\u00f3 de limitarles el derecho de huelga, ni menos pretender que existi\u00f3 un avasallamiento a los derechos sindicales. La autoridad p\u00fablica actu\u00f3 en el marco de sus leg\u00edtimas atribuciones, esto es, dentro de la Ley y no se trata aqu\u00ed \u2013como mal intencionadamente pretenden algunos- de interpretar \u201cm\u00e1s flexiblemente\u201d la norma jur\u00eddica, \u201cpara tener un margen de negociaci\u00f3n\u201d. Quienes ese argumento utilizan, son los mismos que aplauden al que dijo que \u201clo pol\u00edtico deb\u00eda estar sobre lo jur\u00eddico\u201d. Las Leyes vigentes son para ser cumplidas y la autoridad existe, para ser ejercida. <\/p>\n\n\n\n<p>Si as\u00ed no fuera, se estar\u00eda yendo contra su propia naturaleza y lisa y llanamente, no ser\u00edan nada. Esto supondr\u00eda una afrenta contra la Institucionalidad democr\u00e1tica y republicana que todos debemos respetar y por sobre todo, cuidar en el Estado de Derecho. El reclamo de los trabajadores por la mejora en sus salarios, podr\u00e1 siempre formularse sin conculcar otros derechos, esto es en los \u00e1mbitos apropiados para hacerlo. El Estado habr\u00e1 de garantizar todos los derechos en este caso, el de manifestarse as\u00ed como el derecho a la libre circulaci\u00f3n de personas, bienes y servicios. <\/p>\n\n\n\n<p>No hubo necesidad de desactivar el ileg\u00edtimo piquete por la fuerza, ni utilizar palos ni armas de fuego, para lograr el desalojo ordenado por Fiscal\u00eda. Se anuncia no obstante por las autoridades del sindicato, que utilizar\u00e1n el mismo m\u00e9todo al tomar nuevas medidas en la salida de camiones de la Planta de La Tablada de ANCAP, esperemos que impere la cordura y busquen otra forma de reclamo, porque la Autoridad p\u00fablica, debe garantizar los derechos de todos, contenidos en la Constituci\u00f3n y en la Ley. Ni m\u00e1s ni menos.<\/p>\n","protected":false},"excerpt":{"rendered":"<p>A nadie escapa que, el piquete dispuesto por sindicalistas del transporte de cargas en una&#8230;<\/p>\n","protected":false},"author":1,"featured_media":0,"comment_status":"open","ping_status":"open","sticky":false,"template":"","format":"standard","meta":{"_monsterinsights_skip_tracking":false,"_monsterinsights_sitenote_active":false,"_monsterinsights_sitenote_note":"","_monsterinsights_sitenote_category":0,"footnotes":""},"categories":[13],"tags":[],"class_list":["post-3305","post","type-post","status-publish","format-standard","hentry","category-articulos-de-opinion"],"featured_image_urls":{"full":"","thumbnail":"","medium":"","medium_large":"","large":"","rpg_gallery_admin_thumb":"","rpg_gallery_thumb":"","1536x1536":"","2048x2048":"","covernews-slider-full":"","covernews-slider-center":"","covernews-featured":"","covernews-medium":"","covernews-medium-square":""},"author_info":{"display_name":"diario","author_link":"https:\/\/diariotiempo.com.uy\/noticias\/author\/diario\/"},"category_info":"<a href=\"https:\/\/diariotiempo.com.uy\/noticias\/category\/opinion\/articulos-de-opinion\/\" rel=\"category tag\">Art\u00edculos de Opini\u00f3n<\/a>","tag_info":"Art\u00edculos de Opini\u00f3n","comment_count":"0","_links":{"self":[{"href":"https:\/\/diariotiempo.com.uy\/noticias\/wp-json\/wp\/v2\/posts\/3305","targetHints":{"allow":["GET"]}}],"collection":[{"href":"https:\/\/diariotiempo.com.uy\/noticias\/wp-json\/wp\/v2\/posts"}],"about":[{"href":"https:\/\/diariotiempo.com.uy\/noticias\/wp-json\/wp\/v2\/types\/post"}],"author":[{"embeddable":true,"href":"https:\/\/diariotiempo.com.uy\/noticias\/wp-json\/wp\/v2\/users\/1"}],"replies":[{"embeddable":true,"href":"https:\/\/diariotiempo.com.uy\/noticias\/wp-json\/wp\/v2\/comments?post=3305"}],"version-history":[{"count":1,"href":"https:\/\/diariotiempo.com.uy\/noticias\/wp-json\/wp\/v2\/posts\/3305\/revisions"}],"predecessor-version":[{"id":3306,"href":"https:\/\/diariotiempo.com.uy\/noticias\/wp-json\/wp\/v2\/posts\/3305\/revisions\/3306"}],"wp:attachment":[{"href":"https:\/\/diariotiempo.com.uy\/noticias\/wp-json\/wp\/v2\/media?parent=3305"}],"wp:term":[{"taxonomy":"category","embeddable":true,"href":"https:\/\/diariotiempo.com.uy\/noticias\/wp-json\/wp\/v2\/categories?post=3305"},{"taxonomy":"post_tag","embeddable":true,"href":"https:\/\/diariotiempo.com.uy\/noticias\/wp-json\/wp\/v2\/tags?post=3305"}],"curies":[{"name":"wp","href":"https:\/\/api.w.org\/{rel}","templated":true}]}}