{"id":3633,"date":"2022-02-04T12:41:06","date_gmt":"2022-02-04T12:41:06","guid":{"rendered":"https:\/\/diariotiempo.com.uy\/noticias\/?p=3633"},"modified":"2022-02-04T12:41:07","modified_gmt":"2022-02-04T12:41:07","slug":"comienza-el-carnaval-canario-con-medidas-sanitarias-en-funcion-de-la-situacion-actual","status":"publish","type":"post","link":"https:\/\/diariotiempo.com.uy\/noticias\/2022\/02\/04\/comienza-el-carnaval-canario-con-medidas-sanitarias-en-funcion-de-la-situacion-actual\/","title":{"rendered":"Comienza el Carnaval Canario con medidas sanitarias en funci\u00f3n de la situaci\u00f3n actual"},"content":{"rendered":"\n<div class=\"wp-block-image\"><figure class=\"aligncenter size-full\"><img loading=\"lazy\" decoding=\"async\" width=\"663\" height=\"368\" src=\"https:\/\/diariotiempo.com.uy\/noticias\/wp-content\/uploads\/2022\/02\/2-3.jpg\" alt=\"\" class=\"wp-image-3634\" srcset=\"https:\/\/diariotiempo.com.uy\/noticias\/wp-content\/uploads\/2022\/02\/2-3.jpg 663w, https:\/\/diariotiempo.com.uy\/noticias\/wp-content\/uploads\/2022\/02\/2-3-300x167.jpg 300w\" sizes=\"auto, (max-width: 663px) 100vw, 663px\" \/><\/figure><\/div>\n\n\n\n<p>Tras analizar la situaci\u00f3n sanitaria que atraviesa el pa\u00eds y ante un nuevo impacto en el aumento de contagios, el Gobierno de Canelones, a trav\u00e9s del \u00c1rea de Carnaval perteneciente a la Direcci\u00f3n General de Cultura, anunci\u00f3 importantes cambios con medidas sanitarias para el desarrollo de las actividades.<\/p>\n\n\n\n<p>El viernes 4 de febrero comienza la tradicional Fiesta de Momo en Canelones. En esta oportunidad los escenarios populares estar\u00e1n instalados en los municipios de Paso Carrasco, Ciudad de la Costa y Nicolich. El Responsable del \u00c1rea de Carnaval del Gobierno de Canelones, Santiago Recalde, inform\u00f3 que las fechas se reprogramaron. \u201cLos Concursos de Llamadas y Escolas do Samba se realizar\u00e1n el 19 y 20 de marzo. El Concurso de Murgas ser\u00e1 en dos etapas, la primera a fines de febrero en la Expo Platea de Atl\u00e1ntida y la Liguilla en el Anfiteatro de Las Piedras el primer fin de semana del marzo\u201d, puntualiz\u00f3.<\/p>\n\n\n\n<p>Recalde se\u00f1al\u00f3 que este a\u00f1o \u201chabr\u00e1 m\u00e1s de 50 escenarios populares que recorrer\u00e1n todos los municipios, donde vecinas y vecinos podr\u00e1n disfrutar de espect\u00e1culos en diferentes barrios con medidas, recomendaciones y mesas sanitarias con alcohol en gel y tapabocas\u201d. Adem\u00e1s, dijo que estos encuentros \u201cson organizados por los municipios y cuentan con el apoyo de la Direcci\u00f3n General de Cultura\u201d, y que, en lo que refiere a la difusi\u00f3n de las posibles suspensiones de los eventos, \u201cse realizar\u00e1n mediante las redes de comunicaci\u00f3n de los municipios y la Direcci\u00f3n de Cultura\u201d.<\/p>\n\n\n\n<p>Medidas del Gobierno de Canelones para el Carnaval 2022<\/p>\n\n\n\n<p>1) Reprogramar los concursos del Carnaval de Canelones, estableciendo que la primera rueda de escenarios se realice entre el 25 y el 28 de febrero. En el mismo sentido, reprogramar los desfiles previstos, con fecha a confirmar.<\/p>\n\n\n\n<p>2) Mantener, en las fechas previstas, la realizaci\u00f3n de los tablados en los distintos municipios de Canelones. Estos representar\u00e1n 50 noches de Carnaval, entre el 4 y el 26 de febrero, contando con las m\u00e1ximas medidas sanitarias.<\/p>\n\n\n\n<p>Estas medidas responden a factores como el alto riesgo sanitario que representa la masividad en los desfiles y la posibilidad de que los elencos no lleguen en condiciones a la competencia o que, de hecho, no tengan la posibilidad de participar del concurso por motivos sanitarios.<\/p>\n","protected":false},"excerpt":{"rendered":"<p>Tras analizar la situaci\u00f3n sanitaria que atraviesa el pa\u00eds y ante un nuevo impacto en&#8230;<\/p>\n","protected":false},"author":1,"featured_media":3634,"comment_status":"open","ping_status":"open","sticky":false,"template":"","format":"standard","meta":{"_monsterinsights_skip_tracking":false,"_monsterinsights_sitenote_active":false,"_monsterinsights_sitenote_note":"","_monsterinsights_sitenote_category":0,"footnotes":""},"categories":[4],"tags":[],"class_list":["post-3633","post","type-post","status-publish","format-standard","has-post-thumbnail","hentry","category-departamental"],"featured_image_urls":{"full":["https:\/\/diariotiempo.com.uy\/noticias\/wp-content\/uploads\/2022\/02\/2-3.jpg",663,368,false],"thumbnail":["https:\/\/diariotiempo.com.uy\/noticias\/wp-content\/uploads\/2022\/02\/2-3-150x150.jpg",150,150,true],"medium":["https:\/\/diariotiempo.com.uy\/noticias\/wp-content\/uploads\/2022\/02\/2-3-300x167.jpg",300,167,true],"medium_large":["https:\/\/diariotiempo.com.uy\/noticias\/wp-content\/uploads\/2022\/02\/2-3.jpg",640,355,false],"large":["https:\/\/diariotiempo.com.uy\/noticias\/wp-content\/uploads\/2022\/02\/2-3.jpg",640,355,false],"rpg_gallery_admin_thumb":["https:\/\/diariotiempo.com.uy\/noticias\/wp-content\/uploads\/2022\/02\/2-3.jpg",150,83,false],"rpg_gallery_thumb":["https:\/\/diariotiempo.com.uy\/noticias\/wp-content\/uploads\/2022\/02\/2-3.jpg",150,83,false],"1536x1536":["https:\/\/diariotiempo.com.uy\/noticias\/wp-content\/uploads\/2022\/02\/2-3.jpg",663,368,false],"2048x2048":["https:\/\/diariotiempo.com.uy\/noticias\/wp-content\/uploads\/2022\/02\/2-3.jpg",663,368,false],"covernews-slider-full":["https:\/\/diariotiempo.com.uy\/noticias\/wp-content\/uploads\/2022\/02\/2-3.jpg",663,368,false],"covernews-slider-center":["https:\/\/diariotiempo.com.uy\/noticias\/wp-content\/uploads\/2022\/02\/2-3.jpg",663,368,false],"covernews-featured":["https:\/\/diariotiempo.com.uy\/noticias\/wp-content\/uploads\/2022\/02\/2-3.jpg",663,368,false],"covernews-medium":["https:\/\/diariotiempo.com.uy\/noticias\/wp-content\/uploads\/2022\/02\/2-3-540x340.jpg",540,340,true],"covernews-medium-square":["https:\/\/diariotiempo.com.uy\/noticias\/wp-content\/uploads\/2022\/02\/2-3-400x250.jpg",400,250,true]},"author_info":{"display_name":"diario","author_link":"https:\/\/diariotiempo.com.uy\/noticias\/author\/diario\/"},"category_info":"<a href=\"https:\/\/diariotiempo.com.uy\/noticias\/category\/departamental\/\" rel=\"category tag\">DEPARTAMENTAL<\/a>","tag_info":"DEPARTAMENTAL","comment_count":"0","_links":{"self":[{"href":"https:\/\/diariotiempo.com.uy\/noticias\/wp-json\/wp\/v2\/posts\/3633","targetHints":{"allow":["GET"]}}],"collection":[{"href":"https:\/\/diariotiempo.com.uy\/noticias\/wp-json\/wp\/v2\/posts"}],"about":[{"href":"https:\/\/diariotiempo.com.uy\/noticias\/wp-json\/wp\/v2\/types\/post"}],"author":[{"embeddable":true,"href":"https:\/\/diariotiempo.com.uy\/noticias\/wp-json\/wp\/v2\/users\/1"}],"replies":[{"embeddable":true,"href":"https:\/\/diariotiempo.com.uy\/noticias\/wp-json\/wp\/v2\/comments?post=3633"}],"version-history":[{"count":1,"href":"https:\/\/diariotiempo.com.uy\/noticias\/wp-json\/wp\/v2\/posts\/3633\/revisions"}],"predecessor-version":[{"id":3635,"href":"https:\/\/diariotiempo.com.uy\/noticias\/wp-json\/wp\/v2\/posts\/3633\/revisions\/3635"}],"wp:featuredmedia":[{"embeddable":true,"href":"https:\/\/diariotiempo.com.uy\/noticias\/wp-json\/wp\/v2\/media\/3634"}],"wp:attachment":[{"href":"https:\/\/diariotiempo.com.uy\/noticias\/wp-json\/wp\/v2\/media?parent=3633"}],"wp:term":[{"taxonomy":"category","embeddable":true,"href":"https:\/\/diariotiempo.com.uy\/noticias\/wp-json\/wp\/v2\/categories?post=3633"},{"taxonomy":"post_tag","embeddable":true,"href":"https:\/\/diariotiempo.com.uy\/noticias\/wp-json\/wp\/v2\/tags?post=3633"}],"curies":[{"name":"wp","href":"https:\/\/api.w.org\/{rel}","templated":true}]}}