{"id":3672,"date":"2022-02-04T13:13:45","date_gmt":"2022-02-04T13:13:45","guid":{"rendered":"https:\/\/diariotiempo.com.uy\/noticias\/?p=3672"},"modified":"2022-02-04T13:13:46","modified_gmt":"2022-02-04T13:13:46","slug":"se-llevo-a-cabo-con-exito-la-segunda-etapa-del-circuito-canario-de-voleibol-de-playa","status":"publish","type":"post","link":"https:\/\/diariotiempo.com.uy\/noticias\/2022\/02\/04\/se-llevo-a-cabo-con-exito-la-segunda-etapa-del-circuito-canario-de-voleibol-de-playa\/","title":{"rendered":"Se llev\u00f3 a cabo con \u00e9xito la Segunda Etapa del Circuito Canario de Voleibol de Playa"},"content":{"rendered":"\n<div class=\"wp-block-image\"><figure class=\"aligncenter size-full\"><img loading=\"lazy\" decoding=\"async\" width=\"800\" height=\"432\" src=\"https:\/\/diariotiempo.com.uy\/noticias\/wp-content\/uploads\/2022\/02\/13.jpg\" alt=\"\" class=\"wp-image-3673\" srcset=\"https:\/\/diariotiempo.com.uy\/noticias\/wp-content\/uploads\/2022\/02\/13.jpg 800w, https:\/\/diariotiempo.com.uy\/noticias\/wp-content\/uploads\/2022\/02\/13-300x162.jpg 300w, https:\/\/diariotiempo.com.uy\/noticias\/wp-content\/uploads\/2022\/02\/13-768x415.jpg 768w\" sizes=\"auto, (max-width: 800px) 100vw, 800px\" \/><\/figure><\/div>\n\n\n\n<p>En una doble jornada de pleno verano, en la playa de Pinamar, se realiz\u00f3 la Segunda Etapa del Circuito Canario de Voleibol de Playa, con la participaci\u00f3n de deportistas de distintas partes del pa\u00eds y de variadas edades.<br>La docente y Coordinadora de Proyectos de Voleibol del Gobierno de Canelones, Marcela Jaume, explic\u00f3 que el Circuito Canario de Voleibol de Playa es un programa que se viene desarrollando desde hace unos a\u00f1os 15 cuando surgi\u00f3 en la zona del r\u00edo Santa Luc\u00eda y luego se fue trasladando hacia la Costa de Oro. \u201cSon tres etapas, donde participan distintas modalidades todo el fin de semana jugando al voleibol. La propuesta tiene formativas, duplas, cuartetas mixtas, newcomb el s\u00e1bado y despu\u00e9s duplas libres femeninas y masculinas el domingo\u201d, afirm\u00f3.<br>Jaume inform\u00f3 que el d\u00eda s\u00e1bado participaron todos los perfiles \u201ctanto sociales como un poco m\u00e1s competitivos y a la vez formativos, que eso es lo importante y lo que venimos un poco potenciando a trav\u00e9s de la Direcci\u00f3n de Deportes\u201d. Asimismo, destac\u00f3 que participan del circuito ni\u00f1as y ni\u00f1os desde los 10 a\u00f1os hasta personas de 70 a\u00f1os, en las distintas modalidades que se desarrollan. En la jornada del domingo participaron duplas femeninas y masculinas que clasifican para el Circuito Nacional de Voleibol, ya que \u201ceste programa est\u00e1 articulado con la Federaci\u00f3n Uruguaya de Voleibol, entonces los primeros en el ranking participan a nivel nacional\u201d.<br>Finalmente, la docente hizo hincapi\u00e9 en que la inscripci\u00f3n al programa \u201ces gratuita, libre y la idea es potenciar el voleibol en todas sus facetas y sus edades\u201d. En este sentido, asegur\u00f3 que hubo una demanda muy importante de inscripci\u00f3n, tanto en las modalidades de duplas, formativas y cuartetas. \u201cQueremos tambi\u00e9n que el jugador o la jugadora del Circuito Canario de Voleibol de Playa participe permanentemente, organizamos un circuito de la temporada y ellos van sumando puntos en cada etapa que participan\u201d, sostuvo, y comunic\u00f3 que la pr\u00f3xima etapa se realizar\u00e1 en el balneario Cuchilla Alta el fin de semana del 12 y 13 de febrero, donde \u201cvan a participar los que ya vienen haci\u00e9ndolo y tambi\u00e9n se pueden inscribir duplas, cuartetas, formativas o newcomb que no hayan podido participar\u201d.<\/p>\n\n\n\n<p>Las modalidades<\/p>\n\n\n\n<p>Una de las novedades del programa para este a\u00f1o es la incorporaci\u00f3n de la modalidad Newcomb, una adaptaci\u00f3n del voleibol para adultos mayores en la que la pelota no se golpea, sino que se atrapa y se lanza por arriba de la red. Los equipos est\u00e1n conformados por seis personas. Jaume dijo que este a\u00f1o participan varios equipos en esta modalidad provenientes de la Costa de Oro y del interior del pa\u00eds. \u201cEs la primera etapa que vamos a realizar y la primera iniciativa que tomamos desde el Newcomb, que va a ir creciendo\u201d, asever\u00f3, y a\u00f1adi\u00f3 que lo mismo sucede con formativas debido a que es la primera etapa que organizan. \u201cEn las cuartetas mixtas \u2013que se juegan de a cuatro\u2013, ya venimos organiz\u00e1ndolo hace much\u00edsimos a\u00f1os, ah\u00ed participan a nivel nacional, vienen de Minas, de Maldonado, desde Florida\u201d, puntualiz\u00f3.<\/p>\n\n\n\n<p>El testimonio de los jugadores y las jugadoras<\/p>\n\n\n\n<p>De la segunda etapa del circuito formaron parte jugadores y jugadoras de diversas edades, desde los m\u00e1s j\u00f3venes, con 10 a\u00f1os, hasta personas con 60 o 70 a\u00f1os. En esta fecha tambi\u00e9n se dieron cita en la playa de Pinamar diferentes equipos de todo el pa\u00eds.<\/p>\n\n\n\n<p>Santiago lleg\u00f3 desde Montevideo para participar del programa y consider\u00f3 que es \u201cbastante lindo que se pueda hacer en la playa, conocer gente y venir a jugar\u201d. Cont\u00f3 que participa en las categor\u00edas sub-16 y sub-19, en modalidad de duplas. \u201cJuego en indoor en nacional y tambi\u00e9n estoy jugando en playa, vine con un compa\u00f1ero y un par de amigos m\u00e1s, como a todos los campeonatos que estamos yendo\u201d, manifest\u00f3, al tiempo que opin\u00f3 que la organizaci\u00f3n del campeonato ha sido buena: \u201cse arranc\u00f3 en hora y promete que se va a terminar lindo\u201d.<\/p>\n\n\n\n<p>Desde La Floresta arrib\u00f3 Magdalena, del equipo Los Tiburones, que particip\u00f3 en la modalidad Newcomb. Coment\u00f3 que disfrutan mucho de hacer voleibol y que les encanta participar de este tipo de encuentros. \u201cNosotros practicamos todo el a\u00f1o en el club que se llama Tibur\u00f3n, por eso somos Los Tiburones, pero tenemos gente de Costa Azul, de Parque del Plata que va y se ha formado un grupo muy lindo, ya hace dos a\u00f1os que estamos\u201d, afirm\u00f3.<br>Representando a los m\u00e1s j\u00f3venes del campeonato participaron Macarena y Juliana, de 11 y 12 a\u00f1os, quienes llegaron desde Punta del Este. \u201cVinimos a participar porque nos invitaron, dijimos que s\u00ed y ac\u00e1 estamos. En invierno jugamos al voleibol dentro del gimnasio y en verano venimos a jugar a la playa\u201d, cont\u00f3 Macarena tras un partido y agreg\u00f3 que \u201cestuvo bueno, es divertido y ganamos\u201d.<\/p>\n","protected":false},"excerpt":{"rendered":"<p>En una doble jornada de pleno verano, en la playa de Pinamar, se realiz\u00f3 la&#8230;<\/p>\n","protected":false},"author":1,"featured_media":3673,"comment_status":"open","ping_status":"open","sticky":false,"template":"","format":"standard","meta":{"_monsterinsights_skip_tracking":false,"_monsterinsights_sitenote_active":false,"_monsterinsights_sitenote_note":"","_monsterinsights_sitenote_category":0,"footnotes":""},"categories":[8],"tags":[],"class_list":["post-3672","post","type-post","status-publish","format-standard","has-post-thumbnail","hentry","category-deporte"],"featured_image_urls":{"full":["https:\/\/diariotiempo.com.uy\/noticias\/wp-content\/uploads\/2022\/02\/13.jpg",800,432,false],"thumbnail":["https:\/\/diariotiempo.com.uy\/noticias\/wp-content\/uploads\/2022\/02\/13-150x150.jpg",150,150,true],"medium":["https:\/\/diariotiempo.com.uy\/noticias\/wp-content\/uploads\/2022\/02\/13-300x162.jpg",300,162,true],"medium_large":["https:\/\/diariotiempo.com.uy\/noticias\/wp-content\/uploads\/2022\/02\/13-768x415.jpg",640,346,true],"large":["https:\/\/diariotiempo.com.uy\/noticias\/wp-content\/uploads\/2022\/02\/13.jpg",640,346,false],"rpg_gallery_admin_thumb":["https:\/\/diariotiempo.com.uy\/noticias\/wp-content\/uploads\/2022\/02\/13.jpg",150,81,false],"rpg_gallery_thumb":["https:\/\/diariotiempo.com.uy\/noticias\/wp-content\/uploads\/2022\/02\/13.jpg",150,81,false],"1536x1536":["https:\/\/diariotiempo.com.uy\/noticias\/wp-content\/uploads\/2022\/02\/13.jpg",800,432,false],"2048x2048":["https:\/\/diariotiempo.com.uy\/noticias\/wp-content\/uploads\/2022\/02\/13.jpg",800,432,false],"covernews-slider-full":["https:\/\/diariotiempo.com.uy\/noticias\/wp-content\/uploads\/2022\/02\/13.jpg",800,432,false],"covernews-slider-center":["https:\/\/diariotiempo.com.uy\/noticias\/wp-content\/uploads\/2022\/02\/13.jpg",800,432,false],"covernews-featured":["https:\/\/diariotiempo.com.uy\/noticias\/wp-content\/uploads\/2022\/02\/13.jpg",800,432,false],"covernews-medium":["https:\/\/diariotiempo.com.uy\/noticias\/wp-content\/uploads\/2022\/02\/13-540x340.jpg",540,340,true],"covernews-medium-square":["https:\/\/diariotiempo.com.uy\/noticias\/wp-content\/uploads\/2022\/02\/13-400x250.jpg",400,250,true]},"author_info":{"display_name":"diario","author_link":"https:\/\/diariotiempo.com.uy\/noticias\/author\/diario\/"},"category_info":"<a href=\"https:\/\/diariotiempo.com.uy\/noticias\/category\/deporte\/\" rel=\"category tag\">DEPORTE<\/a>","tag_info":"DEPORTE","comment_count":"0","_links":{"self":[{"href":"https:\/\/diariotiempo.com.uy\/noticias\/wp-json\/wp\/v2\/posts\/3672","targetHints":{"allow":["GET"]}}],"collection":[{"href":"https:\/\/diariotiempo.com.uy\/noticias\/wp-json\/wp\/v2\/posts"}],"about":[{"href":"https:\/\/diariotiempo.com.uy\/noticias\/wp-json\/wp\/v2\/types\/post"}],"author":[{"embeddable":true,"href":"https:\/\/diariotiempo.com.uy\/noticias\/wp-json\/wp\/v2\/users\/1"}],"replies":[{"embeddable":true,"href":"https:\/\/diariotiempo.com.uy\/noticias\/wp-json\/wp\/v2\/comments?post=3672"}],"version-history":[{"count":1,"href":"https:\/\/diariotiempo.com.uy\/noticias\/wp-json\/wp\/v2\/posts\/3672\/revisions"}],"predecessor-version":[{"id":3674,"href":"https:\/\/diariotiempo.com.uy\/noticias\/wp-json\/wp\/v2\/posts\/3672\/revisions\/3674"}],"wp:featuredmedia":[{"embeddable":true,"href":"https:\/\/diariotiempo.com.uy\/noticias\/wp-json\/wp\/v2\/media\/3673"}],"wp:attachment":[{"href":"https:\/\/diariotiempo.com.uy\/noticias\/wp-json\/wp\/v2\/media?parent=3672"}],"wp:term":[{"taxonomy":"category","embeddable":true,"href":"https:\/\/diariotiempo.com.uy\/noticias\/wp-json\/wp\/v2\/categories?post=3672"},{"taxonomy":"post_tag","embeddable":true,"href":"https:\/\/diariotiempo.com.uy\/noticias\/wp-json\/wp\/v2\/tags?post=3672"}],"curies":[{"name":"wp","href":"https:\/\/api.w.org\/{rel}","templated":true}]}}