{"id":3681,"date":"2022-02-04T13:19:05","date_gmt":"2022-02-04T13:19:05","guid":{"rendered":"https:\/\/diariotiempo.com.uy\/noticias\/?p=3681"},"modified":"2022-02-04T13:19:06","modified_gmt":"2022-02-04T13:19:06","slug":"febrero-en-nuestra-historia-local","status":"publish","type":"post","link":"https:\/\/diariotiempo.com.uy\/noticias\/2022\/02\/04\/febrero-en-nuestra-historia-local\/","title":{"rendered":"FEBRERO en nuestra historia local"},"content":{"rendered":"\n<figure class=\"wp-block-image size-full\"><img loading=\"lazy\" decoding=\"async\" width=\"800\" height=\"520\" src=\"https:\/\/diariotiempo.com.uy\/noticias\/wp-content\/uploads\/2022\/02\/14.jpg\" alt=\"\" class=\"wp-image-3682\" srcset=\"https:\/\/diariotiempo.com.uy\/noticias\/wp-content\/uploads\/2022\/02\/14.jpg 800w, https:\/\/diariotiempo.com.uy\/noticias\/wp-content\/uploads\/2022\/02\/14-300x195.jpg 300w, https:\/\/diariotiempo.com.uy\/noticias\/wp-content\/uploads\/2022\/02\/14-768x499.jpg 768w\" sizes=\"auto, (max-width: 800px) 100vw, 800px\" \/><\/figure>\n\n\n\n<p>Febrero de 1818 Una Columna Portuguesa atraviesa el arroyo Pando rumbo a Maldonado pero regresa a la ciudad de Montevideo sin continuar la marcha.La otra partida portuguesa llega a San Juan Bautista (Santa Luc\u00eda) y regresa tambi\u00e9n. (ver Canelones su Proyecci\u00f3n en la Historia Nacional A. Barrios Pintos Tomo 1 pag.98 y 99)<\/p>\n\n\n\n<p>1 de Febrero de 2016, El canal VTV mostr\u00f3 el trabajo del artista Alberto Morales Saravia quien realiz\u00f3 la escenograf\u00eda para los parodistas Zingaros.<br>2 Febrero 1767 contraen matrimonio Josefa de Altolaguirre Pando (nieta de Antonio Pando y Pati\u00f1o) y Mart\u00edn Sim\u00f3n de Sarratea Id\u00edgoras en la Cate\u00addral de La Merced, Buenos Aires. Ser\u00e1n hijos de este matrimonio: Mar\u00eda Francisca de Paula de Sarratea Altolaguirre,Mar\u00eda Martina de Sarratea Altolaguirre,Juana Nepomucena de Sarratea Altolaguirre,Petrona Mar\u00eda Josefa de Sarratea Altolaguirre,Mar\u00eda Mercedes de los Dolores Sarratea Altolaguirre, Manuel Mariano Casiano Hip\u00f3lito de Sarratea Altolaguirre Naci\u00f311 de Agosto 1774 Buenos Aires, falleci\u00f3 21 de Setiembre 1849. Limoges (Aquitania), en viaje de Los Pirineos a Par\u00eds<br>2 de Febrero de 1772 nace en Buenos Aires, Mar\u00eda Martina Sarratea y Altolaguirre (bisnieta de Antonio Pando y Pati\u00f1o) hija de Josefa Altolaguirre Pando y Mart\u00edn Sim\u00f3n Sarratea.<br>2 de Febrero de 2016, El pandense Michael Santos convirti\u00f3 uno de los dos goles con que River Plate venci\u00f3 a Universidad de Chile en el debut en la Copa Libertadores de Am\u00e9rica.<br>3 de Febrero de 1711, nace Juan Jos\u00e9 Blas Pando hijo de Antonio Pando y Pati\u00f1o y de Ana Mar\u00eda Rodriguez de Sosa. Soldado ascendido a Teniente el 1-7-1740 y a Capit\u00e1n de infanter\u00eda el 24-10.1753. contrajo matrimonio con Mara Antonia Barranco y de este matrimonio naci\u00f3 un hijo llamado Bartolom\u00e9 Pando que habr\u00eda nacido en 1740 (Apolant G\u00e9nsesis de la Familia Uruguaya Tomo II P\u00e1g. 1338 y 1339)<br>3 de Febrero de 1816, Pando queda integrado al departamento de Canelones, Jos\u00e9 Artigas confirma la creaci\u00f3n de los primeros 6 departamentos, entre ellos el de Canelones ;\u00ab\u2026.Cuarto. La Villa de Guadalupe de Los Canelones, con Pando, Piedras y Santa Luc\u00eda.\u00bb (Ver Apuntes sobre Nuestro Canelones de Daniel Mesa pag. 11 y 15 Ley N\u00ba 84 y Reglamentaci\u00f3n de 28 de Agosto de 1835)<br>3 de Febrero de 1845 nace en Vigo Espa\u00f1a Antonio Veiga<br>4 de Febrero de 1868 se funda la Sociedad Espa\u00f1ola de Socorros Mutuos que tendr\u00e1 presencia institucional en Pando<br>5 de Febrero de 1816 Sim\u00f3n del Pino elector por el Pueblo de Pando participa en la designaci\u00f3n del Cabildo de Canelones , quedando como juez del pueblo de Pando. Se cumpli\u00f3 as\u00ed con lo dispuesto por Artigas el 9 de Enero de 1816 para la elecci\u00f3n de las autoridades de los Cabildos y de los jueces (ver Canelones su Proyecci\u00f3n en la Historia Nacional A.B PINTOS)<br>5 de Febrero de 1816 Se designa como Comisionado de Pando a Don Juan Angel Mart\u00ednez y a Don Juan de la Cuesta, puntas de Pando y Cochengo, y de Sauce a El\u00edas Sosa, el Sauce de un lado y otro y para Sol\u00eds Chico a Don Ferm\u00edn P\u00edrez, Toscas y Mosquito de un lado y otro hasta la costa de la mar. (Archivo Artigas tomo 27 p\u00e1g 163)<br>5 de Febrero 20017 Un importante temporal afecta nuestra ciudad el mismo ocasion\u00f3 una persona lesionada por la ca\u00edda de un \u00e1rbol. El temporal ocasion\u00f3 destrozos, ca\u00edda de \u00e1rboles y de cables y afect\u00f3 a los departamentos deColona San Jos\u00e9 Montevideo, Maldonado, Rocha y Lavalleja.<br>6 de Febrero de 1763 Carta de Cevallos a Joaqu\u00edn de Viana para aprehender a los portugueses de su jurisdicci\u00f3n, carta que es contestada por Viana el 25\/2\/1763 ver adem\u00e1s la defensa que asume de los portugueses Francisco de Meneses Mata (Apolant G\u00e9nesis de la Familia Uruguaya N\u00ba 135 p\u00e1g. 244). Se presentaron los portugueses de Montevideo, casados y vecinos de la ciudad, encabezados por Francisco de Meneses como su representante, dirigi\u00e9ndose al Gobernador y Capit\u00e1n General Cevallos, para que no les echar\u00e1 del pa\u00eds, seg\u00fan una orden general emitida por Cevallos, alegando que \u00ab\u2026 todos juntos han tomado las armas para defender la patria en ocasiones que se han ofrecido, como vecinos antiguos del pa\u00eds\u00bb.<br>El Ingeniero Francisco Rodr\u00edguez Cardoso patroniz\u00f3 la petici\u00f3n, dando los siguientes detalles sobre los 7 vecinos que pidieron reconsideraci\u00f3n y que se hallaban recluidos en la Real Ciudadela, para justificar la excepci\u00f3n de la orden general-<br>8 de Febrero de 1788 se inscribe la primera partida bautismal en la Capilla de Pando, est\u00e1sentada en el libro I p\u00e1gina 1 corresponde al Bautismo de Andrea Sarco, hija leg\u00edtima de Tiburcio Sarco y Mar\u00eda Felipa Figueredo. Frimada por el Tte. Cura Juan Estan\u00b0 Matta quien hace constar que pertenece a la jurisdicci\u00f3n de don Juan Manuel Laguna \u201cCura y Vicario de la Villa de Nra. Sra. Del Canel\u00f3n\u201d Guadalupe, hoy Canelones. (Pando Ciudad Bicentenario Jorge Alonzo- P\u00e1gina 23 Evaristo Alonso Rodr\u00edguez)<br>10 de Febrero de 1831, Pedro Bayarres vendi\u00f3 a Jacinto Pargas 15 cuadras de frente al arroyo Pando (pertenecian a la antigua estancia de Mateo Barreda) y lindante por el Norte con terreno de Laureiro, por el Sur con terreno de la Capilla de Pando y por el Oeste con chacras del Arroyo Toledo, seg\u00fan escritura que autriz\u00f3 el Escribano Juan L\u00f3n de las Casas y que el Escribano Carlos M. Furriol asegura haber visto la misma -seg\u00fan establece Uslenghi.(El Escribano Enrique Uslenghi al realizar la salida de dominio de un predio propiedad de Roberto Pietracaprina en Documento facilitado gentilmente a Daniel Mesa por Don Emilio Bianchi Faggi.Y otros datos aportados en este t\u00edtulo fueron tomados de la obra del genealogista, Juan Alejandro Apolant, \u00abG\u00e9nesis de la Familia Uruguaya)<br>10 de Febrero de 1876 aparece el primer peri\u00f3dico \u00abEl Eco de Pando\u00bb que se prolonga hasta octubre de 1880.Su director el preceptor Javier Freire, sus colaboradores Jos\u00e9 Oliva, Felipe Polleri y Antonio Veiga. (Elio Zinola Historia de Pando pag. 69)<br>10 de Febrero de 20017.<br>URUPAN finaliz\u00f3 la remodelaci\u00f3n del Gimnasio Daniel Palacios que se encuentra debajo de la tribuna del Gimnasio Santiago Alfonso Cigliutti. Retir\u00f3 el piso de parquet y coloc\u00f3 de goma con un costo de cinco mil d\u00f3lares americanos.<br>12 de Febrero de 1952 inauguraci\u00f3n de la Feria Industrial en P. Artigas.<br>12 de Febrero de 1984 se funda el diario Tiempo por Daniel Mesa, primeramente se realizan ediciones mensuales, luego semanales, pasando posteriormente a editarse como diario.<br>12 deFebrero de 2016, Se informa la adquisici\u00f3n de barras asim\u00e9tricas por parte del Club Sol\u00eds para la actividad de gimnasia art\u00edstica que orienta Mar\u00eda Laura Mesa Martorell.<br>12 de Febrero de 2016. El viernes 12, s\u00e1bado 13 y domingo 14 se relizaron inscripciones de la escuelita Ruedas locas en el skatepark dePando (Parque de Pando) por parte de los profesores Hugo Gates y Damian Mederos.<br>14 de Febrero de 2016. Edward Gandini, productor rural de la zona de Pantanoso, considerado como el Rey del Morr\u00f3n cumpli\u00f3 70 a\u00f1os rodeado de su familia y amigos en el establecimiento Do\u00f1a Palmira R.7 Km40.<br>15 de Febrero de 1958 Inauguraci\u00f3n del nuevo local de UTU Pando en el mismo predio<br>15 de Febrero de 1886 se funda la primera escuela para ni\u00f1as siendo su primera directora la se\u00f1ora B\u00e1rbara Peralta de Alonso cargo que desempe\u00f1o hasta 1887. Esta escuela inici\u00f3 sus actividades en una casa ubicada en la calle actual Garibaldi esquina General Artigas y funcion\u00f3 hasta 1901 que se traslad\u00f3 a un local ubicado en la esquina de las calles 25 de Mayo y Zorrilla de San Mart\u00edn. Siendo necesaria la demolici\u00f3n del local pas\u00f3 a actuar en la casa de Juan Barnech. Durante un tiempo ocup\u00f3 el local a demoler la Comisaria. Construido el local vuelve aocupar el mismo. Esta escuela fue en 1903 n\u00famero 11, tomando luego el n\u00famero 12 y en el a\u00f1o 1929 el n\u00famero 112. En 1923 esta escuela fue refundida a la n\u00famero 4 de Primer Grado. Con este motivo todas las ni\u00f1as pasaron a la n\u00famero 12 hoy 112 y los varones a la escuela n\u00famero 111 de Primer Grado. En 1906 a ra\u00edz de la jubilaci\u00f3n de la Se\u00f1orita Mar\u00eda Lapitz Dir\u00f3n se suprime la ayudant\u00eda adjudicada en 1869. (Elio Zinola Historia de Pando)<br>16 de Febrero de 1827 por Decreto firmado Joaqu\u00edn Suarez y F rancisco Gir\u00f3 fu\u00e9 nombrado juez de Paz para la Capilla de Pando y Capilla de Pando arriba,Sauce, Sol\u00eds Chico, Sol\u00eds Grande y Puntas de Sarand\u00ed, Solano de la Sierra. Anibal Barrios Pintos Historia de Canelones Tomo 1, pags. 11-12 (Registro Oficial del Gobierno de la Provincia Oriental, T I, Canelones, 1827, p\u00e1gs. 5-6)<br>15 de Febrero de 2016. Al vencimiento de la ratificaci\u00f3n de afiliaci\u00f3n a la Liga Regional del Este, el Club Pe\u00f1arol de Suarez no realiz\u00f3 la ratificaci\u00f3n.<br>16 de Febrero de 2016.El Ministerio del Interiorinforma que colocar\u00e1 1000 c\u00e1maras de vigilancia en el Departamento de Canelones.<br>17 de Febrero de 2016. Visita la ciudad de Pando el empresario chino (Taiw\u00e1n) Sean Chang, Vicepresidente Ejecutivo asignado a las Am\u00e9ricas de JCI.<br>18 de Febrero de 1924 Nace en Pando la notable pianista y music\u00f3loga Alicia Escuder Godas. Fallecer\u00e1 el 6 de Agosto de 2010. (Ver diario tiempo p\u00e1gina 7 del 3 de Setiembre de 2010 N\u00b06358 \u201cUna Mujer notable de la m\u00fasica, ciudadana del mundo, valiosa para varias generaciones de pandenses\u201d)<br>18 de Febrero de 1939 se inaugur\u00f3 la Oficina Departamental de Catastro.<br>Febrero de 1947 Se funda \u201cPublicidad Am\u00e9rica\u201d red de parlantes en la zona c\u00e9ntrica y plazas de la ciudad. Direcci\u00f3n Avda. Gral. Artigas 922-24 y 26.<br>19 de Febrero de 2016. El Club Nacional de Ni\u00f1as participar\u00e1 en el Campeonato Nacional de Clubes de Ni\u00f1as.<br>26 de Febrero de 2016. Se informa que IPUSA realiz\u00f3 una donaci\u00f3n al Centro Intergeneracional (Parque de Pando) consistente en 1120 pa\u00f1ales, 138 rollos de papel y el cercado del predio perimetral con tejido.<br>18 de Febrero de 2017. Se realiza la primera reuni\u00f3n de la Comisi\u00f3n de Realojo de Pando Norte con las 66 familias beneficiarias de la primera etapa.<br>20 de Febrero de 1771 El Cabildo abierto de Montevideo se reuni\u00f3 bajo la presidencia de Viana design\u00f3 como Juez Comisionado para Sauce, Sol\u00eds y Pando, don Antonio de la Torre (Abuelo materno de Juan Antonio Lavalleja) y otros jueces para otros lugares.<br>21 de febrero de 1784 en virtud del estado de la Capilla, en representaci\u00f3n del vecindario, los vecinos del pago de Pando, los hermanos Mart\u00edn Jos\u00e9, Jos\u00e9 Antonio Artigas- padre y t\u00edo respectivamente del futuro Jefe de los Orientales-, Felipe P\u00edriz, Domingo Valdenegro, Baltasar Aguirre y Pedro Montero, elevaron al Obispo de Buenos Aires Dr. Manuel Azamor y Ramirez una petici\u00f3n, -que fue aprobada-, solicitando autorizaci\u00f3n para reedificar en piedra la antigua Capilla de paja, en un terreno de ocho cuadras en cuadrado, es decir 64 cuadras, al arb\u00edtrio del com\u00fan o de quienes dirijan la Obra. La obra fue autorizada.<br>21 de Febrero de 1861 se produce el deceso del Pbro. Miguel Rodr\u00edguez, lo sucede Cosme Olascoaga (Zinola Historia de Pando pag.34)<br>27 de Febrero de 1767. El Rey Carlos III firma la orden de que; \u00abSe extra\u00f1en de todos mis dominios de Espa\u00f1a e Indias, Islas Filipinas y dem\u00e1s adyacentes a los religiosos de la Compa\u00f1\u00eda, as\u00ed Sacerdotes como coadjutores o legos que hayan hecho su primera profesi\u00f3n y a los novicios que quieran seguirles; y que se ocupen todas las Temporalidades de la Compa\u00f1\u00eda en mis dominios.\u00bb<br>Sedestaca que El Conde de Aranda redact\u00f3 el 1\u00ba de Marzo de 1767 instrucciones y Bucareli deleg\u00f3 en el Gobernador de Montevideo don Agust\u00edn de la Rosa las acciones correspondientes las cuales llev\u00f3 a cabo el d\u00eda 5 de Julio de 1767 a las ocho de la noche, ordenando que a las siete y media el Teniente Claudio Mac\u00e9, del Regimiento de Mallorca, ocupara con su tropa los alrededores de la residencia y acompa\u00f1ado por Mac\u00e9, el Sargento Mayor Antonio Guti\u00e9rrez, el Teniente Gobernador Juan Achucarro, el Teniente Tesorero Juan de Arroyo, el Alcalde de 2\u00ba Voto Pedro Cordov\u00e9s, el Alguacil Bartolom\u00e9 Mitre, el Procurador Joaqu\u00edn de Vedia y la Quadra y don Melchor de Viana, llegaron a la residencia donde fueron recibidos por el Padre Juan Tom\u00e1s Zuazogoit\u00eda y el Hermano Boulet, de la Rosa les ley\u00f3 la resoluci\u00f3n sobre extra\u00f1amiento de los Jesuitas y ocupaci\u00f3n de sus bienes y conclu\u00edda la lectura levant\u00f3 el tono de voz para intimar al Padre Superior que dijese en su nombre y en el de la Comunidad si obedec\u00eda las disposiciones del Soberano.<br>\u00abSi obedezco, por mi y en nombre de la Comunidad\u00bb contest\u00f3 el Padre Plantich, agregando que quedaba muy resignado a cuanto Su Majestad determinase.<br>Adem\u00e1s hab\u00eda otro Jesuita el Hermano Benito Rivadeneyra, administrador de la \u00abEstancia La Calera\u00bb, se dirigi\u00f3 all\u00ed el Teniente Agust\u00edn Figueroa y tomando preso a dicho Hermano lo trajo directamente al Convento de San Francisco. A la estancia de San Ignacio (Entre Pando y Sol\u00eds) fue el Teniente Bernardo Cerme\u00f1o y realiz\u00f3 el inventario.<\/p>\n","protected":false},"excerpt":{"rendered":"<p>Febrero de 1818 Una Columna Portuguesa atraviesa el arroyo Pando rumbo a Maldonado pero regresa&#8230;<\/p>\n","protected":false},"author":1,"featured_media":3682,"comment_status":"open","ping_status":"open","sticky":false,"template":"","format":"standard","meta":{"_monsterinsights_skip_tracking":false,"_monsterinsights_sitenote_active":false,"_monsterinsights_sitenote_note":"","_monsterinsights_sitenote_category":0,"footnotes":""},"categories":[19],"tags":[],"class_list":["post-3681","post","type-post","status-publish","format-standard","has-post-thumbnail","hentry","category-pando"],"featured_image_urls":{"full":["https:\/\/diariotiempo.com.uy\/noticias\/wp-content\/uploads\/2022\/02\/14.jpg",800,520,false],"thumbnail":["https:\/\/diariotiempo.com.uy\/noticias\/wp-content\/uploads\/2022\/02\/14-150x150.jpg",150,150,true],"medium":["https:\/\/diariotiempo.com.uy\/noticias\/wp-content\/uploads\/2022\/02\/14-300x195.jpg",300,195,true],"medium_large":["https:\/\/diariotiempo.com.uy\/noticias\/wp-content\/uploads\/2022\/02\/14-768x499.jpg",640,416,true],"large":["https:\/\/diariotiempo.com.uy\/noticias\/wp-content\/uploads\/2022\/02\/14.jpg",640,416,false],"rpg_gallery_admin_thumb":["https:\/\/diariotiempo.com.uy\/noticias\/wp-content\/uploads\/2022\/02\/14.jpg",150,98,false],"rpg_gallery_thumb":["https:\/\/diariotiempo.com.uy\/noticias\/wp-content\/uploads\/2022\/02\/14.jpg",150,98,false],"1536x1536":["https:\/\/diariotiempo.com.uy\/noticias\/wp-content\/uploads\/2022\/02\/14.jpg",800,520,false],"2048x2048":["https:\/\/diariotiempo.com.uy\/noticias\/wp-content\/uploads\/2022\/02\/14.jpg",800,520,false],"covernews-slider-full":["https:\/\/diariotiempo.com.uy\/noticias\/wp-content\/uploads\/2022\/02\/14.jpg",800,520,false],"covernews-slider-center":["https:\/\/diariotiempo.com.uy\/noticias\/wp-content\/uploads\/2022\/02\/14-800x500.jpg",800,500,true],"covernews-featured":["https:\/\/diariotiempo.com.uy\/noticias\/wp-content\/uploads\/2022\/02\/14.jpg",800,520,false],"covernews-medium":["https:\/\/diariotiempo.com.uy\/noticias\/wp-content\/uploads\/2022\/02\/14-540x340.jpg",540,340,true],"covernews-medium-square":["https:\/\/diariotiempo.com.uy\/noticias\/wp-content\/uploads\/2022\/02\/14-400x250.jpg",400,250,true]},"author_info":{"display_name":"diario","author_link":"https:\/\/diariotiempo.com.uy\/noticias\/author\/diario\/"},"category_info":"<a href=\"https:\/\/diariotiempo.com.uy\/noticias\/category\/departamental\/pando\/\" rel=\"category tag\">Pando<\/a>","tag_info":"Pando","comment_count":"0","_links":{"self":[{"href":"https:\/\/diariotiempo.com.uy\/noticias\/wp-json\/wp\/v2\/posts\/3681","targetHints":{"allow":["GET"]}}],"collection":[{"href":"https:\/\/diariotiempo.com.uy\/noticias\/wp-json\/wp\/v2\/posts"}],"about":[{"href":"https:\/\/diariotiempo.com.uy\/noticias\/wp-json\/wp\/v2\/types\/post"}],"author":[{"embeddable":true,"href":"https:\/\/diariotiempo.com.uy\/noticias\/wp-json\/wp\/v2\/users\/1"}],"replies":[{"embeddable":true,"href":"https:\/\/diariotiempo.com.uy\/noticias\/wp-json\/wp\/v2\/comments?post=3681"}],"version-history":[{"count":1,"href":"https:\/\/diariotiempo.com.uy\/noticias\/wp-json\/wp\/v2\/posts\/3681\/revisions"}],"predecessor-version":[{"id":3683,"href":"https:\/\/diariotiempo.com.uy\/noticias\/wp-json\/wp\/v2\/posts\/3681\/revisions\/3683"}],"wp:featuredmedia":[{"embeddable":true,"href":"https:\/\/diariotiempo.com.uy\/noticias\/wp-json\/wp\/v2\/media\/3682"}],"wp:attachment":[{"href":"https:\/\/diariotiempo.com.uy\/noticias\/wp-json\/wp\/v2\/media?parent=3681"}],"wp:term":[{"taxonomy":"category","embeddable":true,"href":"https:\/\/diariotiempo.com.uy\/noticias\/wp-json\/wp\/v2\/categories?post=3681"},{"taxonomy":"post_tag","embeddable":true,"href":"https:\/\/diariotiempo.com.uy\/noticias\/wp-json\/wp\/v2\/tags?post=3681"}],"curies":[{"name":"wp","href":"https:\/\/api.w.org\/{rel}","templated":true}]}}