{"id":3690,"date":"2022-02-04T19:37:11","date_gmt":"2022-02-04T19:37:11","guid":{"rendered":"https:\/\/diariotiempo.com.uy\/noticias\/?p=3690"},"modified":"2022-02-04T19:37:12","modified_gmt":"2022-02-04T19:37:12","slug":"comienza-la-pelea-dialectica-2","status":"publish","type":"post","link":"https:\/\/diariotiempo.com.uy\/noticias\/2022\/02\/04\/comienza-la-pelea-dialectica-2\/","title":{"rendered":"Comienza la pelea dial\u00e9ctica"},"content":{"rendered":"\n<p>La lucha ya est\u00e1 instalada en la opini\u00f3n p\u00fablica y los dos bandos se hayan lo suficientemente definidos como para saber qui\u00e9n es qui\u00e9n y a d\u00f3nde se dirige cada uno. Ya lo hemos dicho, pero lo reiteramos: esta instancia electoral habr\u00e1 de marcar el rumbo de todos los uruguayos. Si ganan las fuerzas que hoy est\u00e1n integrando la coalici\u00f3n gobernante, la Ley de Urgente consideraci\u00f3n, Ley de Derechos, no lo olvidemos, se constituir\u00e1 en su totalidad en la hoja de ruta del actual gobierno de aqu\u00ed al final del per\u00edodo. Es bueno recordar que ya viene surtiendo sus efectos en las \u00e1reas m\u00e1s urticantes y por cierto que los mismos no son nada malos. De a poco se han ido palpando los resultados.<\/p>\n\n\n\n<p> Si el triunfo le corresponde a la actual oposici\u00f3n, los integrantes de la misma sentir\u00e1n que le asestaron un mazazo al gobierno de Luis Lacalle Pou y, seguramente, tendr\u00e1n la sensaci\u00f3n de haberlo derrocado de antemano. Vamos por parte. Uno de los aspectos m\u00e1s importantes de la Norma en cuesti\u00f3n, es el que hace referencia a los temas de seguridad. Todos los uruguayos reclamaron cambios al respecto. Obviamente que los \u00fanicos que se abstuvieron de pedirlos fueron los propios delincuentes que sab\u00edan lo que se les ven\u00eda encima. Y as\u00ed fue. <\/p>\n\n\n\n<p>El estado de cosas que reg\u00eda era insostenible y todos, sin diferencia de colores, ten\u00edamos en claro que hab\u00eda que se impon\u00eda un cambio y era necesaria una voluntad pol\u00edtica para hacerlo. Uno de los primeros aspectos que hab\u00eda que tener en cuenta, era la situaci\u00f3n de la propia polic\u00eda ya que la misma tiene la misi\u00f3n de proteger a la sociedad poniendo a los delincuentes a raya. Entonces, se tornaba imprescindible conseguir la confianza de la sociedad en el uniformado. Vaya, desde ya, nuestro rechazo m\u00e1s absoluto al \u00abgatillo f\u00e1cil\u00bb; no aceptar\u00edamos jam\u00e1s algo de esa naturaleza. <\/p>\n\n\n\n<p>Lo que resultaba necesario implementar algunas figuras jur\u00eddicas que permitieran que el trabajo policial se volviera realmente efectivo y, sobre todo, que tuviera sentido. De ah\u00ed surge, ampliando lo establecido para el delito de \u00abdesacato\u00bb, la penalizaci\u00f3n de la \u00abresistencia al arresto\u00bb. No es un punto que vulnere lo que prescribe la legislaci\u00f3n ni los tratados sobre los Derechos Humanos ya que lo que se necesita es el respaldo hacia la polic\u00eda en el procedimiento y esta Ley as\u00ed lo consagra. <\/p>\n\n\n\n<p>Hay normas para la actuaci\u00f3n y protocolos; y los mismos deben ser aplicados. Por otro lado, se crea el delito de \u00abagravio a la autoridad policial\u00bb y nos preguntamos: \u00bfhasta cu\u00e1ndo la polic\u00eda ten\u00eda que quedarse con los brazos cruzados mientras unos cuantos le profer\u00edan todo tipo de insultos? No sin dolor, hemos llegado a ver padres ense\u00f1\u00e1ndoles a sus hijos una sarta de disparates para espet\u00e1rselos a la polic\u00eda que ten\u00eda que permanecer imp\u00e1vida escuchando el rosario de quienes no conocen las leyes o quieren proteger a los delincuentes. Otro tanto pasa con el \u00abRegistro de Personas\u00bb, \u00bfEn qu\u00e9 pa\u00eds del mundo se acepta que la polic\u00eda no pueda registrar personas y veh\u00edculos mediante normas establecidas que garanticen el respeto y la seguridad? \u00bfDe qu\u00e9 manera podr\u00edan hacer su trabajo si se les impide realizar el m\u00e1s normal de los procedimientos? y, en especial, \u00bfQui\u00e9n puede negarse a ser registrado por un agente del orden sin no tiene nada que ocultar? Por otro lado, una acci\u00f3n como la del famoso Morabito ya no tendr\u00e1 cabida en nuestras c\u00e1rceles; la auto evasi\u00f3n ya est\u00e1 considerada un delito. <\/p>\n\n\n\n<p>Aunque no se causen da\u00f1os materiales ni personales, quien intente fugarse de un establecimiento penitenciario estar\u00e1 cometiendo un delito. Antes, a quien pretend\u00eda fugarse, cuando era capturado se le enviaba a prisi\u00f3n para que cumpliera el resto de la pena. <\/p>\n\n\n\n<p>Ahora la fuga le agrava la condena y puede estar m\u00e1s tiempo encarcelado. Son estas alguna de las modificaciones que la gente reclamaba. No hay inventos. No se estamparon porque s\u00ed; hab\u00eda poderosas razones para hacerlo. Y se est\u00e1 haciendo. Ya analizaremos otros cambios de los que van a ser defendidos el 27 de marzo.<\/p>\n","protected":false},"excerpt":{"rendered":"<p>La lucha ya est\u00e1 instalada en la opini\u00f3n p\u00fablica y los dos bandos se hayan&#8230;<\/p>\n","protected":false},"author":1,"featured_media":1168,"comment_status":"open","ping_status":"open","sticky":false,"template":"","format":"standard","meta":{"_monsterinsights_skip_tracking":false,"_monsterinsights_sitenote_active":false,"_monsterinsights_sitenote_note":"","_monsterinsights_sitenote_category":0,"footnotes":""},"categories":[2],"tags":[],"class_list":["post-3690","post","type-post","status-publish","format-standard","has-post-thumbnail","hentry","category-opinion"],"featured_image_urls":{"full":["https:\/\/diariotiempo.com.uy\/noticias\/wp-content\/uploads\/2021\/07\/Master-OPINION.jpg",300,185,false],"thumbnail":["https:\/\/diariotiempo.com.uy\/noticias\/wp-content\/uploads\/2021\/07\/Master-OPINION-150x150.jpg",150,150,true],"medium":["https:\/\/diariotiempo.com.uy\/noticias\/wp-content\/uploads\/2021\/07\/Master-OPINION.jpg",300,185,false],"medium_large":["https:\/\/diariotiempo.com.uy\/noticias\/wp-content\/uploads\/2021\/07\/Master-OPINION.jpg",300,185,false],"large":["https:\/\/diariotiempo.com.uy\/noticias\/wp-content\/uploads\/2021\/07\/Master-OPINION.jpg",300,185,false],"rpg_gallery_admin_thumb":["https:\/\/diariotiempo.com.uy\/noticias\/wp-content\/uploads\/2021\/07\/Master-OPINION.jpg",150,93,false],"rpg_gallery_thumb":["https:\/\/diariotiempo.com.uy\/noticias\/wp-content\/uploads\/2021\/07\/Master-OPINION.jpg",150,93,false],"1536x1536":["https:\/\/diariotiempo.com.uy\/noticias\/wp-content\/uploads\/2021\/07\/Master-OPINION.jpg",300,185,false],"2048x2048":["https:\/\/diariotiempo.com.uy\/noticias\/wp-content\/uploads\/2021\/07\/Master-OPINION.jpg",300,185,false],"covernews-slider-full":["https:\/\/diariotiempo.com.uy\/noticias\/wp-content\/uploads\/2021\/07\/Master-OPINION.jpg",300,185,false],"covernews-slider-center":["https:\/\/diariotiempo.com.uy\/noticias\/wp-content\/uploads\/2021\/07\/Master-OPINION.jpg",300,185,false],"covernews-featured":["https:\/\/diariotiempo.com.uy\/noticias\/wp-content\/uploads\/2021\/07\/Master-OPINION.jpg",300,185,false],"covernews-medium":["https:\/\/diariotiempo.com.uy\/noticias\/wp-content\/uploads\/2021\/07\/Master-OPINION.jpg",300,185,false],"covernews-medium-square":["https:\/\/diariotiempo.com.uy\/noticias\/wp-content\/uploads\/2021\/07\/Master-OPINION.jpg",300,185,false]},"author_info":{"display_name":"diario","author_link":"https:\/\/diariotiempo.com.uy\/noticias\/author\/diario\/"},"category_info":"<a href=\"https:\/\/diariotiempo.com.uy\/noticias\/category\/opinion\/\" rel=\"category tag\">OPINI\u00d3N<\/a>","tag_info":"OPINI\u00d3N","comment_count":"0","_links":{"self":[{"href":"https:\/\/diariotiempo.com.uy\/noticias\/wp-json\/wp\/v2\/posts\/3690","targetHints":{"allow":["GET"]}}],"collection":[{"href":"https:\/\/diariotiempo.com.uy\/noticias\/wp-json\/wp\/v2\/posts"}],"about":[{"href":"https:\/\/diariotiempo.com.uy\/noticias\/wp-json\/wp\/v2\/types\/post"}],"author":[{"embeddable":true,"href":"https:\/\/diariotiempo.com.uy\/noticias\/wp-json\/wp\/v2\/users\/1"}],"replies":[{"embeddable":true,"href":"https:\/\/diariotiempo.com.uy\/noticias\/wp-json\/wp\/v2\/comments?post=3690"}],"version-history":[{"count":1,"href":"https:\/\/diariotiempo.com.uy\/noticias\/wp-json\/wp\/v2\/posts\/3690\/revisions"}],"predecessor-version":[{"id":3691,"href":"https:\/\/diariotiempo.com.uy\/noticias\/wp-json\/wp\/v2\/posts\/3690\/revisions\/3691"}],"wp:featuredmedia":[{"embeddable":true,"href":"https:\/\/diariotiempo.com.uy\/noticias\/wp-json\/wp\/v2\/media\/1168"}],"wp:attachment":[{"href":"https:\/\/diariotiempo.com.uy\/noticias\/wp-json\/wp\/v2\/media?parent=3690"}],"wp:term":[{"taxonomy":"category","embeddable":true,"href":"https:\/\/diariotiempo.com.uy\/noticias\/wp-json\/wp\/v2\/categories?post=3690"},{"taxonomy":"post_tag","embeddable":true,"href":"https:\/\/diariotiempo.com.uy\/noticias\/wp-json\/wp\/v2\/tags?post=3690"}],"curies":[{"name":"wp","href":"https:\/\/api.w.org\/{rel}","templated":true}]}}