{"id":4116,"date":"2022-02-25T12:49:38","date_gmt":"2022-02-25T12:49:38","guid":{"rendered":"https:\/\/diariotiempo.com.uy\/noticias\/?p=4116"},"modified":"2022-02-25T12:49:39","modified_gmt":"2022-02-25T12:49:39","slug":"agresion-inexcusable","status":"publish","type":"post","link":"https:\/\/diariotiempo.com.uy\/noticias\/2022\/02\/25\/agresion-inexcusable\/","title":{"rendered":"AGRESION INEXCUSABLE"},"content":{"rendered":"\n<p>Nada podr\u00e1 justificar la violenta agresi\u00f3n sufrida en Pinares, Maldonado por un joven de dieciocho a\u00f1os que -seg\u00fan los agresores- fuera confundido con un ladr\u00f3n, cuando en realidad era hijo de un profesor que hab\u00eda alquilado una finca vecina, para pasar sus vacaciones. Como si fueran \u201cdue\u00f1os del lugar\u201d y estuvieran guardando su \u201cterritorio\u201d, los cinco patoteros que agredieron a este joven, se irrogaron la prerrogativa de ejercer su \u201cjusticia por mano propia\u201d y demostraron tener muy poco respeto por principios b\u00e1sicos de la vida en sociedad en un Estado de Derecho. Tal vez se envalentonaron porque estaban en \u201cgrupo\u201d y por ello transgredieron todos los l\u00edmites. No llamaron a la autoridad p\u00fablica al advertir \u201cal ladr\u00f3n\u201d, actuaron por la espalda, cuando el agredido caminaba escuchando m\u00fasica con los auriculares puestos. Le quitaron y destrozaron su gorra con visera, su buzo y hasta lo amenazaron con dejarlo \u201ctirado en una cuneta\u201d si no llegaba a ser cierto que su familia estaba viviendo a pocos metros de donde lo interceptaron. Cuando advirtieron el atropello, pretendieron \u201creparar el da\u00f1o\u201d entregando 3.500 pesos a su v\u00edctima. Ciertamente ins\u00f3lito, e inadmisible si no fuera tr\u00e1gico lo ocurrido. Los mal intencionados partidarios de derogar la LUC pretendieron vincular la agresi\u00f3n a las normas que impugnan, cuando este exceso nada tiene que ver con la LUC y sus disposiciones, (que contienen el criterio de \u201capariencia delictiva\u201d en aquellos sujetos a los que la autoridad policial puede solicitarles exhiban sus documentos) sino a un actuar ileg\u00edtimo, irresponsable y claramente delictivo de los agresores, que fueron imputados por Fiscal\u00eda y debieron declarar ante la Justicia competente por varias horas. Estos hechos de violencia, muestran un lamentable grado de crispaci\u00f3n social, pero pretender ejercer \u201cjusticia por mano propia\u201d no se justifica en modo alguno. Y menos en el caso que nos ocupa, cuando el proceder de la v\u00edctima, su forma de caminar, su indumentaria o el uso de auriculares o una gorra y buzo determinados, no amerita en ning\u00fan modo el accionar de los hoy imputados. Estos sujetos (auto denominados \u201cgente de bien\u201d seg\u00fan qued\u00f3 registrado en un video que se hizo p\u00fablico) a nuestro leal saber y entender, no s\u00f3lo tendr\u00edan que responder en la esfera penal por sus hechos, sino tambi\u00e9n en la civil, por ser responsables del da\u00f1o moral y los da\u00f1os materiales causados al inocente transe\u00fante, que adem\u00e1s veraneaba en una finca vecina. Confunden -sin justificaci\u00f3n alguna- derechos y deberes, olvidan que es la autoridad leg\u00edtimamente instituida, la que puede hacer uso de la fuerza p\u00fablica. Ni siquiera estamos ante un caso de \u201cleg\u00edtima defensa\u201d, la v\u00edctima, en uso de su derecho a la libre circulaci\u00f3n, solo cometi\u00f3 el \u201cerror\u201d de pasar por frente a estos vecinos que, porque \u201ccreyeron que se trataba de un ladr\u00f3n\u201d, lo increpan y agreden infamemente, sin raz\u00f3n alguna. Tendr\u00edan que responder por sus actos y por las secuelas de los mismos, mal que les pese, con mucho m\u00e1s que disculpas.<\/p>\n","protected":false},"excerpt":{"rendered":"<p>Nada podr\u00e1 justificar la violenta agresi\u00f3n sufrida en Pinares, Maldonado por un joven de dieciocho&#8230;<\/p>\n","protected":false},"author":1,"featured_media":0,"comment_status":"open","ping_status":"open","sticky":false,"template":"","format":"standard","meta":{"_monsterinsights_skip_tracking":false,"_monsterinsights_sitenote_active":false,"_monsterinsights_sitenote_note":"","_monsterinsights_sitenote_category":0,"footnotes":""},"categories":[13],"tags":[],"class_list":["post-4116","post","type-post","status-publish","format-standard","hentry","category-articulos-de-opinion"],"featured_image_urls":{"full":"","thumbnail":"","medium":"","medium_large":"","large":"","rpg_gallery_admin_thumb":"","rpg_gallery_thumb":"","1536x1536":"","2048x2048":"","covernews-slider-full":"","covernews-slider-center":"","covernews-featured":"","covernews-medium":"","covernews-medium-square":""},"author_info":{"display_name":"diario","author_link":"https:\/\/diariotiempo.com.uy\/noticias\/author\/diario\/"},"category_info":"<a href=\"https:\/\/diariotiempo.com.uy\/noticias\/category\/opinion\/articulos-de-opinion\/\" rel=\"category tag\">Art\u00edculos de Opini\u00f3n<\/a>","tag_info":"Art\u00edculos de Opini\u00f3n","comment_count":"0","_links":{"self":[{"href":"https:\/\/diariotiempo.com.uy\/noticias\/wp-json\/wp\/v2\/posts\/4116","targetHints":{"allow":["GET"]}}],"collection":[{"href":"https:\/\/diariotiempo.com.uy\/noticias\/wp-json\/wp\/v2\/posts"}],"about":[{"href":"https:\/\/diariotiempo.com.uy\/noticias\/wp-json\/wp\/v2\/types\/post"}],"author":[{"embeddable":true,"href":"https:\/\/diariotiempo.com.uy\/noticias\/wp-json\/wp\/v2\/users\/1"}],"replies":[{"embeddable":true,"href":"https:\/\/diariotiempo.com.uy\/noticias\/wp-json\/wp\/v2\/comments?post=4116"}],"version-history":[{"count":1,"href":"https:\/\/diariotiempo.com.uy\/noticias\/wp-json\/wp\/v2\/posts\/4116\/revisions"}],"predecessor-version":[{"id":4117,"href":"https:\/\/diariotiempo.com.uy\/noticias\/wp-json\/wp\/v2\/posts\/4116\/revisions\/4117"}],"wp:attachment":[{"href":"https:\/\/diariotiempo.com.uy\/noticias\/wp-json\/wp\/v2\/media?parent=4116"}],"wp:term":[{"taxonomy":"category","embeddable":true,"href":"https:\/\/diariotiempo.com.uy\/noticias\/wp-json\/wp\/v2\/categories?post=4116"},{"taxonomy":"post_tag","embeddable":true,"href":"https:\/\/diariotiempo.com.uy\/noticias\/wp-json\/wp\/v2\/tags?post=4116"}],"curies":[{"name":"wp","href":"https:\/\/api.w.org\/{rel}","templated":true}]}}