{"id":4130,"date":"2022-03-02T12:01:30","date_gmt":"2022-03-02T12:01:30","guid":{"rendered":"https:\/\/diariotiempo.com.uy\/noticias\/?p=4130"},"modified":"2022-03-02T12:01:31","modified_gmt":"2022-03-02T12:01:31","slug":"apertura-del-tercer-periodo-de-sesiones-de-la-xlixa-legislatura","status":"publish","type":"post","link":"https:\/\/diariotiempo.com.uy\/noticias\/2022\/03\/02\/apertura-del-tercer-periodo-de-sesiones-de-la-xlixa-legislatura\/","title":{"rendered":"Apertura del tercer per\u00edodo de sesiones de la XLIXa. Legislatura"},"content":{"rendered":"\n<h2 class=\"wp-block-heading\">Martes 01 Marzo , 2022<br>Asamblea General<\/h2>\n\n\n\n<figure class=\"wp-block-image size-full\"><img loading=\"lazy\" decoding=\"async\" width=\"800\" height=\"534\" src=\"https:\/\/diariotiempo.com.uy\/noticias\/wp-content\/uploads\/2022\/03\/01.03.jpg\" alt=\"\" class=\"wp-image-4131\" srcset=\"https:\/\/diariotiempo.com.uy\/noticias\/wp-content\/uploads\/2022\/03\/01.03.jpg 800w, https:\/\/diariotiempo.com.uy\/noticias\/wp-content\/uploads\/2022\/03\/01.03-300x200.jpg 300w, https:\/\/diariotiempo.com.uy\/noticias\/wp-content\/uploads\/2022\/03\/01.03-768x513.jpg 768w\" sizes=\"auto, (max-width: 800px) 100vw, 800px\" \/><\/figure>\n\n\n\n<p>En la tarde de ayer la Asamblea General dio apertura al Tercer Per\u00edodo Ordinario de Sesiones de la XLIXa. Legislatura. La Presidenta de la Asamblea General Esc. Beatriz Argim\u00f3n inform\u00f3 que a partir de ma\u00f1ana y en relaci\u00f3n al conflicto b\u00e9lico actual, en la entrada principal a las escalinatas del Edificio se colocar\u00e1n seis banderas blancas con el s\u00edmbolo de la paloma de la paz \u201ccomo forma de que el Parlamento Nacional se adhiera al mensaje de paz que todos anhelamos\u201d.<\/p>\n\n\n\n<p>Luego de dar comienzo al nuevo per\u00edodo, la Presidenta de la Asamblea General y de la C\u00e1mara de Senadores, Beatriz Argim\u00f3n, junto al Presidente electo de la C\u00e1mara de Representantes, Ope Pasquet, los Secretarios de la C\u00e1mara de Senadores, Lic. Gustavo S\u00e1nchez, Dr. Jos\u00e9 Pedro Montero; de la C\u00e1mara de Representantes, Dr. Fernando Ripoll; el Secretario de la Comisi\u00f3n Administrativa, Fernando Perdomo; la Prosecretaria de la C\u00e1mara de Senadores, Cra. Victoria Vera; el Director General de la C\u00e1mara de Senadores, Dr. Juan Pedro Lista; junto a Senadores, Diputados y dem\u00e1s autoridades se dirigieron a la entrada principal del Palacio Legislativo, y el Presidente de la Suprema Corte de Justicia, Dr. John P\u00e9rez Brignani, ubicada sobre avenida del Libertador Brigadier General Juan Antonio Lavalleja, donde pasaron revista al Batall\u00f3n Florida.<\/p>\n\n\n\n<p>Al son de la marcha \u201cA mi bandera\u201d legisladores y autoridades presentes observaron el desfile militar con pasaje de revista desde las escalinatas de acceso al edificio.<br>EL DIPUTADO OPE PASQUET ASUMI\u00d3 COMO EL TERCER PRESIDENTE DE LA C\u00c1MARA DE REPRESENTANTES DE LA XLIX LEGISLATURA<\/p>\n\n\n\n<p>Hoy martes 1\u00b0 de marzo del corriente, a las 13 horas, en la primera Sesi\u00f3n Ordinaria de este a\u00f1o y con la presencia del Presidente de la Rep\u00fablica, Dr. Luis Lacalle Pou, la Presidenta de la Asamblea General, Esc. Beatr\u00edz Argim\u00f3n, los Ministros Mart\u00edn Lema y Adri\u00e1n Pe\u00f1a, entre otros; fue electo como Presidente de la C\u00e1mara de Representantes para el tercer per\u00edodo de la XLIX Legislatura, el Diputado Ope Pasquet.<\/p>\n","protected":false},"excerpt":{"rendered":"<p>Martes 01 Marzo , 2022Asamblea General En la tarde de ayer la Asamblea General dio&#8230;<\/p>\n","protected":false},"author":1,"featured_media":4131,"comment_status":"open","ping_status":"open","sticky":false,"template":"","format":"standard","meta":{"_monsterinsights_skip_tracking":false,"_monsterinsights_sitenote_active":false,"_monsterinsights_sitenote_note":"","_monsterinsights_sitenote_category":0,"footnotes":""},"categories":[79],"tags":[],"class_list":["post-4130","post","type-post","status-publish","format-standard","has-post-thumbnail","hentry","category-nacionales"],"featured_image_urls":{"full":["https:\/\/diariotiempo.com.uy\/noticias\/wp-content\/uploads\/2022\/03\/01.03.jpg",800,534,false],"thumbnail":["https:\/\/diariotiempo.com.uy\/noticias\/wp-content\/uploads\/2022\/03\/01.03-150x150.jpg",150,150,true],"medium":["https:\/\/diariotiempo.com.uy\/noticias\/wp-content\/uploads\/2022\/03\/01.03-300x200.jpg",300,200,true],"medium_large":["https:\/\/diariotiempo.com.uy\/noticias\/wp-content\/uploads\/2022\/03\/01.03-768x513.jpg",640,428,true],"large":["https:\/\/diariotiempo.com.uy\/noticias\/wp-content\/uploads\/2022\/03\/01.03.jpg",640,427,false],"rpg_gallery_admin_thumb":["https:\/\/diariotiempo.com.uy\/noticias\/wp-content\/uploads\/2022\/03\/01.03.jpg",150,100,false],"rpg_gallery_thumb":["https:\/\/diariotiempo.com.uy\/noticias\/wp-content\/uploads\/2022\/03\/01.03.jpg",150,100,false],"1536x1536":["https:\/\/diariotiempo.com.uy\/noticias\/wp-content\/uploads\/2022\/03\/01.03.jpg",800,534,false],"2048x2048":["https:\/\/diariotiempo.com.uy\/noticias\/wp-content\/uploads\/2022\/03\/01.03.jpg",800,534,false],"covernews-slider-full":["https:\/\/diariotiempo.com.uy\/noticias\/wp-content\/uploads\/2022\/03\/01.03.jpg",800,534,false],"covernews-slider-center":["https:\/\/diariotiempo.com.uy\/noticias\/wp-content\/uploads\/2022\/03\/01.03-800x500.jpg",800,500,true],"covernews-featured":["https:\/\/diariotiempo.com.uy\/noticias\/wp-content\/uploads\/2022\/03\/01.03.jpg",800,534,false],"covernews-medium":["https:\/\/diariotiempo.com.uy\/noticias\/wp-content\/uploads\/2022\/03\/01.03-540x340.jpg",540,340,true],"covernews-medium-square":["https:\/\/diariotiempo.com.uy\/noticias\/wp-content\/uploads\/2022\/03\/01.03-400x250.jpg",400,250,true]},"author_info":{"display_name":"diario","author_link":"https:\/\/diariotiempo.com.uy\/noticias\/author\/diario\/"},"category_info":"<a href=\"https:\/\/diariotiempo.com.uy\/noticias\/category\/nacionales\/\" rel=\"category tag\">NACIONALES<\/a>","tag_info":"NACIONALES","comment_count":"0","_links":{"self":[{"href":"https:\/\/diariotiempo.com.uy\/noticias\/wp-json\/wp\/v2\/posts\/4130","targetHints":{"allow":["GET"]}}],"collection":[{"href":"https:\/\/diariotiempo.com.uy\/noticias\/wp-json\/wp\/v2\/posts"}],"about":[{"href":"https:\/\/diariotiempo.com.uy\/noticias\/wp-json\/wp\/v2\/types\/post"}],"author":[{"embeddable":true,"href":"https:\/\/diariotiempo.com.uy\/noticias\/wp-json\/wp\/v2\/users\/1"}],"replies":[{"embeddable":true,"href":"https:\/\/diariotiempo.com.uy\/noticias\/wp-json\/wp\/v2\/comments?post=4130"}],"version-history":[{"count":1,"href":"https:\/\/diariotiempo.com.uy\/noticias\/wp-json\/wp\/v2\/posts\/4130\/revisions"}],"predecessor-version":[{"id":4132,"href":"https:\/\/diariotiempo.com.uy\/noticias\/wp-json\/wp\/v2\/posts\/4130\/revisions\/4132"}],"wp:featuredmedia":[{"embeddable":true,"href":"https:\/\/diariotiempo.com.uy\/noticias\/wp-json\/wp\/v2\/media\/4131"}],"wp:attachment":[{"href":"https:\/\/diariotiempo.com.uy\/noticias\/wp-json\/wp\/v2\/media?parent=4130"}],"wp:term":[{"taxonomy":"category","embeddable":true,"href":"https:\/\/diariotiempo.com.uy\/noticias\/wp-json\/wp\/v2\/categories?post=4130"},{"taxonomy":"post_tag","embeddable":true,"href":"https:\/\/diariotiempo.com.uy\/noticias\/wp-json\/wp\/v2\/tags?post=4130"}],"curies":[{"name":"wp","href":"https:\/\/api.w.org\/{rel}","templated":true}]}}