{"id":4623,"date":"2022-03-28T16:22:45","date_gmt":"2022-03-28T16:22:45","guid":{"rendered":"https:\/\/diariotiempo.com.uy\/noticias\/?p=4623"},"modified":"2022-03-28T16:22:46","modified_gmt":"2022-03-28T16:22:46","slug":"obras-en-viaducto-sobre-rambla-sudamerica-en-montevideo-finalizara-en-segunda-mitad-del-ano","status":"publish","type":"post","link":"https:\/\/diariotiempo.com.uy\/noticias\/2022\/03\/28\/obras-en-viaducto-sobre-rambla-sudamerica-en-montevideo-finalizara-en-segunda-mitad-del-ano\/","title":{"rendered":"Obras en viaducto sobre rambla Sudam\u00e9rica en Montevideo finalizar\u00e1 en segunda mitad del a\u00f1o"},"content":{"rendered":"\n<figure class=\"wp-block-image size-full\"><img loading=\"lazy\" decoding=\"async\" width=\"800\" height=\"471\" src=\"https:\/\/diariotiempo.com.uy\/noticias\/wp-content\/uploads\/2022\/03\/puente.jpg\" alt=\"\" class=\"wp-image-4624\" srcset=\"https:\/\/diariotiempo.com.uy\/noticias\/wp-content\/uploads\/2022\/03\/puente.jpg 800w, https:\/\/diariotiempo.com.uy\/noticias\/wp-content\/uploads\/2022\/03\/puente-300x177.jpg 300w, https:\/\/diariotiempo.com.uy\/noticias\/wp-content\/uploads\/2022\/03\/puente-768x452.jpg 768w\" sizes=\"auto, (max-width: 800px) 100vw, 800px\" \/><\/figure>\n\n\n\n<p>El ministro de Transporte y Obras P\u00fablicas, Jos\u00e9 Luis Falero, anticip\u00f3 que el viaducto de casi dos kil\u00f3metros, sobre rambla Sudam\u00e9rica en el puerto de Montevideo, presenta un avance de obra del 95%. La intervenci\u00f3n, que demand\u00f3 una inversi\u00f3n superior a 130 millones de d\u00f3lares, reordenar\u00e1 el tr\u00e1nsito de carga en la terminal portuaria capitalina.<\/p>\n\n\n\n<p>Durante una visita al \u00e1rea contigua a la nueva estaci\u00f3n central de AFE, este jueves 24, el ministro Falero explic\u00f3 en rueda de prensa que el avance respecto al viaducto es ya del 95% del total del proyecto. El titular de Transporte fue acompa\u00f1ado por el subsecretario, Juan Jos\u00e9 Olaizola; el presidente de la Administraci\u00f3n Nacional de Puertos (ANP), Juan Curbelo; el director de la Oficina de Planeamiento y Presupuesto (OPP), Isaac Alfie, y el presidente de Fonplata, Juan Notaro. Tambi\u00e9n participaron autoridades del Grupo Saceem, responsable de las tareas, encabezadas por el vicepresidente comercial y de operaciones, Alejandro Ruibal.<\/p>\n\n\n\n<p>Falero anticip\u00f3 que los trabajos principales podr\u00edan finalizar en julio y que en setiembre se culminar\u00eda con el conjunto de innovaciones anexas. Seg\u00fan explic\u00f3, esto cambiar\u00e1 \u201csustancialmente\u201d el acceso y la circulaci\u00f3n de los veh\u00edculos livianos. El espacio complementario incluye un \u00e1rea de explanada de 5 hect\u00e1reas ganadas a la bah\u00eda y una calle interna, ser\u00e1 de doble v\u00eda en ambos sentidos.<\/p>\n\n\n\n<p>El proyecto, que demandar\u00e1 una cifra superior a 130 millones de d\u00f3lares, mejora los accesos a la rambla portuaria, construye un viaducto de 1.800 metros de longitud e incluye un puente en arco de 160 metros de largo, con seis carriles elevados, tres en cada sentido, donde circular\u00e1 el tr\u00e1nsito liviano. Debajo circular\u00e1n los camiones y el transporte ferroviario.<\/p>\n\n\n\n<p>Ruibal explic\u00f3 a los periodistas que habr\u00e1 dos rampas principales de 200 metros de largo y dos rampas secundarias que permitir\u00e1n acceder desde la calle Colombia hacia el norte y descender hacia la rambla Sudam\u00e9rica, en sentido sur a norte.<\/p>\n\n\n\n<p>Agreg\u00f3 que se desviar\u00e1 el ingreso de los camiones, que se har\u00e1 por el nuevo acceso norte, y se separar\u00e1 el cruce vehicular a nivel de la rambla portuaria, con las v\u00edas de acceso del ferrocarril. \u201cEsto resolver\u00e1 el conflicto del ingreso y circulaci\u00f3n de los camiones\u201d, afirm\u00f3 el portavoz de la constructora.<\/p>\n\n\n\n<p>\u201cEl puerto ordenar\u00e1 as\u00ed sus accesos y pasar\u00e1 a contar con caracter\u00edsticas propias de un puerto moderno\u201d, apunt\u00f3.<br>Describi\u00f3 que a nivel de la rambla se realizaron obras de saneamiento, nuevos desag\u00fces pluviales y tendidos de l\u00edneas el\u00e9ctricas de alta tensi\u00f3n. En tal sentido, este mes comenz\u00f3 la construcci\u00f3n del colector Colombia.<\/p>\n\n\n\n<p>En tanto, Notaro calific\u00f3 la obra como \u201cemblem\u00e1tica\u201d por el descongestionamiento que permitir\u00e1 en los accesos a la terminal montevideana. La entidad financiera aport\u00f3 50 millones de d\u00f3lares.<br>El jerarca a\u00f1adi\u00f3 que la infraestructura se complementa con otras intervenciones de esa instituci\u00f3n que suman 400 millones de d\u00f3lares en puertos de la hidrov\u00eda Paraguay-Paran\u00e1. Fonplata es un banco de desarrollo integrado por Argentina, Bolivia, Brasil, Paraguay y Uruguay y, financia, principalmente, obras viales, de inter\u00e9s social, relacionadas a la energ\u00eda y a la salud.<\/p>\n","protected":false},"excerpt":{"rendered":"<p>El ministro de Transporte y Obras P\u00fablicas, Jos\u00e9 Luis Falero, anticip\u00f3 que el viaducto de&#8230;<\/p>\n","protected":false},"author":1,"featured_media":4624,"comment_status":"open","ping_status":"open","sticky":false,"template":"","format":"standard","meta":{"_monsterinsights_skip_tracking":false,"_monsterinsights_sitenote_active":false,"_monsterinsights_sitenote_note":"","_monsterinsights_sitenote_category":0,"footnotes":""},"categories":[79],"tags":[],"class_list":["post-4623","post","type-post","status-publish","format-standard","has-post-thumbnail","hentry","category-nacionales"],"featured_image_urls":{"full":["https:\/\/diariotiempo.com.uy\/noticias\/wp-content\/uploads\/2022\/03\/puente.jpg",800,471,false],"thumbnail":["https:\/\/diariotiempo.com.uy\/noticias\/wp-content\/uploads\/2022\/03\/puente-150x150.jpg",150,150,true],"medium":["https:\/\/diariotiempo.com.uy\/noticias\/wp-content\/uploads\/2022\/03\/puente-300x177.jpg",300,177,true],"medium_large":["https:\/\/diariotiempo.com.uy\/noticias\/wp-content\/uploads\/2022\/03\/puente-768x452.jpg",640,377,true],"large":["https:\/\/diariotiempo.com.uy\/noticias\/wp-content\/uploads\/2022\/03\/puente.jpg",640,377,false],"rpg_gallery_admin_thumb":["https:\/\/diariotiempo.com.uy\/noticias\/wp-content\/uploads\/2022\/03\/puente.jpg",150,88,false],"rpg_gallery_thumb":["https:\/\/diariotiempo.com.uy\/noticias\/wp-content\/uploads\/2022\/03\/puente.jpg",150,88,false],"1536x1536":["https:\/\/diariotiempo.com.uy\/noticias\/wp-content\/uploads\/2022\/03\/puente.jpg",800,471,false],"2048x2048":["https:\/\/diariotiempo.com.uy\/noticias\/wp-content\/uploads\/2022\/03\/puente.jpg",800,471,false],"covernews-slider-full":["https:\/\/diariotiempo.com.uy\/noticias\/wp-content\/uploads\/2022\/03\/puente.jpg",800,471,false],"covernews-slider-center":["https:\/\/diariotiempo.com.uy\/noticias\/wp-content\/uploads\/2022\/03\/puente.jpg",800,471,false],"covernews-featured":["https:\/\/diariotiempo.com.uy\/noticias\/wp-content\/uploads\/2022\/03\/puente.jpg",800,471,false],"covernews-medium":["https:\/\/diariotiempo.com.uy\/noticias\/wp-content\/uploads\/2022\/03\/puente-540x340.jpg",540,340,true],"covernews-medium-square":["https:\/\/diariotiempo.com.uy\/noticias\/wp-content\/uploads\/2022\/03\/puente-400x250.jpg",400,250,true]},"author_info":{"display_name":"diario","author_link":"https:\/\/diariotiempo.com.uy\/noticias\/author\/diario\/"},"category_info":"<a href=\"https:\/\/diariotiempo.com.uy\/noticias\/category\/nacionales\/\" rel=\"category tag\">NACIONALES<\/a>","tag_info":"NACIONALES","comment_count":"0","_links":{"self":[{"href":"https:\/\/diariotiempo.com.uy\/noticias\/wp-json\/wp\/v2\/posts\/4623","targetHints":{"allow":["GET"]}}],"collection":[{"href":"https:\/\/diariotiempo.com.uy\/noticias\/wp-json\/wp\/v2\/posts"}],"about":[{"href":"https:\/\/diariotiempo.com.uy\/noticias\/wp-json\/wp\/v2\/types\/post"}],"author":[{"embeddable":true,"href":"https:\/\/diariotiempo.com.uy\/noticias\/wp-json\/wp\/v2\/users\/1"}],"replies":[{"embeddable":true,"href":"https:\/\/diariotiempo.com.uy\/noticias\/wp-json\/wp\/v2\/comments?post=4623"}],"version-history":[{"count":1,"href":"https:\/\/diariotiempo.com.uy\/noticias\/wp-json\/wp\/v2\/posts\/4623\/revisions"}],"predecessor-version":[{"id":4625,"href":"https:\/\/diariotiempo.com.uy\/noticias\/wp-json\/wp\/v2\/posts\/4623\/revisions\/4625"}],"wp:featuredmedia":[{"embeddable":true,"href":"https:\/\/diariotiempo.com.uy\/noticias\/wp-json\/wp\/v2\/media\/4624"}],"wp:attachment":[{"href":"https:\/\/diariotiempo.com.uy\/noticias\/wp-json\/wp\/v2\/media?parent=4623"}],"wp:term":[{"taxonomy":"category","embeddable":true,"href":"https:\/\/diariotiempo.com.uy\/noticias\/wp-json\/wp\/v2\/categories?post=4623"},{"taxonomy":"post_tag","embeddable":true,"href":"https:\/\/diariotiempo.com.uy\/noticias\/wp-json\/wp\/v2\/tags?post=4623"}],"curies":[{"name":"wp","href":"https:\/\/api.w.org\/{rel}","templated":true}]}}