{"id":4636,"date":"2022-03-29T15:10:46","date_gmt":"2022-03-29T15:10:46","guid":{"rendered":"https:\/\/diariotiempo.com.uy\/noticias\/?p=4636"},"modified":"2022-03-29T15:10:47","modified_gmt":"2022-03-29T15:10:47","slug":"campana-de-prevencion-incentiva-a-usuarias-de-asse-a-realizarse-controles-pap","status":"publish","type":"post","link":"https:\/\/diariotiempo.com.uy\/noticias\/2022\/03\/29\/campana-de-prevencion-incentiva-a-usuarias-de-asse-a-realizarse-controles-pap\/","title":{"rendered":"Campa\u00f1a de prevenci\u00f3n incentiva a usuarias de ASSE a realizarse controles PAP"},"content":{"rendered":"\n<figure class=\"wp-block-image size-full\"><img loading=\"lazy\" decoding=\"async\" width=\"800\" height=\"471\" src=\"https:\/\/diariotiempo.com.uy\/noticias\/wp-content\/uploads\/2022\/03\/rap.jpg\" alt=\"\" class=\"wp-image-4637\" srcset=\"https:\/\/diariotiempo.com.uy\/noticias\/wp-content\/uploads\/2022\/03\/rap.jpg 800w, https:\/\/diariotiempo.com.uy\/noticias\/wp-content\/uploads\/2022\/03\/rap-300x177.jpg 300w, https:\/\/diariotiempo.com.uy\/noticias\/wp-content\/uploads\/2022\/03\/rap-768x452.jpg 768w\" sizes=\"auto, (max-width: 800px) 100vw, 800px\" \/><\/figure>\n\n\n\n<p>Con la presencia de la vicepresidenta de la Rep\u00fablica, Beatriz Argim\u00f3n, se present\u00f3 este viernes 25 una campa\u00f1a preventiva para incentivar la realizaci\u00f3n de la prueba Papanicolau (PAP). Est\u00e1 dirigida a usuarias de la Administraci\u00f3n de los Servicios de Salud del Estado (ASSE) de entre 21 y 69 a\u00f1os de edad. Un m\u00f3vil itinerante recorrer\u00e1 barrios de Montevideo y un equipo multidisciplinario realizar\u00e1 los controles de salud.<\/p>\n\n\n\n<p>En el marco del D\u00eda de la Prevenci\u00f3n del C\u00e1ncer de Cuello Uterino, que se conmemora el 26 de marzo, el Programa Nacional de Control del C\u00e1ncer (Pronaccan) del Ministerio de Salud P\u00fablica (MSP) organiz\u00f3, junto al policl\u00ednico m\u00f3vil de Uruguay Crece Contigo del Ministerio de Desarrollo Social (Mides); el Instituto Nacional de la Juventud (INJU); la Red de Atenci\u00f3n Primaria (RAP) de ASSE y el Hospital de la Mujer del Pereira Rossell, una campa\u00f1a para incentivar la realizaci\u00f3n del PAP.<\/p>\n\n\n\n<p>Del 25 de marzo al 7 de abril, las usuarias de ASSE de entre 21 y 69 a\u00f1os podr\u00e1n realizarse este estudio con agenda previa en el policl\u00ednico m\u00f3vil dispuesto para ese fin. Dicho servicio recorrer\u00e1 diferentes zonas de Montevideo; comenzar\u00e1 en la Plaza de Deportes N.\u00b04 del Cerrito de la Victoria; y recorrer\u00e1 los barrios Maracan\u00e1 Norte, Marconi, Hip\u00f3dromo, Pajas Blancas, Piedras Blancas y Carrasco Norte.<\/p>\n\n\n\n<p>En el lanzamiento de estas jornadas estuvieron tambi\u00e9n el subsecretario del MSP, Jos\u00e9 Luis Satdjian; la directora del Programa Nacional de Control de C\u00e1ncer del MSP, Marisa Fazzino; la directora nacional de Desarrollo Social del Mides, Cecilia Sena; la gerenta de Uruguay Crece Contigo, Mar\u00eda Victoria Est\u00e9vez; as\u00ed como la referente t\u00e9cnica en salud sexual y reproductiva de ASSE y el equipo de Pronaccan, M\u00f3nica Gorgoroso.<\/p>\n\n\n\n<p>Cecilia Sena explic\u00f3 que el objetivo de esta iniciativa es fortalecer la prevenci\u00f3n del c\u00e1ncer de cuello de \u00fatero. Adem\u00e1s, dijo que es fundamental el control en las mujeres, no solo durante el embarazo, sino en etapas posteriores. Resalt\u00f3 que un equipo multidisciplinario de profesionales de Uruguay Crece Contigo, ASSE y MSP implementar\u00e1 estos an\u00e1lisis.<\/p>\n\n\n\n<p>Por su parte, Fazzino se\u00f1al\u00f3 que el c\u00e1ncer de cuello de \u00fatero no deber\u00eda existir, porque es totalmente prevenible, sin embargo, en nuestro pa\u00eds hay un promedio anual de 311 casos nuevos y 133 muertes. A su vez, estas muertes suceden en gente joven de contextos vulnerables, por lo que es fundamental el control, especialmente en mujeres de esta franja etaria.<\/p>\n\n\n\n<p>Adem\u00e1s, dijo que durante la pandemia hubo una reducci\u00f3n aproximada del 25% en los prestadores privados y 44% en ASSE, fundamentalmente durante los tres primeros meses de pandemia, y noviembre y diciembre con el nuevo aumento de casos de COVID-19.<\/p>\n\n\n\n<p>En relaci\u00f3n a la vacunaci\u00f3n en ni\u00f1as y varones, dijo que desde el inicio de la inoculaci\u00f3n hay una cobertura en primera dosis de ni\u00f1as de un 69% y una segunda dosis de 52%, mientras que en los varones es en la primera dosis del 52% y en la segunda dosis de m\u00e1s del 20%. Reconoci\u00f3 que es necesario mejorar estas cifras.<\/p>\n","protected":false},"excerpt":{"rendered":"<p>Con la presencia de la vicepresidenta de la Rep\u00fablica, Beatriz Argim\u00f3n, se present\u00f3 este viernes&#8230;<\/p>\n","protected":false},"author":1,"featured_media":4637,"comment_status":"open","ping_status":"open","sticky":false,"template":"","format":"standard","meta":{"_monsterinsights_skip_tracking":false,"_monsterinsights_sitenote_active":false,"_monsterinsights_sitenote_note":"","_monsterinsights_sitenote_category":0,"footnotes":""},"categories":[79],"tags":[],"class_list":["post-4636","post","type-post","status-publish","format-standard","has-post-thumbnail","hentry","category-nacionales"],"featured_image_urls":{"full":["https:\/\/diariotiempo.com.uy\/noticias\/wp-content\/uploads\/2022\/03\/rap.jpg",800,471,false],"thumbnail":["https:\/\/diariotiempo.com.uy\/noticias\/wp-content\/uploads\/2022\/03\/rap-150x150.jpg",150,150,true],"medium":["https:\/\/diariotiempo.com.uy\/noticias\/wp-content\/uploads\/2022\/03\/rap-300x177.jpg",300,177,true],"medium_large":["https:\/\/diariotiempo.com.uy\/noticias\/wp-content\/uploads\/2022\/03\/rap-768x452.jpg",640,377,true],"large":["https:\/\/diariotiempo.com.uy\/noticias\/wp-content\/uploads\/2022\/03\/rap.jpg",640,377,false],"rpg_gallery_admin_thumb":["https:\/\/diariotiempo.com.uy\/noticias\/wp-content\/uploads\/2022\/03\/rap.jpg",150,88,false],"rpg_gallery_thumb":["https:\/\/diariotiempo.com.uy\/noticias\/wp-content\/uploads\/2022\/03\/rap.jpg",150,88,false],"1536x1536":["https:\/\/diariotiempo.com.uy\/noticias\/wp-content\/uploads\/2022\/03\/rap.jpg",800,471,false],"2048x2048":["https:\/\/diariotiempo.com.uy\/noticias\/wp-content\/uploads\/2022\/03\/rap.jpg",800,471,false],"covernews-slider-full":["https:\/\/diariotiempo.com.uy\/noticias\/wp-content\/uploads\/2022\/03\/rap.jpg",800,471,false],"covernews-slider-center":["https:\/\/diariotiempo.com.uy\/noticias\/wp-content\/uploads\/2022\/03\/rap.jpg",800,471,false],"covernews-featured":["https:\/\/diariotiempo.com.uy\/noticias\/wp-content\/uploads\/2022\/03\/rap.jpg",800,471,false],"covernews-medium":["https:\/\/diariotiempo.com.uy\/noticias\/wp-content\/uploads\/2022\/03\/rap-540x340.jpg",540,340,true],"covernews-medium-square":["https:\/\/diariotiempo.com.uy\/noticias\/wp-content\/uploads\/2022\/03\/rap-400x250.jpg",400,250,true]},"author_info":{"display_name":"diario","author_link":"https:\/\/diariotiempo.com.uy\/noticias\/author\/diario\/"},"category_info":"<a href=\"https:\/\/diariotiempo.com.uy\/noticias\/category\/nacionales\/\" rel=\"category tag\">NACIONALES<\/a>","tag_info":"NACIONALES","comment_count":"0","_links":{"self":[{"href":"https:\/\/diariotiempo.com.uy\/noticias\/wp-json\/wp\/v2\/posts\/4636","targetHints":{"allow":["GET"]}}],"collection":[{"href":"https:\/\/diariotiempo.com.uy\/noticias\/wp-json\/wp\/v2\/posts"}],"about":[{"href":"https:\/\/diariotiempo.com.uy\/noticias\/wp-json\/wp\/v2\/types\/post"}],"author":[{"embeddable":true,"href":"https:\/\/diariotiempo.com.uy\/noticias\/wp-json\/wp\/v2\/users\/1"}],"replies":[{"embeddable":true,"href":"https:\/\/diariotiempo.com.uy\/noticias\/wp-json\/wp\/v2\/comments?post=4636"}],"version-history":[{"count":1,"href":"https:\/\/diariotiempo.com.uy\/noticias\/wp-json\/wp\/v2\/posts\/4636\/revisions"}],"predecessor-version":[{"id":4638,"href":"https:\/\/diariotiempo.com.uy\/noticias\/wp-json\/wp\/v2\/posts\/4636\/revisions\/4638"}],"wp:featuredmedia":[{"embeddable":true,"href":"https:\/\/diariotiempo.com.uy\/noticias\/wp-json\/wp\/v2\/media\/4637"}],"wp:attachment":[{"href":"https:\/\/diariotiempo.com.uy\/noticias\/wp-json\/wp\/v2\/media?parent=4636"}],"wp:term":[{"taxonomy":"category","embeddable":true,"href":"https:\/\/diariotiempo.com.uy\/noticias\/wp-json\/wp\/v2\/categories?post=4636"},{"taxonomy":"post_tag","embeddable":true,"href":"https:\/\/diariotiempo.com.uy\/noticias\/wp-json\/wp\/v2\/tags?post=4636"}],"curies":[{"name":"wp","href":"https:\/\/api.w.org\/{rel}","templated":true}]}}