{"id":4801,"date":"2022-04-07T16:23:45","date_gmt":"2022-04-07T16:23:45","guid":{"rendered":"https:\/\/diariotiempo.com.uy\/noticias\/?p=4801"},"modified":"2022-04-07T16:23:46","modified_gmt":"2022-04-07T16:23:46","slug":"asse-dejo-inauguradas-bases-del-same-105-en-hospital-de-canelones-y-centro-auxiliar-de-santa-lucia","status":"publish","type":"post","link":"https:\/\/diariotiempo.com.uy\/noticias\/2022\/04\/07\/asse-dejo-inauguradas-bases-del-same-105-en-hospital-de-canelones-y-centro-auxiliar-de-santa-lucia\/","title":{"rendered":"Asse dej\u00f3 inauguradas bases del Same 105 en Hospital de Canelones y Centro auxiliar de Santa Luc\u00eda"},"content":{"rendered":"\n<figure class=\"wp-block-image size-full\"><img loading=\"lazy\" decoding=\"async\" width=\"800\" height=\"532\" src=\"https:\/\/diariotiempo.com.uy\/noticias\/wp-content\/uploads\/2022\/04\/asse.jpg\" alt=\"\" class=\"wp-image-4802\" srcset=\"https:\/\/diariotiempo.com.uy\/noticias\/wp-content\/uploads\/2022\/04\/asse.jpg 800w, https:\/\/diariotiempo.com.uy\/noticias\/wp-content\/uploads\/2022\/04\/asse-300x200.jpg 300w, https:\/\/diariotiempo.com.uy\/noticias\/wp-content\/uploads\/2022\/04\/asse-768x511.jpg 768w\" sizes=\"auto, (max-width: 800px) 100vw, 800px\" \/><\/figure>\n\n\n\n<p>Este martes 5 de abril, continuando con el proceso de descentralizaci\u00f3n y de mejora de la accesibilidad a los servicios, ASSE dej\u00f3 inauguradas dos Bases del SAME 105, una en el Hospital de Canelones y la otra en el Centro Auxiliar de Santa Luc\u00eda. Se trata de dos nuevos nodos de coordinaci\u00f3n y control de traslados especializados de urgencias y emergencias que salvan vidas.<br>El Director del SAME 105, Jos\u00e9 Antonio Rodr\u00edguez, sostuvo que estas nuevas bases representan otro eslab\u00f3n en la expansi\u00f3n de este Sistema de Asistencia M\u00e9dica de Emergencia a nivel nacional.<br>Estas ambulancias especializadas, verdaderos CTI m\u00f3viles, se trasladan a domicilio en caso de real o potencial riesgo de vida del paciente, llamando al n\u00famero 105; es decir, en casos de emergencias y urgencias.<br>Por su parte, el Presidente de ASSE, Leonardo Cipriani, destac\u00f3 que el SAME 105 pas\u00f3 de tener 8 l\u00edneas anal\u00f3gicas, a una central digital con 90 entradas y una respuesta de 10 a 15 segundos.<br>El jerarca expres\u00f3 que ambas unidades atender\u00e1n a vecinos de zonas aleda\u00f1as.<br>Record\u00f3 asimismo, que en el departamento de Canelones, ya est\u00e1n en funcionamiento Bases en Las Piedras, San Bautista, Parque del Plata y Ciudad de la Costa. Pr\u00f3ximamente quedar\u00e1n instaladas en Migues y Paso Carrasco.<br>Participaron asimismo de los eventos, el Vicepresidente de ASSE, Marcelo Sosa, el Vocal de la Instituci\u00f3n, Julio Micak y el Director de la Regi\u00f3n Sur, Blauco Rodr\u00edguez Andrada.<\/p>\n\n\n\n<p>FIN DE LA EMERGENCIA SANITARIA<\/p>\n\n\n\n<p>Consultado sobre el fin de la Emergencia Sanitaria anunciada por Presidencia de la Rep\u00fablica, el Presidente de ASSE afirm\u00f3 que est\u00e1 de acuerdo con la medida.<br>En el caso particular del prestador p\u00fablico, dijo que actualmente s\u00f3lo tiene 8 pacientes en CTI a causa de Covid y que se trata de personas con comorbilidades. De hecho, expres\u00f3 que hay m\u00e1s pacientes internados por neumon\u00eda.<br>En cuanto a la estructura ya creada en ASSE, subray\u00f3 que la misma se mantiene: CTIs creados, Puertas de Urgencia, ambulancias especializadas, etc.<\/p>\n\n\n\n<p>SOBRE SITUACI\u00d3N EN EL VILARDEB\u00d3<\/p>\n\n\n\n<p>Consultado sobre la denuncia de m\u00e9dicos del Hospital Vilardeb\u00f3 en cuanto a la atenci\u00f3n en puerta de emergencia, el jerarca manifest\u00f3 que no le ha llegado nada por las v\u00edas correspondientes.<br>Agreg\u00f3 que s\u00ed se puede decir desde ASSE, es que a nivel de la atenci\u00f3n en psiquiatr\u00eda la Instituci\u00f3n est\u00e1 haciendo un esfuerzo muy grande pagando a los m\u00e9dicos psiquiatras $1300 la hora o m\u00e1s, como cargos de a Alta Dedicaci\u00f3n, y que hay llamados abiertos para todos.<br>Consider\u00f3 que con la cantidad de funcionarios y de m\u00e9dicos con los que se cuenta, no deber\u00eda existir problemas, pero que se interiorizar\u00e1 sobre la denuncia realizada.<\/p>\n","protected":false},"excerpt":{"rendered":"<p>Este martes 5 de abril, continuando con el proceso de descentralizaci\u00f3n y de mejora de&#8230;<\/p>\n","protected":false},"author":1,"featured_media":4802,"comment_status":"open","ping_status":"open","sticky":false,"template":"","format":"standard","meta":{"_monsterinsights_skip_tracking":false,"_monsterinsights_sitenote_active":false,"_monsterinsights_sitenote_note":"","_monsterinsights_sitenote_category":0,"footnotes":""},"categories":[4],"tags":[],"class_list":["post-4801","post","type-post","status-publish","format-standard","has-post-thumbnail","hentry","category-departamental"],"featured_image_urls":{"full":["https:\/\/diariotiempo.com.uy\/noticias\/wp-content\/uploads\/2022\/04\/asse.jpg",800,532,false],"thumbnail":["https:\/\/diariotiempo.com.uy\/noticias\/wp-content\/uploads\/2022\/04\/asse-150x150.jpg",150,150,true],"medium":["https:\/\/diariotiempo.com.uy\/noticias\/wp-content\/uploads\/2022\/04\/asse-300x200.jpg",300,200,true],"medium_large":["https:\/\/diariotiempo.com.uy\/noticias\/wp-content\/uploads\/2022\/04\/asse-768x511.jpg",640,426,true],"large":["https:\/\/diariotiempo.com.uy\/noticias\/wp-content\/uploads\/2022\/04\/asse.jpg",640,426,false],"rpg_gallery_admin_thumb":["https:\/\/diariotiempo.com.uy\/noticias\/wp-content\/uploads\/2022\/04\/asse.jpg",150,100,false],"rpg_gallery_thumb":["https:\/\/diariotiempo.com.uy\/noticias\/wp-content\/uploads\/2022\/04\/asse.jpg",150,100,false],"1536x1536":["https:\/\/diariotiempo.com.uy\/noticias\/wp-content\/uploads\/2022\/04\/asse.jpg",800,532,false],"2048x2048":["https:\/\/diariotiempo.com.uy\/noticias\/wp-content\/uploads\/2022\/04\/asse.jpg",800,532,false],"covernews-slider-full":["https:\/\/diariotiempo.com.uy\/noticias\/wp-content\/uploads\/2022\/04\/asse.jpg",800,532,false],"covernews-slider-center":["https:\/\/diariotiempo.com.uy\/noticias\/wp-content\/uploads\/2022\/04\/asse-800x500.jpg",800,500,true],"covernews-featured":["https:\/\/diariotiempo.com.uy\/noticias\/wp-content\/uploads\/2022\/04\/asse.jpg",800,532,false],"covernews-medium":["https:\/\/diariotiempo.com.uy\/noticias\/wp-content\/uploads\/2022\/04\/asse-540x340.jpg",540,340,true],"covernews-medium-square":["https:\/\/diariotiempo.com.uy\/noticias\/wp-content\/uploads\/2022\/04\/asse-400x250.jpg",400,250,true]},"author_info":{"display_name":"diario","author_link":"https:\/\/diariotiempo.com.uy\/noticias\/author\/diario\/"},"category_info":"<a href=\"https:\/\/diariotiempo.com.uy\/noticias\/category\/departamental\/\" rel=\"category tag\">DEPARTAMENTAL<\/a>","tag_info":"DEPARTAMENTAL","comment_count":"0","_links":{"self":[{"href":"https:\/\/diariotiempo.com.uy\/noticias\/wp-json\/wp\/v2\/posts\/4801","targetHints":{"allow":["GET"]}}],"collection":[{"href":"https:\/\/diariotiempo.com.uy\/noticias\/wp-json\/wp\/v2\/posts"}],"about":[{"href":"https:\/\/diariotiempo.com.uy\/noticias\/wp-json\/wp\/v2\/types\/post"}],"author":[{"embeddable":true,"href":"https:\/\/diariotiempo.com.uy\/noticias\/wp-json\/wp\/v2\/users\/1"}],"replies":[{"embeddable":true,"href":"https:\/\/diariotiempo.com.uy\/noticias\/wp-json\/wp\/v2\/comments?post=4801"}],"version-history":[{"count":1,"href":"https:\/\/diariotiempo.com.uy\/noticias\/wp-json\/wp\/v2\/posts\/4801\/revisions"}],"predecessor-version":[{"id":4803,"href":"https:\/\/diariotiempo.com.uy\/noticias\/wp-json\/wp\/v2\/posts\/4801\/revisions\/4803"}],"wp:featuredmedia":[{"embeddable":true,"href":"https:\/\/diariotiempo.com.uy\/noticias\/wp-json\/wp\/v2\/media\/4802"}],"wp:attachment":[{"href":"https:\/\/diariotiempo.com.uy\/noticias\/wp-json\/wp\/v2\/media?parent=4801"}],"wp:term":[{"taxonomy":"category","embeddable":true,"href":"https:\/\/diariotiempo.com.uy\/noticias\/wp-json\/wp\/v2\/categories?post=4801"},{"taxonomy":"post_tag","embeddable":true,"href":"https:\/\/diariotiempo.com.uy\/noticias\/wp-json\/wp\/v2\/tags?post=4801"}],"curies":[{"name":"wp","href":"https:\/\/api.w.org\/{rel}","templated":true}]}}