{"id":4804,"date":"2022-04-07T16:25:47","date_gmt":"2022-04-07T16:25:47","guid":{"rendered":"https:\/\/diariotiempo.com.uy\/noticias\/?p=4804"},"modified":"2022-04-07T16:25:48","modified_gmt":"2022-04-07T16:25:48","slug":"anep-no-exigira-cuarentenas-en-los-centros-educativos","status":"publish","type":"post","link":"https:\/\/diariotiempo.com.uy\/noticias\/2022\/04\/07\/anep-no-exigira-cuarentenas-en-los-centros-educativos\/","title":{"rendered":"ANEP no exigir\u00e1 cuarentenas en los centros educativos"},"content":{"rendered":"\n<figure class=\"wp-block-image size-full\"><img loading=\"lazy\" decoding=\"async\" width=\"800\" height=\"485\" src=\"https:\/\/diariotiempo.com.uy\/noticias\/wp-content\/uploads\/2022\/04\/anep.jpg\" alt=\"\" class=\"wp-image-4805\" srcset=\"https:\/\/diariotiempo.com.uy\/noticias\/wp-content\/uploads\/2022\/04\/anep.jpg 800w, https:\/\/diariotiempo.com.uy\/noticias\/wp-content\/uploads\/2022\/04\/anep-300x182.jpg 300w, https:\/\/diariotiempo.com.uy\/noticias\/wp-content\/uploads\/2022\/04\/anep-768x466.jpg 768w\" sizes=\"auto, (max-width: 800px) 100vw, 800px\" \/><\/figure>\n\n\n\n<p>Las autoridades de Salud P\u00fablica y Educaci\u00f3n acordaron, este martes 5, finalizar la disposici\u00f3n que obligaba a realizar cuarentenas cuando se registraran casos positivos de COVID-19 en centros educativos. El uso de tapabocas ser\u00e1 recomendado, pero no obligatorio, con excepci\u00f3n de funcionarios que manipulen alimentos. Las medidas surgen tras el anuncio del presidente Lacalle Pou de dar por terminada la emergencia sanitaria.<\/p>\n\n\n\n<p>En la reuni\u00f3n realizada en la sede del Ministerio de Salud P\u00fablica, participaron el titular de esa cartera, Daniel Salinas, y el subsecretario, Jos\u00e9 Luis Satdjian, junto con el ministro de Educaci\u00f3n y Cultura, Pablo da Silveira, y el presidente de la Administraci\u00f3n Nacional de Educaci\u00f3n P\u00fablica (ANEP), Robert Silva.<br>\u201cCon estas medidas, se est\u00e1 cerrando un per\u00edodo de excepci\u00f3n que vivi\u00f3 nuestra ense\u00f1anza durante dos a\u00f1os, y es momento de agradecer a docentes, funcionarios, familias y alumnos por la responsabilidad con que se manejaron\u201d, reflexion\u00f3 Da Silveira, en rueda de prensa, tras el encuentro.<\/p>\n\n\n\n<p>El jerarca inform\u00f3 que el acuerdo entre los ministerios y la ANEP se concret\u00f3 \u201cen el marco del decreto que se est\u00e1 firmando en estas horas y que pone fin a la emergencia sanitaria\u00bb. Adem\u00e1s, enfatiz\u00f3: \u00abLa gran noticia es que se terminan las cuarentenas en los centros educativos\u201d.<br>\u201cEsto significa que, salvo algunas medidas que se van a mantener, estamos volviendo a una situaci\u00f3n de normalidad en todos los centros educativos a partir del lunes despu\u00e9s de Pascuas\u201d.<br>Da Silveira dijo que, en caso de personas con s\u00edntomas, es recomendable la no asistencia a clases y, en caso de hacerlo, el uso de tapabocas. Si se constata la presencia de un caso positivo de COVID-19, la clase sigue funcionando normalmente, remarc\u00f3. El ministro a\u00f1adi\u00f3 que \u201cel \u00fanico caso en el que se mantiene el uso obligatorio de tapabocas es para los funcionarios que manipulen alimentos\u201d<\/p>\n\n\n\n<p>\u201cEstamos llegando a la etapa final de un camino iniciado en abril de 2020, cuando se aprobaron los protocolos en el marco de la pandemia\u201d, complement\u00f3, por su parte, Silva. El presidente de la ANEP llam\u00f3 a \u201cseguir cuid\u00e1ndonos\u201d y consider\u00f3 como \u201cuna buena noticia para el pa\u00eds y la educaci\u00f3n\u201d el fin de la emergencia sanitaria anunciada en la tarde del lunes 4 por el presidente Lacalle Pou.<br>Inform\u00f3 que no habr\u00e1 m\u00e1s cuarentenas y, en caso de constatar alguna situaci\u00f3n de s\u00edntomas, \u201cse recomienda concurrir a su m\u00e9dico\u201d y \u201cel uso de tapabocas para el caso de dos o m\u00e1s estudiantes que tengan la enfermedad en una misma clase\u201d, explic\u00f3.<\/p>\n\n\n\n<p>Silva record\u00f3 que ya no era obligatorio el uso de mascarilla, por lo tanto, solo se emite una recomendaci\u00f3n para su utilizaci\u00f3n. Las recomendaciones sanitarias tambi\u00e9n implican la ventilaci\u00f3n de las aulas.<\/p>\n","protected":false},"excerpt":{"rendered":"<p>Las autoridades de Salud P\u00fablica y Educaci\u00f3n acordaron, este martes 5, finalizar la disposici\u00f3n que&#8230;<\/p>\n","protected":false},"author":1,"featured_media":4805,"comment_status":"open","ping_status":"open","sticky":false,"template":"","format":"standard","meta":{"_monsterinsights_skip_tracking":false,"_monsterinsights_sitenote_active":false,"_monsterinsights_sitenote_note":"","_monsterinsights_sitenote_category":0,"footnotes":""},"categories":[79],"tags":[],"class_list":["post-4804","post","type-post","status-publish","format-standard","has-post-thumbnail","hentry","category-nacionales"],"featured_image_urls":{"full":["https:\/\/diariotiempo.com.uy\/noticias\/wp-content\/uploads\/2022\/04\/anep.jpg",800,485,false],"thumbnail":["https:\/\/diariotiempo.com.uy\/noticias\/wp-content\/uploads\/2022\/04\/anep-150x150.jpg",150,150,true],"medium":["https:\/\/diariotiempo.com.uy\/noticias\/wp-content\/uploads\/2022\/04\/anep-300x182.jpg",300,182,true],"medium_large":["https:\/\/diariotiempo.com.uy\/noticias\/wp-content\/uploads\/2022\/04\/anep-768x466.jpg",640,388,true],"large":["https:\/\/diariotiempo.com.uy\/noticias\/wp-content\/uploads\/2022\/04\/anep.jpg",640,388,false],"rpg_gallery_admin_thumb":["https:\/\/diariotiempo.com.uy\/noticias\/wp-content\/uploads\/2022\/04\/anep.jpg",150,91,false],"rpg_gallery_thumb":["https:\/\/diariotiempo.com.uy\/noticias\/wp-content\/uploads\/2022\/04\/anep.jpg",150,91,false],"1536x1536":["https:\/\/diariotiempo.com.uy\/noticias\/wp-content\/uploads\/2022\/04\/anep.jpg",800,485,false],"2048x2048":["https:\/\/diariotiempo.com.uy\/noticias\/wp-content\/uploads\/2022\/04\/anep.jpg",800,485,false],"covernews-slider-full":["https:\/\/diariotiempo.com.uy\/noticias\/wp-content\/uploads\/2022\/04\/anep.jpg",800,485,false],"covernews-slider-center":["https:\/\/diariotiempo.com.uy\/noticias\/wp-content\/uploads\/2022\/04\/anep.jpg",800,485,false],"covernews-featured":["https:\/\/diariotiempo.com.uy\/noticias\/wp-content\/uploads\/2022\/04\/anep.jpg",800,485,false],"covernews-medium":["https:\/\/diariotiempo.com.uy\/noticias\/wp-content\/uploads\/2022\/04\/anep-540x340.jpg",540,340,true],"covernews-medium-square":["https:\/\/diariotiempo.com.uy\/noticias\/wp-content\/uploads\/2022\/04\/anep-400x250.jpg",400,250,true]},"author_info":{"display_name":"diario","author_link":"https:\/\/diariotiempo.com.uy\/noticias\/author\/diario\/"},"category_info":"<a href=\"https:\/\/diariotiempo.com.uy\/noticias\/category\/nacionales\/\" rel=\"category tag\">NACIONALES<\/a>","tag_info":"NACIONALES","comment_count":"0","_links":{"self":[{"href":"https:\/\/diariotiempo.com.uy\/noticias\/wp-json\/wp\/v2\/posts\/4804","targetHints":{"allow":["GET"]}}],"collection":[{"href":"https:\/\/diariotiempo.com.uy\/noticias\/wp-json\/wp\/v2\/posts"}],"about":[{"href":"https:\/\/diariotiempo.com.uy\/noticias\/wp-json\/wp\/v2\/types\/post"}],"author":[{"embeddable":true,"href":"https:\/\/diariotiempo.com.uy\/noticias\/wp-json\/wp\/v2\/users\/1"}],"replies":[{"embeddable":true,"href":"https:\/\/diariotiempo.com.uy\/noticias\/wp-json\/wp\/v2\/comments?post=4804"}],"version-history":[{"count":1,"href":"https:\/\/diariotiempo.com.uy\/noticias\/wp-json\/wp\/v2\/posts\/4804\/revisions"}],"predecessor-version":[{"id":4806,"href":"https:\/\/diariotiempo.com.uy\/noticias\/wp-json\/wp\/v2\/posts\/4804\/revisions\/4806"}],"wp:featuredmedia":[{"embeddable":true,"href":"https:\/\/diariotiempo.com.uy\/noticias\/wp-json\/wp\/v2\/media\/4805"}],"wp:attachment":[{"href":"https:\/\/diariotiempo.com.uy\/noticias\/wp-json\/wp\/v2\/media?parent=4804"}],"wp:term":[{"taxonomy":"category","embeddable":true,"href":"https:\/\/diariotiempo.com.uy\/noticias\/wp-json\/wp\/v2\/categories?post=4804"},{"taxonomy":"post_tag","embeddable":true,"href":"https:\/\/diariotiempo.com.uy\/noticias\/wp-json\/wp\/v2\/tags?post=4804"}],"curies":[{"name":"wp","href":"https:\/\/api.w.org\/{rel}","templated":true}]}}