{"id":4815,"date":"2022-04-08T14:26:44","date_gmt":"2022-04-08T14:26:44","guid":{"rendered":"https:\/\/diariotiempo.com.uy\/noticias\/?p=4815"},"modified":"2022-04-08T14:27:08","modified_gmt":"2022-04-08T14:27:08","slug":"celebraron-los-234-anos-de-la-ciudad-de-pando","status":"publish","type":"post","link":"https:\/\/diariotiempo.com.uy\/noticias\/2022\/04\/08\/celebraron-los-234-anos-de-la-ciudad-de-pando\/","title":{"rendered":"Celebraron los 234 a\u00f1os de la ciudad de Pando"},"content":{"rendered":"\n<figure class=\"wp-block-gallery has-nested-images columns-2 is-cropped wp-block-gallery-1 is-layout-flex wp-block-gallery-is-layout-flex\">\n<figure class=\"wp-block-image size-large\"><img loading=\"lazy\" decoding=\"async\" width=\"800\" height=\"666\" data-id=\"4816\" src=\"https:\/\/diariotiempo.com.uy\/noticias\/wp-content\/uploads\/2022\/04\/277665469_1508327736230911_4950347606350832799_n.jpg\" alt=\"\" class=\"wp-image-4816\" srcset=\"https:\/\/diariotiempo.com.uy\/noticias\/wp-content\/uploads\/2022\/04\/277665469_1508327736230911_4950347606350832799_n.jpg 800w, https:\/\/diariotiempo.com.uy\/noticias\/wp-content\/uploads\/2022\/04\/277665469_1508327736230911_4950347606350832799_n-300x250.jpg 300w, https:\/\/diariotiempo.com.uy\/noticias\/wp-content\/uploads\/2022\/04\/277665469_1508327736230911_4950347606350832799_n-768x639.jpg 768w\" sizes=\"auto, (max-width: 800px) 100vw, 800px\" \/><\/figure>\n\n\n\n<figure class=\"wp-block-image size-large\"><img loading=\"lazy\" decoding=\"async\" width=\"800\" height=\"666\" data-id=\"4817\" src=\"https:\/\/diariotiempo.com.uy\/noticias\/wp-content\/uploads\/2022\/04\/mazzei.jpg\" alt=\"\" class=\"wp-image-4817\" srcset=\"https:\/\/diariotiempo.com.uy\/noticias\/wp-content\/uploads\/2022\/04\/mazzei.jpg 800w, https:\/\/diariotiempo.com.uy\/noticias\/wp-content\/uploads\/2022\/04\/mazzei-300x250.jpg 300w, https:\/\/diariotiempo.com.uy\/noticias\/wp-content\/uploads\/2022\/04\/mazzei-768x639.jpg 768w\" sizes=\"auto, (max-width: 800px) 100vw, 800px\" \/><\/figure>\n\n\n\n<figure class=\"wp-block-image size-large\"><img loading=\"lazy\" decoding=\"async\" width=\"800\" height=\"666\" data-id=\"4819\" src=\"https:\/\/diariotiempo.com.uy\/noticias\/wp-content\/uploads\/2022\/04\/pando.jpg\" alt=\"\" class=\"wp-image-4819\" srcset=\"https:\/\/diariotiempo.com.uy\/noticias\/wp-content\/uploads\/2022\/04\/pando.jpg 800w, https:\/\/diariotiempo.com.uy\/noticias\/wp-content\/uploads\/2022\/04\/pando-300x250.jpg 300w, https:\/\/diariotiempo.com.uy\/noticias\/wp-content\/uploads\/2022\/04\/pando-768x639.jpg 768w\" sizes=\"auto, (max-width: 800px) 100vw, 800px\" \/><\/figure>\n<\/figure>\n\n\n\n<p>Pando celebr\u00f3 sus 234 a\u00f1os de fundaci\u00f3n el pasado 30 de marzo. El municipio local, junto al comit\u00e9 de festejos, organiz\u00f3 un conversatorio que se realiz\u00f3 el pasado viernes 1 de abril en el Centro Cultural de Pando.<\/p>\n\n\n\n<p>Con una gran cantidad de p\u00fablico se llev\u00f3 adelante la actividad que convoc\u00f3 a vecinas y vecinos e integrantes de las instituciones locales y fuerzas vivas de la ciudad. En este marco, se instalaron galer\u00edas con fotograf\u00edas, arte e informaci\u00f3n de la historia de la ciudad. Adem\u00e1s, participaron artistas locales con m\u00fasica en vivo.<\/p>\n\n\n\n<p>El Alcalde del Municipio de Pando, Alcides P\u00e9rez, hizo uso de la palabra e invit\u00f3 a trabajar a todos y todas en un nivel horizontal. \u201cTodos debemos participar, creo que todos tenemos algo para decir de nuestra ciudad\u201d, reflexion\u00f3, al tiempo que inst\u00f3 a no hacer discursos sino a hablar e intercambiar historias y an\u00e9cdotas en un ambiente c\u00e1lido y distendido.<br>Por su parte, el integrante de la comisi\u00f3n organizadora de los festejos, Rodrigo Ramplodi, expres\u00f3 que se trat\u00f3 de unir aquellos aportes que estaban circulando en la sociedad, \u201cque son distintos trabajos de distintos momentos pero que nos convocan a la historia y la memoria de Pando. Es un recorrido por todo el trabajo que vienen haciendo muchas personas, de la localidad y fuera de ella, para rescatar la historia y la memoria\u201d.<br>El proceso fundacional de Pando comenz\u00f3 antes del 30 de marzo de 1788, fecha oficial de su fundaci\u00f3n, y en este conversatorio se compartieron historias y an\u00e9cdotas de los fundadores y de aquellos hitos que forjaron la ciudad. \u201cSe refleja el trabajo de la c\u00e1tedra, con el equipo encabezado por Rampoldi, que trabaj\u00f3 en la historia de Pando\u201d, inform\u00f3 el Alcalde P\u00e9rez.<br>Participaron de la actividad integrantes del Concejo local as\u00ed como el Director de Promoci\u00f3n Cultural de la Intendencia de Canelones, Jorge Schellemberg, integrantes de clubes deportivos, sociales y de la Fundaci\u00f3n Todos por Pando.<\/p>\n","protected":false},"excerpt":{"rendered":"<p>Pando celebr\u00f3 sus 234 a\u00f1os de fundaci\u00f3n el pasado 30 de marzo. El municipio local,&#8230;<\/p>\n","protected":false},"author":1,"featured_media":4820,"comment_status":"open","ping_status":"open","sticky":false,"template":"","format":"standard","meta":{"_monsterinsights_skip_tracking":false,"_monsterinsights_sitenote_active":false,"_monsterinsights_sitenote_note":"","_monsterinsights_sitenote_category":0,"footnotes":""},"categories":[19],"tags":[],"class_list":["post-4815","post","type-post","status-publish","format-standard","has-post-thumbnail","hentry","category-pando"],"featured_image_urls":{"full":["https:\/\/diariotiempo.com.uy\/noticias\/wp-content\/uploads\/2022\/04\/saxo.jpg",800,432,false],"thumbnail":["https:\/\/diariotiempo.com.uy\/noticias\/wp-content\/uploads\/2022\/04\/saxo-150x150.jpg",150,150,true],"medium":["https:\/\/diariotiempo.com.uy\/noticias\/wp-content\/uploads\/2022\/04\/saxo-300x162.jpg",300,162,true],"medium_large":["https:\/\/diariotiempo.com.uy\/noticias\/wp-content\/uploads\/2022\/04\/saxo-768x415.jpg",640,346,true],"large":["https:\/\/diariotiempo.com.uy\/noticias\/wp-content\/uploads\/2022\/04\/saxo.jpg",640,346,false],"rpg_gallery_admin_thumb":["https:\/\/diariotiempo.com.uy\/noticias\/wp-content\/uploads\/2022\/04\/saxo.jpg",150,81,false],"rpg_gallery_thumb":["https:\/\/diariotiempo.com.uy\/noticias\/wp-content\/uploads\/2022\/04\/saxo.jpg",150,81,false],"1536x1536":["https:\/\/diariotiempo.com.uy\/noticias\/wp-content\/uploads\/2022\/04\/saxo.jpg",800,432,false],"2048x2048":["https:\/\/diariotiempo.com.uy\/noticias\/wp-content\/uploads\/2022\/04\/saxo.jpg",800,432,false],"covernews-slider-full":["https:\/\/diariotiempo.com.uy\/noticias\/wp-content\/uploads\/2022\/04\/saxo.jpg",800,432,false],"covernews-slider-center":["https:\/\/diariotiempo.com.uy\/noticias\/wp-content\/uploads\/2022\/04\/saxo.jpg",800,432,false],"covernews-featured":["https:\/\/diariotiempo.com.uy\/noticias\/wp-content\/uploads\/2022\/04\/saxo.jpg",800,432,false],"covernews-medium":["https:\/\/diariotiempo.com.uy\/noticias\/wp-content\/uploads\/2022\/04\/saxo-540x340.jpg",540,340,true],"covernews-medium-square":["https:\/\/diariotiempo.com.uy\/noticias\/wp-content\/uploads\/2022\/04\/saxo-400x250.jpg",400,250,true]},"author_info":{"display_name":"diario","author_link":"https:\/\/diariotiempo.com.uy\/noticias\/author\/diario\/"},"category_info":"<a href=\"https:\/\/diariotiempo.com.uy\/noticias\/category\/departamental\/pando\/\" rel=\"category tag\">Pando<\/a>","tag_info":"Pando","comment_count":"0","_links":{"self":[{"href":"https:\/\/diariotiempo.com.uy\/noticias\/wp-json\/wp\/v2\/posts\/4815","targetHints":{"allow":["GET"]}}],"collection":[{"href":"https:\/\/diariotiempo.com.uy\/noticias\/wp-json\/wp\/v2\/posts"}],"about":[{"href":"https:\/\/diariotiempo.com.uy\/noticias\/wp-json\/wp\/v2\/types\/post"}],"author":[{"embeddable":true,"href":"https:\/\/diariotiempo.com.uy\/noticias\/wp-json\/wp\/v2\/users\/1"}],"replies":[{"embeddable":true,"href":"https:\/\/diariotiempo.com.uy\/noticias\/wp-json\/wp\/v2\/comments?post=4815"}],"version-history":[{"count":1,"href":"https:\/\/diariotiempo.com.uy\/noticias\/wp-json\/wp\/v2\/posts\/4815\/revisions"}],"predecessor-version":[{"id":4821,"href":"https:\/\/diariotiempo.com.uy\/noticias\/wp-json\/wp\/v2\/posts\/4815\/revisions\/4821"}],"wp:featuredmedia":[{"embeddable":true,"href":"https:\/\/diariotiempo.com.uy\/noticias\/wp-json\/wp\/v2\/media\/4820"}],"wp:attachment":[{"href":"https:\/\/diariotiempo.com.uy\/noticias\/wp-json\/wp\/v2\/media?parent=4815"}],"wp:term":[{"taxonomy":"category","embeddable":true,"href":"https:\/\/diariotiempo.com.uy\/noticias\/wp-json\/wp\/v2\/categories?post=4815"},{"taxonomy":"post_tag","embeddable":true,"href":"https:\/\/diariotiempo.com.uy\/noticias\/wp-json\/wp\/v2\/tags?post=4815"}],"curies":[{"name":"wp","href":"https:\/\/api.w.org\/{rel}","templated":true}]}}